{"id":10019,"date":"2021-10-01T10:25:12","date_gmt":"2021-10-01T13:25:12","guid":{"rendered":"https:\/\/baloessaoroque.com.br\/en.br\/?p=7645"},"modified":"2022-01-06T15:33:37","modified_gmt":"2022-01-06T18:33:37","slug":"decoracao-dia-das-criancas-dicas-para-arrasar-com-a-garotada","status":"publish","type":"post","link":"https:\/\/baloessaoroque.com.br\/en\/decoracao-dia-das-criancas-dicas-para-arrasar-com-a-garotada\/","title":{"rendered":"Decora\u00e7\u00e3o Dia das Crian\u00e7as: dicas para arrasar com a garotada"},"content":{"rendered":"<div id=\"ez-toc-container\" class=\"ez-toc-v2_0_18 counter-hierarchy counter-decimal\">\n<div class=\"ez-toc-title-container\">\n<p class=\"ez-toc-title\">Sum&aacute;rio<\/p>\n<span class=\"ez-toc-title-toggle\"><a class=\"ez-toc-pull-right ez-toc-btn ez-toc-btn-xs ez-toc-btn-default ez-toc-toggle\" style=\"display: none;\"><i class=\"ez-toc-glyphicon ez-toc-icon-toggle\"><\/i><\/a><\/span><\/div>\n<nav><ul class=\"ez-toc-list ez-toc-list-level-1\"><li class=\"ez-toc-page-1 ez-toc-heading-level-2\"><a class=\"ez-toc-link ez-toc-heading-1\" href=\"https:\/\/baloessaoroque.com.br\/en\/decoracao-dia-das-criancas-dicas-para-arrasar-com-a-garotada\/#1_-_Escolha_o_melhor_lugar\" title=\"1 &#8211; Escolha o melhor lugar\">1 &#8211; Escolha o melhor lugar<\/a><\/li><li class=\"ez-toc-page-1 ez-toc-heading-level-2\"><a class=\"ez-toc-link ez-toc-heading-2\" href=\"https:\/\/baloessaoroque.com.br\/en\/decoracao-dia-das-criancas-dicas-para-arrasar-com-a-garotada\/#2_-_Aposte_em_um_cardapio_colorido\" title=\"2 &#8211; Aposte em um card\u00e1pio colorido\">2 &#8211; Aposte em um card\u00e1pio colorido<\/a><\/li><li class=\"ez-toc-page-1 ez-toc-heading-level-2\"><a class=\"ez-toc-link ez-toc-heading-3\" href=\"https:\/\/baloessaoroque.com.br\/en\/decoracao-dia-das-criancas-dicas-para-arrasar-com-a-garotada\/#3_-_Liste_as_brincadeiras_e_musicas\" title=\"3 \u2013 Liste as brincadeiras e m\u00fasicas\">3 \u2013 Liste as brincadeiras e m\u00fasicas<\/a><\/li><li class=\"ez-toc-page-1 ez-toc-heading-level-2\"><a class=\"ez-toc-link ez-toc-heading-4\" href=\"https:\/\/baloessaoroque.com.br\/en\/decoracao-dia-das-criancas-dicas-para-arrasar-com-a-garotada\/#4_-_Capriche_na_decoracao_de_Dia_das_Criancas\" title=\"4 \u2013 Capriche na decora\u00e7\u00e3o de Dia das Crian\u00e7as\">4 \u2013 Capriche na decora\u00e7\u00e3o de Dia das Crian\u00e7as<\/a><\/li><li class=\"ez-toc-page-1 ez-toc-heading-level-2\"><a class=\"ez-toc-link ez-toc-heading-5\" href=\"https:\/\/baloessaoroque.com.br\/en\/decoracao-dia-das-criancas-dicas-para-arrasar-com-a-garotada\/#5_-_Invista_em_uma_lembrancinha\" title=\"5 &#8211; Invista em uma lembrancinha\">5 &#8211; Invista em uma lembrancinha<\/a><\/li><li class=\"ez-toc-page-1 ez-toc-heading-level-2\"><a class=\"ez-toc-link ez-toc-heading-6\" href=\"https:\/\/baloessaoroque.com.br\/en\/decoracao-dia-das-criancas-dicas-para-arrasar-com-a-garotada\/#Faca_voce_mesmo_a_decoracao_dia_das_criancas\" title=\"Fa\u00e7a voc\u00ea mesmo a decora\u00e7\u00e3o dia das crian\u00e7as\">Fa\u00e7a voc\u00ea mesmo a decora\u00e7\u00e3o dia das crian\u00e7as<\/a><\/li><\/ul><\/nav><\/div>\n\n<p>O Dia das Crian\u00e7as \u00e9 comemorado no pr\u00f3ximo 12 de outubro e se organizar com anteced\u00eancia \u00e9 fundamental para garantir uma festa de arrancar sorrisos dos pequenos! E se estamos falando de festa, <a href=\"https:\/\/baloessaoroque.com.br\/en\/e-festa-entao-voce-vai-precisar-de-baloes\/\" target=\"_blank\" rel=\"noreferrer noopener\">voc\u00ea vai precisar de bal\u00f5es<\/a> em sua decora\u00e7\u00e3o do Dia das Crian\u00e7as, al\u00e9m de alguns outros preparativos.<\/p>\n\n\n\n<div style=\"height:40px\" aria-hidden=\"true\" class=\"wp-block-spacer\"><\/div>\n\n\n\n<p>\u00c9 praticamente imposs\u00edvel esta data passar despercebida pelas crian\u00e7as. E se voc\u00ea ainda n\u00e3o sabe por onde come\u00e7ar, preparamos algumas dicas imprescind\u00edveis para te ajudar nos preparativos deste evento. Desde o local at\u00e9 as lembrancinhas, com certeza a sua festinha ser\u00e1 inesquec\u00edvel.<\/p>\n\n\n\n<div style=\"height:40px\" aria-hidden=\"true\" class=\"wp-block-spacer\"><\/div>\n\n\n\n<p>E por mais que o seu or\u00e7amento esteja limitado, n\u00e3o se preocupe com isso, pois nossas dicas s\u00e3o adapt\u00e1veis para qualquer tipo de comemora\u00e7\u00e3o. Al\u00e9m disso, as crian\u00e7as se encantam com tudo aquilo que \u00e9 feito de cora\u00e7\u00e3o e com muito amor. Portanto, ser\u00e1 imposs\u00edvel elas n\u00e3o amarem o que voc\u00ea preparar!&nbsp;<\/p>\n\n\n\n<div style=\"height:40px\" aria-hidden=\"true\" class=\"wp-block-spacer\"><\/div>\n\n\n\n<p>Separe alguns minutinhos e boa leitura.<\/p>\n\n\n\n<h2><span class=\"ez-toc-section\" id=\"1_-_Escolha_o_melhor_lugar\"><\/span><strong>1 &#8211; Escolha o melhor lugar<\/strong><span class=\"ez-toc-section-end\"><\/span><\/h2>\n\n\n\n<p>Antes de tudo, o primeiro passo para organizar uma decora\u00e7\u00e3o de Dia das Crian\u00e7as incr\u00edvel \u00e9 determinar a quantidade de convidados. Ser\u00e3o apenas crian\u00e7as ou haver\u00e1 adultos? Vale destacar que ainda estamos vivendo em pandemia da covid-19, por isso, limite o n\u00famero de pessoas e respeite as recomenda\u00e7\u00f5es dos \u00f3rg\u00e3os oficiais.<\/p>\n\n\n\n<div class=\"wp-block-columns\">\n<div class=\"wp-block-column\">\n<figure class=\"wp-block-image size-full\"><a href=\"https:\/\/baloessaoroque.com.br\/en\/wp-content\/uploads\/2021\/10\/apto-1.jpeg\"><img src=\"https:\/\/baloessaoroque.com.br\/en\/wp-content\/uploads\/2021\/10\/apto-1-edited.jpeg\" alt=\"\" class=\"wp-image-7650\"\/><\/a><\/figure>\n<\/div>\n\n\n\n<div class=\"wp-block-column\">\n<figure class=\"wp-block-image size-full\"><a href=\"https:\/\/baloessaoroque.com.br\/en\/wp-content\/uploads\/2021\/10\/quintal-1.jpeg\"><img src=\"https:\/\/baloessaoroque.com.br\/en\/wp-content\/uploads\/2021\/10\/quintal-1.jpeg\" alt=\"decora\u00e7\u00e3o dia das crian\u00e7as\" class=\"wp-image-7651\"\/><\/a><\/figure>\n<\/div>\n<\/div>\n\n\n\n<p>Feito isso, \u00e9 hora de escolher o local. Se decidiu fazer em casa e possui um quintal grande, que tal aproveitar para fazer a festinha ao ar livre? \u00c1reas externas s\u00e3o ideais para brincadeiras de correr. Agora se voc\u00ea mora em apartamento, tente reservar o sal\u00e3o de festas do condom\u00ednio ou ent\u00e3o se o n\u00famero de crian\u00e7as for reduzido, fa\u00e7a em seu pr\u00f3prio apartamento.<\/p>\n\n\n\n<div style=\"height:40px\" aria-hidden=\"true\" class=\"wp-block-spacer\"><\/div>\n\n\n\n<h2><span class=\"ez-toc-section\" id=\"2_-_Aposte_em_um_cardapio_colorido\"><\/span><strong>2 &#8211; Aposte em um card\u00e1pio colorido<\/strong><span class=\"ez-toc-section-end\"><\/span><\/h2>\n\n\n\n<p>Assim como a decora\u00e7\u00e3o, o card\u00e1pio colorido atrai olhares das crian\u00e7as. Aposte em alimentos de todos os tipos, desde os saud\u00e1veis com frutas e legumes, at\u00e9 as guloseimas como bolos e doces.<\/p>\n\n\n\n<div style=\"height:40px\" aria-hidden=\"true\" class=\"wp-block-spacer\"><\/div>\n\n\n\n<p>Para as frutas, arrisque na personaliza\u00e7\u00e3o de carinhas e\/ou formatos diferenciados que deixam o ambiente mais alegre, al\u00e9m de chamar aten\u00e7\u00e3o. Suco, milk-shake, pipoca, salada de fruta, sandu\u00edche natural e cachorro-quente s\u00e3o apenas algumas das especiarias que toda crian\u00e7a adora.<\/p>\n\n\n\n<div class=\"wp-block-columns\">\n<div class=\"wp-block-column\" style=\"flex-basis:33.33%\">\n<figure class=\"wp-block-image size-full\"><a href=\"https:\/\/baloessaoroque.com.br\/en\/wp-content\/uploads\/2021\/10\/cardapio3.jpeg\"><img src=\"https:\/\/baloessaoroque.com.br\/en\/wp-content\/uploads\/2021\/10\/cardapio3.jpeg\" alt=\"\" class=\"wp-image-7658\"\/><\/a><\/figure>\n<\/div>\n\n\n\n<div class=\"wp-block-column\" style=\"flex-basis:66.66%\">\n<figure class=\"wp-block-image size-full is-resized\"><a href=\"https:\/\/baloessaoroque.com.br\/en\/wp-content\/uploads\/2021\/10\/cardapio2.jpeg\"><img loading=\"lazy\" src=\"https:\/\/baloessaoroque.com.br\/en\/wp-content\/uploads\/2021\/10\/cardapio2.jpeg\" alt=\"\" class=\"wp-image-7657\" width=\"475\" height=\"356\"\/><\/a><\/figure>\n<\/div>\n<\/div>\n\n\n\n<p>Na hora de disponibilizar os comes e bebes nas mesas, use e abuse da criatividade. Utilize potes transparentes para colocar balas coloridas e jujubas. Providencie toalhas, guardanapos e forminhas de papel coloridas para compor. Docinhos como brigadeiro, bicho-de-p\u00e9 e beijinho ficam \u00f3timos em copinhos. Ali\u00e1s, voc\u00ea pode personalizar os pr\u00f3prios copos para servir as bebidas.<\/p>\n\n\n\n<div style=\"height:40px\" aria-hidden=\"true\" class=\"wp-block-spacer\"><\/div>\n\n\n\n<h2><span class=\"ez-toc-section\" id=\"3_-_Liste_as_brincadeiras_e_musicas\"><\/span><strong>3 \u2013 Liste as brincadeiras e m\u00fasicas<\/strong><span class=\"ez-toc-section-end\"><\/span><\/h2>\n\n\n\n<p>Um dos fatores principais em uma festa de Dia das Crian\u00e7as, sem sombra de d\u00favidas, s\u00e3o as brincadeiras e m\u00fasicas. Afinal, os pequenos t\u00eam energia de sobra para gastar e no dia deles, n\u00e3o ser\u00e1 diferente.<\/p>\n\n\n\n<div style=\"height:40px\" aria-hidden=\"true\" class=\"wp-block-spacer\"><\/div>\n\n\n\n<p>Se voc\u00ea ainda n\u00e3o tem muita ideia do que propor a eles, recomendamos que comece desde j\u00e1 a cogitar todas as possibilidades. Se o ambiente da sua festa tem \u00e1rea externa, aposte em brincadeiras como esconde-esconde, pular corda, futebol, queimada e entre outras. Agora se o local conta apenas com \u00e1rea interna, as brincadeiras podem ir de amarelinha at\u00e9 pinturas, jogos de tabuleiro, desenhos e brinquedos eletr\u00f4nicos.<\/p>\n\n\n\n<div class=\"wp-block-columns\">\n<div class=\"wp-block-column\" style=\"flex-basis:33.33%\">\n<figure class=\"wp-block-image size-full\"><a href=\"https:\/\/baloessaoroque.com.br\/en\/wp-content\/uploads\/2021\/10\/brincadeira.jpeg\"><img src=\"https:\/\/baloessaoroque.com.br\/en\/wp-content\/uploads\/2021\/10\/brincadeira-edited.jpeg\" alt=\"\" class=\"wp-image-7663\"\/><\/a><\/figure>\n<\/div>\n\n\n\n<div class=\"wp-block-column\" style=\"flex-basis:66.66%\">\n<figure class=\"wp-block-image size-full is-resized\"><a href=\"https:\/\/baloessaoroque.com.br\/en\/wp-content\/uploads\/2021\/10\/brincadeira2.jpeg\"><img loading=\"lazy\" src=\"https:\/\/baloessaoroque.com.br\/en\/wp-content\/uploads\/2021\/10\/brincadeira2.jpeg\" alt=\"\" class=\"wp-image-7655\" width=\"361\" height=\"361\"\/><\/a><\/figure>\n<\/div>\n<\/div>\n\n\n\n<p>Sabia que crian\u00e7as s\u00e3o chefs de cozinha em potencial? Isso mesmo, elas adoram explorar na culin\u00e1ria. Desta forma, voc\u00ea pode propor uma brincadeira deliciosa como decorar o pr\u00f3prio cupcake por exemplo. Basta deixar os bolinhos prontos, providenciar confeitos coloridos e separar a mesma quantidade para cada crian\u00e7a convidada.<\/p>\n\n\n\n<figure class=\"wp-block-image size-large is-resized\"><a href=\"https:\/\/baloessaoroque.com.br\/en\/wp-content\/uploads\/2021\/10\/cardapio.jpeg\"><img loading=\"lazy\" src=\"https:\/\/baloessaoroque.com.br\/en\/wp-content\/uploads\/2021\/10\/cardapio-683x1024.jpeg\" alt=\"\" class=\"wp-image-7656\" width=\"454\" height=\"681\"\/><\/a><\/figure>\n\n\n\n<p>Que tal propor algumas brincadeiras com bal\u00f5es? Isso mesmo, al\u00e9m de uma op\u00e7\u00e3o acess\u00edvel, tamb\u00e9m desenvolvem a coordena\u00e7\u00e3o motora, no\u00e7\u00e3o de espa\u00e7o, equil\u00edbrio e entre outros benef\u00edcios. Separamos algumas f\u00e1ceis de organizar e que encantam as crian\u00e7as:<\/p>\n\n\n\n<div style=\"height:40px\" aria-hidden=\"true\" class=\"wp-block-spacer\"><\/div>\n\n\n\n<ol type=\"1\"><li>Raquete de prato descart\u00e1vel e palito de picol\u00e9 para n\u00e3o deixar o bal\u00e3o cair no ch\u00e3o;<\/li><li>N\u00e3o deixar o bal\u00e3o cair no ch\u00e3o utilizando apenas as m\u00e3os ou os p\u00e9s;<\/li><li>Encher os bal\u00f5es com gr\u00e3os diferentes para a crian\u00e7a levantar, apertar e tentar adivinhar o que tem dentro;<\/li><li>Separar bal\u00f5es por cores;<\/li><li>Queimada com bal\u00f5es cheios de \u00e1gua.<\/li><\/ol>\n\n\n\n<div class=\"wp-block-columns\">\n<div class=\"wp-block-column\" style=\"flex-basis:33.33%\">\n<figure class=\"wp-block-image size-large is-resized\"><a href=\"https:\/\/baloessaoroque.com.br\/en\/wp-content\/uploads\/2021\/10\/raquete-e-balao.jpg\"><img loading=\"lazy\" src=\"https:\/\/baloessaoroque.com.br\/en\/wp-content\/uploads\/2021\/10\/raquete-e-balao-768x1024.jpg\" alt=\"brincadeira dia das crian\u00e7as\" class=\"wp-image-7662\" width=\"264\" height=\"351\"\/><\/a><\/figure>\n<\/div>\n\n\n\n<div class=\"wp-block-column\" style=\"flex-basis:66.66%\">\n<figure class=\"wp-block-image size-full is-resized\"><a href=\"https:\/\/baloessaoroque.com.br\/en\/wp-content\/uploads\/2021\/10\/balao-sensorial.jpg\"><img loading=\"lazy\" src=\"https:\/\/baloessaoroque.com.br\/en\/wp-content\/uploads\/2021\/10\/balao-sensorial.jpg\" alt=\"\" class=\"wp-image-7653\" width=\"402\" height=\"352\"\/><\/a><\/figure>\n<\/div>\n<\/div>\n\n\n\n<p>Assim como em qualquer festa, as m\u00fasicas n\u00e3o podem faltar! Atualmente existem diversas playlists focadas no p\u00fablico infantil, dispon\u00edveis nas principais plataformas digitais, como YouTube, Spotify, Deezer etc. Pesquise e salve com anteced\u00eancia a que achar mais apropriada para a idade das crian\u00e7as.<\/p>\n\n\n\n<div style=\"height:40px\" aria-hidden=\"true\" class=\"wp-block-spacer\"><\/div>\n\n\n\n<h2><span class=\"ez-toc-section\" id=\"4_-_Capriche_na_decoracao_de_Dia_das_Criancas\"><\/span><strong>4 \u2013 Capriche na decora\u00e7\u00e3o de Dia das Crian\u00e7as<\/strong><span class=\"ez-toc-section-end\"><\/span><\/h2>\n\n\n\n<p>Uma festa sem decora\u00e7\u00e3o n\u00e3o \u00e9 uma festa de verdade. E mais: uma festa sem bal\u00f5es n\u00e3o \u00e9 uma festa de verdade. Ainda mais quando se trata de uma comemora\u00e7\u00e3o direcionada para crian\u00e7as.<\/p>\n\n\n\n<div style=\"height:40px\" aria-hidden=\"true\" class=\"wp-block-spacer\"><\/div>\n\n\n\n<p>Como estamos falando de um p\u00fablico extremamente alegre e divertido, \u00e9 ideal pensar em uma decora\u00e7\u00e3o de Dia das Crian\u00e7as com cores suaves e delicadas, como o Amarelo, Laranja, Rosa, Lil\u00e1s, Azul e Verde da <a href=\"https:\/\/baloessaoroque.com.br\/en\/categoria-produto\/candy-color\/\" target=\"_blank\" rel=\"noreferrer noopener\">Linha Candy Color.<\/a> Para deixar o ambiente ainda mais l\u00fadico, os <a href=\"https:\/\/baloessaoroque.com.br\/en\/categoria-produto\/metallic-ballom\/\" target=\"_blank\" rel=\"noreferrer noopener\">bal\u00f5es Metallic<\/a> s\u00e3o incr\u00edveis.<\/p>\n\n\n\n<figure class=\"wp-block-image size-large\"><a href=\"https:\/\/baloessaoroque.com.br\/en\/wp-content\/uploads\/2021\/10\/0695_baixa.jpeg\"><img src=\"https:\/\/baloessaoroque.com.br\/en\/wp-content\/uploads\/2021\/10\/0695_baixa-1024x682.jpeg\" alt=\"decora\u00e7\u00e3o dia das crian\u00e7as\" class=\"wp-image-7665\"\/><\/a><\/figure>\n\n\n\n<p>A vantagem de utilizar bal\u00f5es \u00e9 que existe uma infinidade de decora\u00e7\u00f5es que voc\u00ea pode fazer, como personaliza\u00e7\u00e3o com adesivos, canetas ou fitas, colados no teto, na parede e at\u00e9 soltos no ch\u00e3o. Caso voc\u00ea saiba fazer ou possa contratar uma decoradora, os pain\u00e9is desconstru\u00eddos s\u00e3o incr\u00edveis e transformam qualquer ambiente. Sem contar as in\u00fameras esculturas diferentes de animais, nuvens, arco-\u00edris, flores e entre outros.<\/p>\n\n\n\n<div class=\"wp-block-columns\">\n<div class=\"wp-block-column\" style=\"flex-basis:33.33%\">\n<figure class=\"wp-block-image size-large is-resized\"><a href=\"https:\/\/baloessaoroque.com.br\/en\/wp-content\/uploads\/2021\/10\/Foto-em-baixa_01.jpeg\"><img loading=\"lazy\" src=\"https:\/\/baloessaoroque.com.br\/en\/wp-content\/uploads\/2021\/10\/Foto-em-baixa_01-682x1024.jpeg\" alt=\"decora\u00e7\u00e3o dia das crian\u00e7as\" class=\"wp-image-7666\" width=\"241\" height=\"361\"\/><\/a><\/figure>\n<\/div>\n\n\n\n<div class=\"wp-block-column\" style=\"flex-basis:66.66%\">\n<figure class=\"wp-block-image size-large\"><a href=\"https:\/\/baloessaoroque.com.br\/en\/wp-content\/uploads\/2021\/10\/Foto-em-baixa_02.jpeg\"><img src=\"https:\/\/baloessaoroque.com.br\/en\/wp-content\/uploads\/2021\/10\/Foto-em-baixa_02-1024x682.jpeg\" alt=\"decora\u00e7\u00e3o dia das crian\u00e7as\" class=\"wp-image-7667\"\/><\/a><\/figure>\n<\/div>\n<\/div>\n\n\n\n<p>Al\u00e9m dos bal\u00f5es, os itens de papelaria como pipas e cataventos tamb\u00e9m podem complementar a decora\u00e7\u00e3o.<\/p>\n\n\n\n<div class=\"wp-block-columns\">\n<div class=\"wp-block-column\" style=\"flex-basis:66.66%\">\n<figure class=\"wp-block-image size-large\"><a href=\"https:\/\/baloessaoroque.com.br\/en\/wp-content\/uploads\/2021\/10\/Foto-em-baixa_03.jpeg\"><img src=\"https:\/\/baloessaoroque.com.br\/en\/wp-content\/uploads\/2021\/10\/Foto-em-baixa_03-1024x682.jpeg\" alt=\"decora\u00e7\u00e3o dia das crian\u00e7as\" class=\"wp-image-7668\"\/><\/a><\/figure>\n<\/div>\n\n\n\n<div class=\"wp-block-column\" style=\"flex-basis:33.33%\">\n<figure class=\"wp-block-image size-large is-resized\"><a href=\"https:\/\/baloessaoroque.com.br\/en\/wp-content\/uploads\/2021\/10\/Foto-em-baixa_04.jpeg\"><img loading=\"lazy\" src=\"https:\/\/baloessaoroque.com.br\/en\/wp-content\/uploads\/2021\/10\/Foto-em-baixa_04-682x1024.jpeg\" alt=\"\" class=\"wp-image-7669\" width=\"238\" height=\"357\"\/><\/a><\/figure>\n<\/div>\n<\/div>\n\n\n\n<p>Agora, se mesmo depois dessas dicas para decora\u00e7\u00e3o, voc\u00ea ainda se encontra perdida(o), existe um jeito que pode facilitar a sua organiza\u00e7\u00e3o. Que tal escolher um tema para a festa das crian\u00e7as? Voc\u00ea pode pedir ajuda para seu filho e seus amiguinhos, para que juntos decidam a melhor tem\u00e1tica, seja de filme, desenho ou jogos. <a href=\"https:\/\/baloessaoroque.com.br\/en\/blog-temas-de-festa-infantil\/\" target=\"_blank\" rel=\"noreferrer noopener\">Aqui voc\u00ea confere cinco ideais de temas para festa infantil<\/a> que podem te ajudar.<\/p>\n\n\n\n<figure class=\"wp-block-image size-large\"><a href=\"https:\/\/baloessaoroque.com.br\/en\/wp-content\/uploads\/2021\/10\/Foto-em-baixa_05.jpeg\"><img src=\"https:\/\/baloessaoroque.com.br\/en\/wp-content\/uploads\/2021\/10\/Foto-em-baixa_05-1024x682.jpeg\" alt=\"\" class=\"wp-image-7670\"\/><\/a><\/figure>\n\n\n\n<figure class=\"wp-block-image size-large\"><a href=\"https:\/\/baloessaoroque.com.br\/en\/wp-content\/uploads\/2021\/10\/Foto-em-baixa_06.jpeg\"><img src=\"https:\/\/baloessaoroque.com.br\/en\/wp-content\/uploads\/2021\/10\/Foto-em-baixa_06-1024x682.jpeg\" alt=\"Decora\u00e7\u00e3o dia das crian\u00e7as\" class=\"wp-image-7671\"\/><\/a><\/figure>\n\n\n\n<h2><span class=\"ez-toc-section\" id=\"5_-_Invista_em_uma_lembrancinha\"><\/span><strong>5 &#8211; Invista em uma lembrancinha<\/strong><span class=\"ez-toc-section-end\"><\/span><\/h2>\n\n\n\n<p>Presentear os pequenos convidados \u00e9 uma forma de demonstrar o quanto eles s\u00e3o especiais e importantes na vida dos adultos.<\/p>\n\n\n\n<div style=\"height:40px\" aria-hidden=\"true\" class=\"wp-block-spacer\"><\/div>\n\n\n\n<p>E n\u00e3o precisa de muito para agradar e tornar aquele momento inesquec\u00edvel para as crian\u00e7as. Voc\u00ea s\u00f3 precisa pensar em algo especial para levarem embora para a casa. E assim como qualquer decora\u00e7\u00e3o, as lembrancinhas de Dia das Crian\u00e7as v\u00e3o das mais simples \u00e0s complexas.<\/p>\n\n\n\n<div class=\"wp-block-columns\">\n<div class=\"wp-block-column\" style=\"flex-basis:33.33%\">\n<figure class=\"wp-block-image size-full is-resized\"><a href=\"https:\/\/baloessaoroque.com.br\/en\/wp-content\/uploads\/2021\/10\/lembracinha2.jpeg\"><img loading=\"lazy\" src=\"https:\/\/baloessaoroque.com.br\/en\/wp-content\/uploads\/2021\/10\/lembracinha2.jpeg\" alt=\"\" class=\"wp-image-7660\" width=\"260\" height=\"396\"\/><\/a><\/figure>\n<\/div>\n\n\n\n<div class=\"wp-block-column\" style=\"flex-basis:66.66%\">\n<figure class=\"wp-block-image size-full\"><a href=\"https:\/\/baloessaoroque.com.br\/en\/wp-content\/uploads\/2021\/10\/lembracinha.jpeg\"><img src=\"https:\/\/baloessaoroque.com.br\/en\/wp-content\/uploads\/2021\/10\/lembracinha.jpeg\" alt=\"\" class=\"wp-image-7659\"\/><\/a><\/figure>\n<\/div>\n<\/div>\n\n\n\n<p>As lembrancinhas comest\u00edveis e funcionais s\u00e3o as preferidas da garotada. Sendo assim, voc\u00ea pode unir o \u00fatil ao agrad\u00e1vel. Isto \u00e9, elaborar um presente que a crian\u00e7a possa tanto brincar, quanto comer as guloseimas, como por exemplo, uma caneca com doces dentro. Caso precise de mais ideias para se inspirar, confira <a href=\"https:\/\/baloessaoroque.com.br\/en\/3-ideias-para-lembrancinhas-de-aniversario-com-baloes-que-voce-precisa-conferir\/\" target=\"_blank\" rel=\"noreferrer noopener\">tr\u00eas ideias de lembrancinhas com bal\u00f5es<\/a> para fazer em casa.<\/p>\n\n\n\n<div style=\"height:40px\" aria-hidden=\"true\" class=\"wp-block-spacer\"><\/div>\n\n\n\n<h2><span class=\"ez-toc-section\" id=\"Faca_voce_mesmo_a_decoracao_dia_das_criancas\"><\/span><strong>Fa\u00e7a voc\u00ea mesmo<\/strong> a decora\u00e7\u00e3o dia das crian\u00e7as<span class=\"ez-toc-section-end\"><\/span><\/h2>\n\n\n\n<p>Agora que voc\u00ea sabe tudo sobre como organizar uma festa para os pequenos, bem como arrasar na decora\u00e7\u00e3o de Dia das Crian\u00e7as, chegou a hora de colocar em pr\u00e1tica!<\/p>\n\n\n\n<div style=\"height:40px\" aria-hidden=\"true\" class=\"wp-block-spacer\"><\/div>\n\n\n\n<p>Que tal dar uma passada em nosso <a href=\"https:\/\/www.youtube.com\/channel\/UCu2txLVCYP14NhJcRq57WEQ\" target=\"_blank\" rel=\"noreferrer noopener\">canal no YouTube<\/a>? L\u00e1, voc\u00ea encontra in\u00fameras dicas e aulas de como fazer incr\u00edveis decora\u00e7\u00f5es com bal\u00f5es. Tudo ensinado por decoradores renomados do mercado. Com a Bal\u00f5es S\u00e3o Roque, voc\u00ea transforma todos os seus sonhos e ideias em realidade.<\/p>\n\n\n\n<div style=\"height:40px\" aria-hidden=\"true\" class=\"wp-block-spacer\"><\/div>\n\n\n\n<p>Conhe\u00e7a nossos <a href=\"https:\/\/baloessaoroque.com.br\/en\/produtos\/\" target=\"_blank\" rel=\"noreferrer noopener\">produtos<\/a> e garanta agora mesmo os melhores bal\u00f5es do Brasil!<\/p>\n\n\n\n<div style=\"height:40px\" aria-hidden=\"true\" class=\"wp-block-spacer\"><\/div>\n\n\n\n<p>Gostou desse conte\u00fado? Ent\u00e3o compartilha com as mam\u00e3es e papais que dar\u00e3o uma festa de Dia das Crian\u00e7as t\u00e3o especial quanto a sua! E n\u00e3o esquece de nos acompanhar nas redes sociais: <a href=\"https:\/\/fb.com\/Baloes.SR\" target=\"_blank\" rel=\"noreferrer noopener\">Facebook<\/a>, <a href=\"https:\/\/instagram.com\/Baloes.SaoRoque\" target=\"_blank\" rel=\"noreferrer noopener\">Instagram<\/a> e <a href=\"https:\/\/br.pinterest.com\/baloessaoroque\/_saved\/\" target=\"_blank\" rel=\"noreferrer noopener\">Pinterest<\/a>.<\/p>\n","protected":false},"excerpt":{"rendered":"<p>Sum&aacute;rio 1 &#8211; Escolha o melhor lugar2 &#8211; Aposte em um card\u00e1pio colorido3 \u2013 Liste as brincadeiras e m\u00fasicas4 \u2013 [&hellip;]<\/p>\n","protected":false},"author":2,"featured_media":10040,"comment_status":"open","ping_status":"open","sticky":false,"template":"","format":"standard","meta":[],"categories":[22],"tags":[777,774,1890,1888,755,1889],"yoast_head":"<!-- This site is optimized with the Yoast SEO plugin v18.4.1 - https:\/\/yoast.com\/wordpress\/plugins\/seo\/ -->\n<title>Decora\u00e7\u00e3o Dia das Crian\u00e7as: dicas para arrasar com a garotada<\/title>\n<meta name=\"description\" content=\"Se planejar com anteced\u00eancia \u00e9 fundamental para fazer uma decora\u00e7\u00e3o do Dia das Crian\u00e7as de arrancar sorrisos. Neste artigo, voc\u00ea vai apr...\" \/>\n<meta name=\"robots\" content=\"index, follow, max-snippet:-1, max-image-preview:large, max-video-preview:-1\" \/>\n<link rel=\"canonical\" href=\"https:\/\/baloessaoroque.com.br\/en\/decoracao-dia-das-criancas-dicas-para-arrasar-com-a-garotada\/\" \/>\n<meta property=\"og:locale\" content=\"pt_BR\" \/>\n<meta property=\"og:type\" content=\"article\" \/>\n<meta property=\"og:title\" content=\"Decora\u00e7\u00e3o Dia das Crian\u00e7as: dicas para arrasar com a garotada\" \/>\n<meta property=\"og:description\" content=\"Se planejar com anteced\u00eancia \u00e9 fundamental para fazer uma decora\u00e7\u00e3o do Dia das Crian\u00e7as de arrancar sorrisos. Neste artigo, voc\u00ea vai apr...\" \/>\n<meta property=\"og:url\" content=\"https:\/\/baloessaoroque.com.br\/en\/decoracao-dia-das-criancas-dicas-para-arrasar-com-a-garotada\/\" \/>\n<meta property=\"og:site_name\" content=\"Bal\u00f5es S\u00e3o Roque\" \/>\n<meta property=\"article:published_time\" content=\"2021-10-01T13:25:12+00:00\" \/>\n<meta property=\"article:modified_time\" content=\"2022-01-06T18:33:37+00:00\" \/>\n<meta property=\"og:image\" content=\"https:\/\/baloessaoroque.com.br\/en\/wp-content\/uploads\/2021\/12\/decoracao-dia-das-criancas-dicas-para-arrasar-com-a-garotada.jpg\" \/>\n\t<meta property=\"og:image:width\" content=\"1140\" \/>\n\t<meta property=\"og:image:height\" content=\"500\" \/>\n\t<meta property=\"og:image:type\" content=\"image\/jpeg\" \/>\n<meta name=\"twitter:card\" content=\"summary_large_image\" \/>\n<meta name=\"twitter:label1\" content=\"Escrito por\" \/>\n\t<meta name=\"twitter:data1\" content=\"Bal\u00f5es\" \/>\n\t<meta name=\"twitter:label2\" content=\"Est. tempo de leitura\" \/>\n\t<meta name=\"twitter:data2\" content=\"11 minutos\" \/>\n<script type=\"application\/ld+json\" class=\"yoast-schema-graph\">{\"@context\":\"https:\/\/schema.org\",\"@graph\":[{\"@type\":\"WebSite\",\"@id\":\"https:\/\/baloessaoroque.com.br\/en\/#website\",\"url\":\"https:\/\/baloessaoroque.com.br\/en\/\",\"name\":\"Bal\u00f5es S\u00e3o Roque\",\"description\":\"Sua vida cheia de festa!\",\"potentialAction\":[{\"@type\":\"SearchAction\",\"target\":{\"@type\":\"EntryPoint\",\"urlTemplate\":\"https:\/\/baloessaoroque.com.br\/en\/?s={search_term_string}\"},\"query-input\":\"required name=search_term_string\"}],\"inLanguage\":\"pt-BR\"},{\"@type\":\"ImageObject\",\"@id\":\"https:\/\/baloessaoroque.com.br\/en\/decoracao-dia-das-criancas-dicas-para-arrasar-com-a-garotada\/#primaryimage\",\"inLanguage\":\"pt-BR\",\"url\":\"https:\/\/baloessaoroque.com.br\/en\/wp-content\/uploads\/2021\/12\/decoracao-dia-das-criancas-dicas-para-arrasar-com-a-garotada.jpg\",\"contentUrl\":\"https:\/\/baloessaoroque.com.br\/en\/wp-content\/uploads\/2021\/12\/decoracao-dia-das-criancas-dicas-para-arrasar-com-a-garotada.jpg\",\"width\":1140,\"height\":500},{\"@type\":\"WebPage\",\"@id\":\"https:\/\/baloessaoroque.com.br\/en\/decoracao-dia-das-criancas-dicas-para-arrasar-com-a-garotada\/#webpage\",\"url\":\"https:\/\/baloessaoroque.com.br\/en\/decoracao-dia-das-criancas-dicas-para-arrasar-com-a-garotada\/\",\"name\":\"Decora\u00e7\u00e3o Dia das Crian\u00e7as: dicas para arrasar com a garotada\",\"isPartOf\":{\"@id\":\"https:\/\/baloessaoroque.com.br\/en\/#website\"},\"primaryImageOfPage\":{\"@id\":\"https:\/\/baloessaoroque.com.br\/en\/decoracao-dia-das-criancas-dicas-para-arrasar-com-a-garotada\/#primaryimage\"},\"datePublished\":\"2021-10-01T13:25:12+00:00\",\"dateModified\":\"2022-01-06T18:33:37+00:00\",\"author\":{\"@id\":\"https:\/\/baloessaoroque.com.br\/en\/#\/schema\/person\/7ff5a7f4f517018c4b9dadee4fd7cb0c\"},\"description\":\"Se planejar com anteced\u00eancia \u00e9 fundamental para fazer uma decora\u00e7\u00e3o do Dia das Crian\u00e7as de arrancar sorrisos. Neste artigo, voc\u00ea vai apr...\",\"breadcrumb\":{\"@id\":\"https:\/\/baloessaoroque.com.br\/en\/decoracao-dia-das-criancas-dicas-para-arrasar-com-a-garotada\/#breadcrumb\"},\"inLanguage\":\"pt-BR\",\"potentialAction\":[{\"@type\":\"ReadAction\",\"target\":[\"https:\/\/baloessaoroque.com.br\/en\/decoracao-dia-das-criancas-dicas-para-arrasar-com-a-garotada\/\"]}]},{\"@type\":\"BreadcrumbList\",\"@id\":\"https:\/\/baloessaoroque.com.br\/en\/decoracao-dia-das-criancas-dicas-para-arrasar-com-a-garotada\/#breadcrumb\",\"itemListElement\":[{\"@type\":\"ListItem\",\"position\":1,\"name\":\"In\u00edcio\",\"item\":\"https:\/\/baloessaoroque.com.br\/en\/\"},{\"@type\":\"ListItem\",\"position\":2,\"name\":\"Decora\u00e7\u00e3o Dia das Crian\u00e7as: dicas para arrasar com a garotada\"}]},{\"@type\":\"Person\",\"@id\":\"https:\/\/baloessaoroque.com.br\/en\/#\/schema\/person\/7ff5a7f4f517018c4b9dadee4fd7cb0c\",\"name\":\"Bal\u00f5es\",\"image\":{\"@type\":\"ImageObject\",\"@id\":\"https:\/\/baloessaoroque.com.br\/en\/#personlogo\",\"inLanguage\":\"pt-BR\",\"url\":\"https:\/\/secure.gravatar.com\/avatar\/a66f55f500065686f90d83cab8aa6ee9?s=96&d=mm&r=g\",\"contentUrl\":\"https:\/\/secure.gravatar.com\/avatar\/a66f55f500065686f90d83cab8aa6ee9?s=96&d=mm&r=g\",\"caption\":\"Bal\u00f5es\"},\"url\":\"https:\/\/baloessaoroque.com.br\/en\/author\/dev\/\"}]}<\/script>\n<!-- \/ Yoast SEO plugin. -->","yoast_head_json":{"title":"Decora\u00e7\u00e3o Dia das Crian\u00e7as: dicas para arrasar com a garotada","description":"Se planejar com anteced\u00eancia \u00e9 fundamental para fazer uma decora\u00e7\u00e3o do Dia das Crian\u00e7as de arrancar sorrisos. Neste artigo, voc\u00ea vai apr...","robots":{"index":"index","follow":"follow","max-snippet":"max-snippet:-1","max-image-preview":"max-image-preview:large","max-video-preview":"max-video-preview:-1"},"canonical":"https:\/\/baloessaoroque.com.br\/en\/decoracao-dia-das-criancas-dicas-para-arrasar-com-a-garotada\/","og_locale":"pt_BR","og_type":"article","og_title":"Decora\u00e7\u00e3o Dia das Crian\u00e7as: dicas para arrasar com a garotada","og_description":"Se planejar com anteced\u00eancia \u00e9 fundamental para fazer uma decora\u00e7\u00e3o do Dia das Crian\u00e7as de arrancar sorrisos. Neste artigo, voc\u00ea vai apr...","og_url":"https:\/\/baloessaoroque.com.br\/en\/decoracao-dia-das-criancas-dicas-para-arrasar-com-a-garotada\/","og_site_name":"Bal\u00f5es S\u00e3o Roque","article_published_time":"2021-10-01T13:25:12+00:00","article_modified_time":"2022-01-06T18:33:37+00:00","og_image":[{"width":1140,"height":500,"url":"https:\/\/baloessaoroque.com.br\/en\/wp-content\/uploads\/2021\/12\/decoracao-dia-das-criancas-dicas-para-arrasar-com-a-garotada.jpg","type":"image\/jpeg"}],"twitter_card":"summary_large_image","twitter_misc":{"Escrito por":"Bal\u00f5es","Est. tempo de leitura":"11 minutos"},"schema":{"@context":"https:\/\/schema.org","@graph":[{"@type":"WebSite","@id":"https:\/\/baloessaoroque.com.br\/en\/#website","url":"https:\/\/baloessaoroque.com.br\/en\/","name":"Bal\u00f5es S\u00e3o Roque","description":"Sua vida cheia de festa!","potentialAction":[{"@type":"SearchAction","target":{"@type":"EntryPoint","urlTemplate":"https:\/\/baloessaoroque.com.br\/en\/?s={search_term_string}"},"query-input":"required name=search_term_string"}],"inLanguage":"pt-BR"},{"@type":"ImageObject","@id":"https:\/\/baloessaoroque.com.br\/en\/decoracao-dia-das-criancas-dicas-para-arrasar-com-a-garotada\/#primaryimage","inLanguage":"pt-BR","url":"https:\/\/baloessaoroque.com.br\/en\/wp-content\/uploads\/2021\/12\/decoracao-dia-das-criancas-dicas-para-arrasar-com-a-garotada.jpg","contentUrl":"https:\/\/baloessaoroque.com.br\/en\/wp-content\/uploads\/2021\/12\/decoracao-dia-das-criancas-dicas-para-arrasar-com-a-garotada.jpg","width":1140,"height":500},{"@type":"WebPage","@id":"https:\/\/baloessaoroque.com.br\/en\/decoracao-dia-das-criancas-dicas-para-arrasar-com-a-garotada\/#webpage","url":"https:\/\/baloessaoroque.com.br\/en\/decoracao-dia-das-criancas-dicas-para-arrasar-com-a-garotada\/","name":"Decora\u00e7\u00e3o Dia das Crian\u00e7as: dicas para arrasar com a garotada","isPartOf":{"@id":"https:\/\/baloessaoroque.com.br\/en\/#website"},"primaryImageOfPage":{"@id":"https:\/\/baloessaoroque.com.br\/en\/decoracao-dia-das-criancas-dicas-para-arrasar-com-a-garotada\/#primaryimage"},"datePublished":"2021-10-01T13:25:12+00:00","dateModified":"2022-01-06T18:33:37+00:00","author":{"@id":"https:\/\/baloessaoroque.com.br\/en\/#\/schema\/person\/7ff5a7f4f517018c4b9dadee4fd7cb0c"},"description":"Se planejar com anteced\u00eancia \u00e9 fundamental para fazer uma decora\u00e7\u00e3o do Dia das Crian\u00e7as de arrancar sorrisos. Neste artigo, voc\u00ea vai apr...","breadcrumb":{"@id":"https:\/\/baloessaoroque.com.br\/en\/decoracao-dia-das-criancas-dicas-para-arrasar-com-a-garotada\/#breadcrumb"},"inLanguage":"pt-BR","potentialAction":[{"@type":"ReadAction","target":["https:\/\/baloessaoroque.com.br\/en\/decoracao-dia-das-criancas-dicas-para-arrasar-com-a-garotada\/"]}]},{"@type":"BreadcrumbList","@id":"https:\/\/baloessaoroque.com.br\/en\/decoracao-dia-das-criancas-dicas-para-arrasar-com-a-garotada\/#breadcrumb","itemListElement":[{"@type":"ListItem","position":1,"name":"In\u00edcio","item":"https:\/\/baloessaoroque.com.br\/en\/"},{"@type":"ListItem","position":2,"name":"Decora\u00e7\u00e3o Dia das Crian\u00e7as: dicas para arrasar com a garotada"}]},{"@type":"Person","@id":"https:\/\/baloessaoroque.com.br\/en\/#\/schema\/person\/7ff5a7f4f517018c4b9dadee4fd7cb0c","name":"Bal\u00f5es","image":{"@type":"ImageObject","@id":"https:\/\/baloessaoroque.com.br\/en\/#personlogo","inLanguage":"pt-BR","url":"https:\/\/secure.gravatar.com\/avatar\/a66f55f500065686f90d83cab8aa6ee9?s=96&d=mm&r=g","contentUrl":"https:\/\/secure.gravatar.com\/avatar\/a66f55f500065686f90d83cab8aa6ee9?s=96&d=mm&r=g","caption":"Bal\u00f5es"},"url":"https:\/\/baloessaoroque.com.br\/en\/author\/dev\/"}]}},"_links":{"self":[{"href":"https:\/\/baloessaoroque.com.br\/en\/wp-json\/wp\/v2\/posts\/10019"}],"collection":[{"href":"https:\/\/baloessaoroque.com.br\/en\/wp-json\/wp\/v2\/posts"}],"about":[{"href":"https:\/\/baloessaoroque.com.br\/en\/wp-json\/wp\/v2\/types\/post"}],"author":[{"embeddable":true,"href":"https:\/\/baloessaoroque.com.br\/en\/wp-json\/wp\/v2\/users\/2"}],"replies":[{"embeddable":true,"href":"https:\/\/baloessaoroque.com.br\/en\/wp-json\/wp\/v2\/comments?post=10019"}],"version-history":[{"count":3,"href":"https:\/\/baloessaoroque.com.br\/en\/wp-json\/wp\/v2\/posts\/10019\/revisions"}],"predecessor-version":[{"id":10377,"href":"https:\/\/baloessaoroque.com.br\/en\/wp-json\/wp\/v2\/posts\/10019\/revisions\/10377"}],"wp:featuredmedia":[{"embeddable":true,"href":"https:\/\/baloessaoroque.com.br\/en\/wp-json\/wp\/v2\/media\/10040"}],"wp:attachment":[{"href":"https:\/\/baloessaoroque.com.br\/en\/wp-json\/wp\/v2\/media?parent=10019"}],"wp:term":[{"taxonomy":"category","embeddable":true,"href":"https:\/\/baloessaoroque.com.br\/en\/wp-json\/wp\/v2\/categories?post=10019"},{"taxonomy":"post_tag","embeddable":true,"href":"https:\/\/baloessaoroque.com.br\/en\/wp-json\/wp\/v2\/tags?post=10019"}],"curies":[{"name":"wp","href":"https:\/\/api.w.org\/{rel}","templated":true}]}}