{"id":10021,"date":"2021-11-05T19:27:18","date_gmt":"2021-11-05T22:27:18","guid":{"rendered":"https:\/\/baloessaoroque.com.br\/en.br\/?p=8107"},"modified":"2022-03-23T15:58:45","modified_gmt":"2022-03-23T18:58:45","slug":"blog-5-motivos-para-voce-escolher-a-baloes-sao-roque","status":"publish","type":"post","link":"https:\/\/baloessaoroque.com.br\/en\/blog-5-motivos-para-voce-escolher-a-baloes-sao-roque\/","title":{"rendered":"5 Motivos para voc\u00ea escolher a Bal\u00f5es S\u00e3o Roque"},"content":{"rendered":"<div id=\"ez-toc-container\" class=\"ez-toc-v2_0_18 counter-hierarchy counter-decimal\">\n<div class=\"ez-toc-title-container\">\n<p class=\"ez-toc-title\">Sum&aacute;rio<\/p>\n<span class=\"ez-toc-title-toggle\"><a class=\"ez-toc-pull-right ez-toc-btn ez-toc-btn-xs ez-toc-btn-default ez-toc-toggle\" style=\"display: none;\"><i class=\"ez-toc-glyphicon ez-toc-icon-toggle\"><\/i><\/a><\/span><\/div>\n<nav><ul class=\"ez-toc-list ez-toc-list-level-1\"><li class=\"ez-toc-page-1 ez-toc-heading-level-2\"><a class=\"ez-toc-link ez-toc-heading-1\" href=\"https:\/\/baloessaoroque.com.br\/en\/blog-5-motivos-para-voce-escolher-a-baloes-sao-roque\/#1_-_Empresa_brasileira_e_consolidada_no_mercado_nacional\" title=\"1 \u2013 Empresa brasileira e consolidada no mercado nacional\">1 \u2013 Empresa brasileira e consolidada no mercado nacional<\/a><\/li><li class=\"ez-toc-page-1 ez-toc-heading-level-2\"><a class=\"ez-toc-link ez-toc-heading-2\" href=\"https:\/\/baloessaoroque.com.br\/en\/blog-5-motivos-para-voce-escolher-a-baloes-sao-roque\/#2_-_A_nossa_marca_Baloes_Sao_Roque_se_preocupa_com_a_sustentabilidade\" title=\"2 \u2013 A nossa marca \u2018Bal\u00f5es S\u00e3o Roque\u2019 se preocupa com a sustentabilidade\">2 \u2013 A nossa marca \u2018Bal\u00f5es S\u00e3o Roque\u2019 se preocupa com a sustentabilidade<\/a><\/li><li class=\"ez-toc-page-1 ez-toc-heading-level-2\"><a class=\"ez-toc-link ez-toc-heading-3\" href=\"https:\/\/baloessaoroque.com.br\/en\/blog-5-motivos-para-voce-escolher-a-baloes-sao-roque\/#3_-_A_Variedade_de_linhas_e_cores_de_nossos_baloes\" title=\"3 \u2013 A Variedade de linhas (e cores) de nossos bal\u00f5es\">3 \u2013 A Variedade de linhas (e cores) de nossos bal\u00f5es<\/a><\/li><li class=\"ez-toc-page-1 ez-toc-heading-level-2\"><a class=\"ez-toc-link ez-toc-heading-4\" href=\"https:\/\/baloessaoroque.com.br\/en\/blog-5-motivos-para-voce-escolher-a-baloes-sao-roque\/#4_-_Lancamentos_recentes_Linha_Premium_Uniq_e_Metallic\" title=\"4 \u2013 Lan\u00e7amentos recentes (Linha Premium): Uniq e Metallic\">4 \u2013 Lan\u00e7amentos recentes (Linha Premium): Uniq e Metallic<\/a><\/li><li class=\"ez-toc-page-1 ez-toc-heading-level-2\"><a class=\"ez-toc-link ez-toc-heading-5\" href=\"https:\/\/baloessaoroque.com.br\/en\/blog-5-motivos-para-voce-escolher-a-baloes-sao-roque\/#5_-_Redes_Sociais_repletas_de_conteudos\" title=\"5 \u2013 Redes Sociais repletas de conte\u00fados\">5 \u2013 Redes Sociais repletas de conte\u00fados<\/a><\/li><\/ul><\/nav><\/div>\n\n<p>S\u00e3o diversos os motivos para voc\u00ea usar bal\u00f5es em suas celebra\u00e7\u00f5es, certo? Da decora\u00e7\u00e3o simples \u00e0 mais elaborada, toda festa tem que ter bal\u00f5es para al\u00e9m de deixar o ambiente mais bonito, tamb\u00e9m encantar os convidados. E que a Bal\u00f5es S\u00e3o Roque ama estar presente em festas e celebra\u00e7\u00f5es n\u00e3o \u00e9 novidade para ningu\u00e9m, pois somos apaixonados por transformar sonhos em realidade e criar momentos inesquec\u00edveis para as fam\u00edlias e entes queridos.<\/p>\n\n\n\n<p>Independente se voc\u00ea \u00e9 consumidor(a) final, decorador(a) ou lojista<a href=\"https:\/\/baloessaoroque.com.br\/en\/decoracao-com-baloes-em-lojas-otima-oportunidade-para-decoradores\/\" target=\"_blank\" rel=\"noreferrer noopener\">, trabalhar com bal\u00f5es \u00e9 uma \u00f3tima oportunidade de trabalho<\/a> no mercado. E se voc\u00ea ainda n\u00e3o conhece a nossa empresa ou est\u00e1 em d\u00favidas com rela\u00e7\u00e3o aos nossos produtos, listamos <strong><em>cinco motivos<\/em><\/strong> para voc\u00ea escolher a Bal\u00f5es S\u00e3o Roque! Separe alguns minutinhos e vem com a gente:<\/p>\n\n\n\n<h2><span class=\"ez-toc-section\" id=\"1_-_Empresa_brasileira_e_consolidada_no_mercado_nacional\"><\/span><strong>1 \u2013 Empresa brasileira e consolidada no mercado nacional<\/strong><span class=\"ez-toc-section-end\"><\/span><\/h2>\n\n\n\n<p>A hist\u00f3ria da Bal\u00f5es S\u00e3o Roque come\u00e7ou h\u00e1 mais de 68 anos (em 1953), na cidade de S\u00e3o Roque, interior de S\u00e3o Paulo. Em pouco tempo, a empresa se consolidou como uma das principais f\u00e1bricas de bal\u00f5es de l\u00e1tex do pa\u00eds, diversificando suas linhas de produtos, pois a mesma tamb\u00e9m fabrica luvas de l\u00e1tex (marca <a href=\"http:\/\/www.luvassanro.com.br\/\" target=\"_blank\" rel=\"noreferrer noopener\">Sanro<\/a>). Sendo assim, podemos afirmar que se tem algo que conhecemos e dominamos com autoridade \u00e9 como processar e tratar o l\u00e1tex de borracha natural.<\/p>\n\n\n\n<p>Diariamente, nos reinventamos e prezamos pela inova\u00e7\u00e3o dos nossos produtos, para garantir a melhor experi\u00eancia aos nossos clientes. Somos certificados pela ISO 9001 (desde 2001), que assegura o padr\u00e3o de qualidade de cada processo interno de produ\u00e7\u00e3o e controle de nossos produtos.<\/p>\n\n\n\n<div class=\"wp-block-columns\">\n<div class=\"wp-block-column\">\n<div class=\"wp-block-image\"><figure class=\"aligncenter size-full is-resized\"><a href=\"https:\/\/baloessaoroque.com.br\/en\/wp-content\/uploads\/2021\/11\/image.png\"><img loading=\"lazy\" src=\"https:\/\/baloessaoroque.com.br\/en\/wp-content\/uploads\/2021\/11\/image.png\" alt=\"F\u00e1brica Bal\u00f5es S\u00e3o Roque 1\" class=\"wp-image-8108\" width=\"406\" height=\"271\"\/><\/a><\/figure><\/div>\n<\/div>\n\n\n\n<div class=\"wp-block-column\">\n<figure class=\"wp-block-gallery aligncenter has-nested-images columns-default is-cropped\">\n<figure class=\"wp-block-image size-full\"><a href=\"https:\/\/baloessaoroque.com.br\/en\/wp-content\/uploads\/2021\/11\/image-1.png\"><img src=\"https:\/\/baloessaoroque.com.br\/en\/wp-content\/uploads\/2021\/11\/image-1.png\" alt=\"F\u00e1brica Bal\u00f5es S\u00e3o Roque 2\" class=\"wp-image-8109\"\/><\/a><\/figure>\n<\/figure>\n<\/div>\n<\/div>\n\n\n\n<p>S\u00e3o quase 7 d\u00e9cadas de trabalho e dedica\u00e7\u00e3o para que a Bal\u00f5es S\u00e3o Roque seja l\u00edder no mercado brasileiro. Trabalhamos muito para ter uma forte distribui\u00e7\u00e3o para que voc\u00ea encontre nossos produtos pertinho da sua casa (em lojas de artigos para festas, armarinhos ou atacados de festas)&#8230; s\u00f3 de atendimento \u201cdireto\u201d, estamos presentes em mais de 6 mil pontos de venda espalhados por todo o Brasil; ainda contamos com v\u00e1rios distribuidores e atacadistas para que a Bal\u00f5es S\u00e3o Roque atenda milhares de pontos de venda e chegue no domic\u00edlio de todos os brasileiros. Nos canais digitais, nossos produtos est\u00e3o dispon\u00edveis nas principais plataformas de Marketplace como o <a href=\"https:\/\/www.submarino.com.br\/busca\/baloes-sao-roque?chave_search=acterm\" target=\"_blank\" rel=\"noreferrer noopener\">Submarino<\/a>, <a href=\"https:\/\/www.shoptime.com.br\/busca\/baloes-sao-roque?rc=bal%C3%B5es+s%C3%A3o+roque\" target=\"_blank\" rel=\"noreferrer noopener\">Shoptime<\/a> e <a href=\"https:\/\/www.americanas.com.br\/busca\/baloes-sao-roque\" target=\"_blank\" rel=\"noreferrer noopener\">Americanas<\/a>.<\/p>\n\n\n\n<p>E quando falamos de \u201cbal\u00f5es de l\u00e1tex\u201d, somos a principal marca que vem \u00e0 cabe\u00e7a dos brasileiros: comprovamos isso em recente pesquisa realizada nas principais capitais do pa\u00eds, com 33% de men\u00e7\u00f5es espont\u00e2neas para a nossa marca, ou seja, somos \u201cTop of Mind\u201d em bal\u00f5es de l\u00e1tex, incr\u00edvel!<\/p>\n\n\n\n<h2><span class=\"ez-toc-section\" id=\"2_-_A_nossa_marca_Baloes_Sao_Roque_se_preocupa_com_a_sustentabilidade\"><\/span><strong>2 \u2013 A nossa marca \u2018Bal\u00f5es S\u00e3o Roque\u2019 se preocupa com a sustentabilidade<\/strong><span class=\"ez-toc-section-end\"><\/span><\/h2>\n\n\n\n<p>Cada dia que passa, entendemos mais sobre a import\u00e2ncia de prezar por a\u00e7\u00f5es sustent\u00e1veis para o planeta. Nossas atitudes de hoje interferem diretamente em nosso futuro e se queremos continuar tornando inesquec\u00edveis os momentos especiais e cheios de alegria, precisamos agir agora.<\/p>\n\n\n\n<p>O primeiro passo em busca de um futuro mais sustent\u00e1vel est\u00e1 na mat\u00e9ria-prima utilizada em nossos produtos. Utilizamos o l\u00e1tex de borracha natural \u2013 extra\u00eddo da seringueira \u2013 que \u00e9 100% biodegrad\u00e1vel. Demais, n\u00e3o?!<\/p>\n\n\n\n<p>Al\u00e9m do mais, desde 2020, aderimos \u00e0 Pol\u00edtica Nacional de Res\u00edduos S\u00f3lidos e assinamos um acordo com a empresa <a href=\"https:\/\/www.eureciclo.com.br\/\" target=\"_blank\" rel=\"noreferrer noopener\">Selo Eureciclo<\/a>, respons\u00e1vel por fazer a log\u00edstica reversa de parte das nossas embalagens de papel\u00e3o e pl\u00e1stico, garantindo a compensa\u00e7\u00e3o ambiental de 22% dessas embalagens utilizadas no processo industrial (expedi\u00e7\u00e3o). Outro fator importante nessa parceria \u00e9 que estamos investindo no desenvolvimento da reciclagem em nosso pa\u00eds, ou seja, ao contribuir com a formaliza\u00e7\u00e3o e valoriza\u00e7\u00e3o do setor, conseguimos aumentar o \u00edndice de reciclagem e toda sua cadeia de recicladores.&nbsp;<\/p>\n\n\n\n<div class=\"wp-block-image\"><figure class=\"aligncenter size-full\"><a href=\"https:\/\/baloessaoroque.com.br\/en\/wp-content\/uploads\/2021\/11\/image-2.png\"><img src=\"https:\/\/baloessaoroque.com.br\/en\/wp-content\/uploads\/2021\/11\/image-2.png\" alt=\"Selo Eu reciclo\" class=\"wp-image-8110\"\/><\/a><\/figure><\/div>\n\n\n\n<p>Acreditamos que ser uma empresa engajada na diminui\u00e7\u00e3o dos impactos ambientais far\u00e1 toda a diferen\u00e7a no futuro. Por isso, n\u00f3s podemos e te convidamos a mudar o mundo junto conosco!<\/p>\n\n\n\n<h2><span class=\"ez-toc-section\" id=\"3_-_A_Variedade_de_linhas_e_cores_de_nossos_baloes\"><\/span><strong>3 \u2013 A Variedade de linhas (e cores) de nossos bal\u00f5es<\/strong><span class=\"ez-toc-section-end\"><\/span><\/h2>\n\n\n\n<p>Mais do que apenas uma f\u00e1brica de bal\u00f5es, queremos proporcionar aos nossos clientes e consumidores \u201co melhor\u201d do mercado de bal\u00f5es, pois sabemos que se manter atualizado com as <a href=\"https:\/\/baloessaoroque.com.br\/en\/blog-tendencias-baloes-personalizados\/\" target=\"_blank\" rel=\"noreferrer noopener\">tend\u00eancias<\/a> \u00e9 fundamental para criar momentos \u00fanicos.<\/p>\n\n\n\n<p>Por esse motivo, atualmente contamos com mais de <a href=\"https:\/\/baloessaoroque.com.br\/en\/produtos\/\" target=\"_blank\" rel=\"noreferrer noopener\">700 produtos<\/a> em nosso portf\u00f3lio, divididos em 11 Linhas de Produtos, em 12 diferentes op\u00e7\u00f5es de tamanhos, totalizando + 130 cores para decorar a sua festa ou dispor em sua loja. Dos bal\u00f5es <a href=\"https:\/\/baloessaoroque.com.br\/en\/categoria-produto\/liso\/\" target=\"_blank\" rel=\"noreferrer noopener\">Lisos<\/a> de cores s\u00f3lidas, aos bal\u00f5es <a href=\"https:\/\/baloessaoroque.com.br\/en\/categoria-produto\/decorados\/\" target=\"_blank\" rel=\"noreferrer noopener\">decorados<\/a> &#8211; com mais de 200 estampas &#8211; &nbsp;e <a href=\"https:\/\/baloessaoroque.com.br\/en\/categoria-produto\/formatos-especiais\/\" target=\"_blank\" rel=\"noreferrer noopener\">formatos especiais<\/a> como os bal\u00f5es N\u00e3o-Redondos (<a href=\"https:\/\/baloessaoroque.com.br\/en\/produtos\/?_sf_s=canudo\" target=\"_blank\" rel=\"noreferrer noopener\">Canudos<\/a> ou <a href=\"https:\/\/baloessaoroque.com.br\/en\/produtos\/?_sf_s=cora%C3%A7ao\" target=\"_blank\" rel=\"noreferrer noopener\">cora\u00e7\u00e3o<\/a>), temos uma extensa variedade de op\u00e7\u00f5es de bal\u00f5es que atendem p\u00fablicos de qualquer idade e diferentes estilos, mais ou menos exigentes.<\/p>\n\n\n\n<div class=\"wp-block-columns\">\n<div class=\"wp-block-column\">\n<div class=\"wp-block-image\"><figure class=\"aligncenter size-full is-resized\"><a href=\"https:\/\/baloessaoroque.com.br\/en\/wp-content\/uploads\/2021\/11\/image-9.png\"><img loading=\"lazy\" src=\"https:\/\/baloessaoroque.com.br\/en\/wp-content\/uploads\/2021\/11\/image-9.png\" alt=\"Produ\u00e7\u00e3o Bal\u00f5es S\u00e3o Roque 1\" class=\"wp-image-8117\" width=\"344\" height=\"229\"\/><\/a><\/figure><\/div>\n<\/div>\n\n\n\n<div class=\"wp-block-column\">\n<div class=\"wp-block-image\"><figure class=\"aligncenter size-full is-resized\"><a href=\"https:\/\/baloessaoroque.com.br\/en\/wp-content\/uploads\/2021\/11\/image-4.png\"><img loading=\"lazy\" src=\"https:\/\/baloessaoroque.com.br\/en\/wp-content\/uploads\/2021\/11\/image-4.png\" alt=\"Produ\u00e7\u00e3o Bal\u00f5es S\u00e3o Roque 2\" class=\"wp-image-8112\" width=\"350\" height=\"233\"\/><\/a><\/figure><\/div>\n<\/div>\n<\/div>\n\n\n\n<p>Portanto, se voc\u00ea quer agregar valor ou <a href=\"https:\/\/baloessaoroque.com.br\/en\/blog-como-fazer-decoracoes-com-baloes\/\" target=\"_blank\" rel=\"noreferrer noopener\">aprender como fazer decora\u00e7\u00f5es com bal\u00f5es<\/a>, conte com a Bal\u00f5es S\u00e3o Roque. S\u00e3o diferentes tamanhos, desenhos, formatos, cores e uma durabilidade &amp; resist\u00eancia ap\u00f3s inflados que vai te surpreender! Al\u00e9m disso, outro destaque importante \u00e9 que 100% desses produtos constam em nosso estoque (centro de distribui\u00e7\u00e3o) e <a href=\"https:\/\/baloessaoroque.com.br\/en\/produtos\/\" target=\"_blank\" rel=\"noreferrer noopener\">site<\/a>, todos dispon\u00edveis para vendas, pois s\u00e3o produzidos em nossa f\u00e1brica, em S\u00e3o Roque &#8211; SP.<\/p>\n\n\n\n<h2><span class=\"ez-toc-section\" id=\"4_-_Lancamentos_recentes_Linha_Premium_Uniq_e_Metallic\"><\/span><strong>4 \u2013 Lan\u00e7amentos recentes (Linha Premium): Uniq e Metallic<\/strong><span class=\"ez-toc-section-end\"><\/span><\/h2>\n\n\n\n<p>Ap\u00f3s o sucesso da <a href=\"https:\/\/baloessaoroque.com.br\/en\/categoria-produto\/metallic-balloons\/\" target=\"_blank\" rel=\"noreferrer noopener\">Linha Metallic<\/a>, que atua no mesmo segmento \u2018Premium\u2019 ou de bal\u00f5es profissionais, recentemente lan\u00e7amos os Bal\u00f5es S\u00e3o Roque \u2013 Linha Uniq, nos tamanhos 11 e 16 Polegadas.<\/p>\n\n\n\n<p>A Linha \u2018Uniq\u2019 foi pensada \u201ccom carinho\u201d e desenvolvida com caracter\u00edsticas \u00fanicas, \u201cquase sob encomenda\u201d para atender os mais exigentes consumidores e entendedores de bal\u00f5es, principalmente os decoradores de festa (e consumidores exigentes). Isto \u00e9, s\u00e3o bal\u00f5es de n\u00edvel profissional, mas que qualquer pessoa apaixonada por bal\u00f5es pode utilizar, principalmente para construir os \u201c<a href=\"https:\/\/baloessaoroque.com.br\/en\/blog-decoracao-com-balao-arco-desconstruido\/\" target=\"_blank\" rel=\"noreferrer noopener\">Arcos Descontru\u00eddos<\/a>\u201d.<\/p>\n\n\n\n<p>A linha <a href=\"https:\/\/baloessaoroque.com.br\/en\/categoria-produto\/uniq\/\" target=\"_blank\" rel=\"noreferrer noopener\">Premium Uniq <\/a>possui cores s\u00f3lidas (com refor\u00e7o na pigmenta\u00e7\u00e3o), um brilho sem igual, um formato redondo e uma \u00f3tima resist\u00eancia depois de inflado, principalmente se inflados com g\u00e1s H\u00e9lio. Os bal\u00f5es 11 Polegadas da Linha Uniq chegam a ficar at\u00e9 14 horas flutuando com g\u00e1s h\u00e9lio, enquanto os de 16 Polegadas por pelo menos 24 horas!<\/p>\n\n\n\n<p>S\u00e3o 23 cores dispon\u00edveis e dois tamanhos pensados exclusivamente para agregar valor em suas montagens!<\/p>\n\n\n\n<h2><span class=\"ez-toc-section\" id=\"5_-_Redes_Sociais_repletas_de_conteudos\"><\/span><strong>5 \u2013 Redes Sociais repletas de conte\u00fados<\/strong><span class=\"ez-toc-section-end\"><\/span><\/h2>\n\n\n\n<p>Agora voc\u00ea j\u00e1 deve ter percebido que temos como miss\u00e3o criar momentos de felicidade e realizar sonhos, certo? Por esse motivo, al\u00e9m de buscar aprimorar nossos produtos, tamb\u00e9m queremos estar cada vez mais pr\u00f3ximos de voc\u00ea. Diariamente, nossas redes sociais s\u00e3o atualizadas com conte\u00fados para inspirar, ensinar e conhecer.<\/p>\n\n\n\n<p>Em nosso <a href=\"https:\/\/fb.com\/Baloes.SR\" target=\"_blank\" rel=\"noreferrer noopener\">Facebook<\/a> e <a href=\"https:\/\/instagram.com\/Baloes.SaoRoque\" target=\"_blank\" rel=\"noreferrer noopener\">Instagram<\/a>, voc\u00ea pode conferir tudo que acontece no dia a dia da Bal\u00f5es S\u00e3o Roque, inclusive atualiza\u00e7\u00f5es de conte\u00fados do nosso <a href=\"https:\/\/baloessaoroque.com.br\/en\/blog\/\" target=\"_blank\" rel=\"noreferrer noopener\">blog<\/a>. Mas al\u00e9m do mais, tamb\u00e9m compartilhamos decora\u00e7\u00f5es feitas com nossos bal\u00f5es, dicas para fazer esculturas, lan\u00e7amentos, produtos e por fim, as famosas \u2018Lives\u2019 com decoradores renomados, de todo o Brasil. Toda segunda-feira, em nosso Instagram, voc\u00ea tem a chance de assistir uma aula de decora\u00e7\u00e3o com bal\u00f5es completa e gratuita!<\/p>\n\n\n\n<div class=\"wp-block-image\"><figure class=\"aligncenter size-full\"><a href=\"https:\/\/baloessaoroque.com.br\/en\/wp-content\/uploads\/2021\/11\/image-5.png\"><img src=\"https:\/\/baloessaoroque.com.br\/en\/wp-content\/uploads\/2021\/11\/image-5.png\" alt=\"Facebook BAl\u00f5es\" class=\"wp-image-8113\"\/><\/a><\/figure><\/div>\n\n\n\n<div class=\"wp-block-image\"><figure class=\"aligncenter size-full\"><a href=\"https:\/\/baloessaoroque.com.br\/en\/wp-content\/uploads\/2021\/11\/image-6.png\"><img src=\"https:\/\/baloessaoroque.com.br\/en\/wp-content\/uploads\/2021\/11\/image-6.png\" alt=\"Instagram Bal\u00f5es\" class=\"wp-image-8114\"\/><\/a><\/figure><\/div>\n\n\n\n<p>Em nosso <a href=\"https:\/\/br.pinterest.com\/baloessaoroque\/_saved\/\" target=\"_blank\" rel=\"noreferrer noopener\">Pinterest<\/a>, semanalmente, compartilhamos inspira\u00e7\u00f5es de decora\u00e7\u00f5es feitas com Bal\u00f5es S\u00e3o Roque. Portanto, se voc\u00ea adora salvar inspira\u00e7\u00f5es, siga-nos no nosso perfil para n\u00e3o perder nada, pois essas imagens ficam apenas l\u00e1!<\/p>\n\n\n\n<div class=\"wp-block-image\"><figure class=\"aligncenter size-full\"><a href=\"https:\/\/baloessaoroque.com.br\/en\/wp-content\/uploads\/2021\/11\/image-7.png\"><img src=\"https:\/\/baloessaoroque.com.br\/en\/wp-content\/uploads\/2021\/11\/image-7.png\" alt=\"Pinterest Bal\u00f5es\" class=\"wp-image-8115\"\/><\/a><\/figure><\/div>\n\n\n\n<p>J\u00e1 em nosso canal do <a href=\"https:\/\/www.youtube.com\/channel\/UCu2txLVCYP14NhJcRq57WEQ\" target=\"_blank\" rel=\"noreferrer noopener\">YouTube<\/a>, temos como principal objetivo promover dicas e aulas de decora\u00e7\u00f5es, com v\u00eddeos din\u00e2micos e at\u00e9 transmiss\u00f5es ao vivo com decoradores parceiros. Se voc\u00ea quer aprender ou aprimorar t\u00e9cnicas de decora\u00e7\u00f5es com bal\u00f5es, inscreva-se e acompanhe nosso canal.<\/p>\n\n\n\n<div class=\"wp-block-image\"><figure class=\"aligncenter size-full is-resized\"><a href=\"https:\/\/baloessaoroque.com.br\/en\/wp-content\/uploads\/2021\/11\/image-8.png\"><img loading=\"lazy\" src=\"https:\/\/baloessaoroque.com.br\/en\/wp-content\/uploads\/2021\/11\/image-8.png\" alt=\"youtube bal\u00f5es\" class=\"wp-image-8116\" width=\"551\" height=\"361\"\/><\/a><\/figure><\/div>\n\n\n\n<p>Dessa forma, fica f\u00e1cil entender por que a Bal\u00f5es S\u00e3o Roque \u00e9 a marca preferida dos brasileiros, n\u00e3o \u00e9 mesmo?<\/p>\n\n\n\n<p>E como sabemos que voc\u00ea, assim como n\u00f3s, \u00e9 apaixonado(a) por bal\u00f5es, baixe nosso e-book gratuito com 12 dicas para arrasar em suas decora\u00e7\u00f5es. Clique <a href=\"https:\/\/lp.baloessaoroque.com.br\/ebook-12-dicas-para-decoracoes-de-baloes\" target=\"_blank\" rel=\"noreferrer noopener\">aqui<\/a> para fazer o download.<\/p>\n","protected":false},"excerpt":{"rendered":"<p>Sum&aacute;rio 1 \u2013 Empresa brasileira e consolidada no mercado nacional2 \u2013 A nossa marca \u2018Bal\u00f5es S\u00e3o Roque\u2019 se preocupa com [&hellip;]<\/p>\n","protected":false},"author":1,"featured_media":10036,"comment_status":"open","ping_status":"open","sticky":false,"template":"","format":"standard","meta":[],"categories":[25],"tags":[1892,1893,1894],"yoast_head":"<!-- This site is optimized with the Yoast SEO plugin v18.4.1 - https:\/\/yoast.com\/wordpress\/plugins\/seo\/ -->\n<title>5 Motivos para voc\u00ea escolher a Bal\u00f5es S\u00e3o Roque<\/title>\n<meta name=\"description\" content=\"Se voc\u00ea ainda n\u00e3o conhece a n ou est\u00e1 em d\u00favidas com rela\u00e7\u00e3o aos nossos produtos, listamos 5 motivos para voc\u00ea escolher a Bal\u00f5es S\u00e3o Roque!\" \/>\n<meta name=\"robots\" content=\"index, follow, max-snippet:-1, max-image-preview:large, max-video-preview:-1\" \/>\n<link rel=\"canonical\" href=\"https:\/\/baloessaoroque.com.br\/en\/blog-5-motivos-para-voce-escolher-a-baloes-sao-roque\/\" \/>\n<meta property=\"og:locale\" content=\"pt_BR\" \/>\n<meta property=\"og:type\" content=\"article\" \/>\n<meta property=\"og:title\" content=\"5 Motivos para voc\u00ea escolher a Bal\u00f5es S\u00e3o Roque\" \/>\n<meta property=\"og:description\" content=\"Se voc\u00ea ainda n\u00e3o conhece a n ou est\u00e1 em d\u00favidas com rela\u00e7\u00e3o aos nossos produtos, listamos 5 motivos para voc\u00ea escolher a Bal\u00f5es S\u00e3o Roque!\" \/>\n<meta property=\"og:url\" content=\"https:\/\/baloessaoroque.com.br\/en\/blog-5-motivos-para-voce-escolher-a-baloes-sao-roque\/\" \/>\n<meta property=\"og:site_name\" content=\"Bal\u00f5es S\u00e3o Roque\" \/>\n<meta property=\"article:published_time\" content=\"2021-11-05T22:27:18+00:00\" \/>\n<meta property=\"article:modified_time\" content=\"2022-03-23T18:58:45+00:00\" \/>\n<meta property=\"og:image\" content=\"https:\/\/baloessaoroque.com.br\/en\/wp-content\/uploads\/2021\/12\/5-motivos-para-voce-escolher-a-baloes-sao-roque.jpg\" \/>\n\t<meta property=\"og:image:width\" content=\"1140\" \/>\n\t<meta property=\"og:image:height\" content=\"500\" \/>\n\t<meta property=\"og:image:type\" content=\"image\/jpeg\" \/>\n<meta name=\"twitter:card\" content=\"summary_large_image\" \/>\n<meta name=\"twitter:label1\" content=\"Escrito por\" \/>\n\t<meta name=\"twitter:data1\" content=\"kite\" \/>\n\t<meta name=\"twitter:label2\" content=\"Est. tempo de leitura\" \/>\n\t<meta name=\"twitter:data2\" content=\"9 minutos\" \/>\n<script type=\"application\/ld+json\" class=\"yoast-schema-graph\">{\"@context\":\"https:\/\/schema.org\",\"@graph\":[{\"@type\":\"WebSite\",\"@id\":\"https:\/\/baloessaoroque.com.br\/en\/#website\",\"url\":\"https:\/\/baloessaoroque.com.br\/en\/\",\"name\":\"Bal\u00f5es S\u00e3o Roque\",\"description\":\"Sua vida cheia de festa!\",\"potentialAction\":[{\"@type\":\"SearchAction\",\"target\":{\"@type\":\"EntryPoint\",\"urlTemplate\":\"https:\/\/baloessaoroque.com.br\/en\/?s={search_term_string}\"},\"query-input\":\"required name=search_term_string\"}],\"inLanguage\":\"pt-BR\"},{\"@type\":\"ImageObject\",\"@id\":\"https:\/\/baloessaoroque.com.br\/en\/blog-5-motivos-para-voce-escolher-a-baloes-sao-roque\/#primaryimage\",\"inLanguage\":\"pt-BR\",\"url\":\"https:\/\/baloessaoroque.com.br\/en\/wp-content\/uploads\/2021\/12\/5-motivos-para-voce-escolher-a-baloes-sao-roque.jpg\",\"contentUrl\":\"https:\/\/baloessaoroque.com.br\/en\/wp-content\/uploads\/2021\/12\/5-motivos-para-voce-escolher-a-baloes-sao-roque.jpg\",\"width\":1140,\"height\":500},{\"@type\":\"WebPage\",\"@id\":\"https:\/\/baloessaoroque.com.br\/en\/blog-5-motivos-para-voce-escolher-a-baloes-sao-roque\/#webpage\",\"url\":\"https:\/\/baloessaoroque.com.br\/en\/blog-5-motivos-para-voce-escolher-a-baloes-sao-roque\/\",\"name\":\"5 Motivos para voc\u00ea escolher a Bal\u00f5es S\u00e3o Roque\",\"isPartOf\":{\"@id\":\"https:\/\/baloessaoroque.com.br\/en\/#website\"},\"primaryImageOfPage\":{\"@id\":\"https:\/\/baloessaoroque.com.br\/en\/blog-5-motivos-para-voce-escolher-a-baloes-sao-roque\/#primaryimage\"},\"datePublished\":\"2021-11-05T22:27:18+00:00\",\"dateModified\":\"2022-03-23T18:58:45+00:00\",\"author\":{\"@id\":\"https:\/\/baloessaoroque.com.br\/en\/#\/schema\/person\/edf0c3d7f7d83c04c03736a851ef3c87\"},\"description\":\"Se voc\u00ea ainda n\u00e3o conhece a n ou est\u00e1 em d\u00favidas com rela\u00e7\u00e3o aos nossos produtos, listamos 5 motivos para voc\u00ea escolher a Bal\u00f5es S\u00e3o Roque!\",\"breadcrumb\":{\"@id\":\"https:\/\/baloessaoroque.com.br\/en\/blog-5-motivos-para-voce-escolher-a-baloes-sao-roque\/#breadcrumb\"},\"inLanguage\":\"pt-BR\",\"potentialAction\":[{\"@type\":\"ReadAction\",\"target\":[\"https:\/\/baloessaoroque.com.br\/en\/blog-5-motivos-para-voce-escolher-a-baloes-sao-roque\/\"]}]},{\"@type\":\"BreadcrumbList\",\"@id\":\"https:\/\/baloessaoroque.com.br\/en\/blog-5-motivos-para-voce-escolher-a-baloes-sao-roque\/#breadcrumb\",\"itemListElement\":[{\"@type\":\"ListItem\",\"position\":1,\"name\":\"In\u00edcio\",\"item\":\"https:\/\/baloessaoroque.com.br\/en\/\"},{\"@type\":\"ListItem\",\"position\":2,\"name\":\"5 Motivos para voc\u00ea escolher a Bal\u00f5es S\u00e3o Roque\"}]},{\"@type\":\"Person\",\"@id\":\"https:\/\/baloessaoroque.com.br\/en\/#\/schema\/person\/edf0c3d7f7d83c04c03736a851ef3c87\",\"name\":\"kite\",\"image\":{\"@type\":\"ImageObject\",\"@id\":\"https:\/\/baloessaoroque.com.br\/en\/#personlogo\",\"inLanguage\":\"pt-BR\",\"url\":\"https:\/\/secure.gravatar.com\/avatar\/bd19e5c9ad72206ec767e851cc016426?s=96&d=mm&r=g\",\"contentUrl\":\"https:\/\/secure.gravatar.com\/avatar\/bd19e5c9ad72206ec767e851cc016426?s=96&d=mm&r=g\",\"caption\":\"kite\"},\"sameAs\":[\"https:\/\/baloessaoroque.com.br\/en\"],\"url\":\"https:\/\/baloessaoroque.com.br\/en\/author\/kite\/\"}]}<\/script>\n<!-- \/ Yoast SEO plugin. -->","yoast_head_json":{"title":"5 Motivos para voc\u00ea escolher a Bal\u00f5es S\u00e3o Roque","description":"Se voc\u00ea ainda n\u00e3o conhece a n ou est\u00e1 em d\u00favidas com rela\u00e7\u00e3o aos nossos produtos, listamos 5 motivos para voc\u00ea escolher a Bal\u00f5es S\u00e3o Roque!","robots":{"index":"index","follow":"follow","max-snippet":"max-snippet:-1","max-image-preview":"max-image-preview:large","max-video-preview":"max-video-preview:-1"},"canonical":"https:\/\/baloessaoroque.com.br\/en\/blog-5-motivos-para-voce-escolher-a-baloes-sao-roque\/","og_locale":"pt_BR","og_type":"article","og_title":"5 Motivos para voc\u00ea escolher a Bal\u00f5es S\u00e3o Roque","og_description":"Se voc\u00ea ainda n\u00e3o conhece a n ou est\u00e1 em d\u00favidas com rela\u00e7\u00e3o aos nossos produtos, listamos 5 motivos para voc\u00ea escolher a Bal\u00f5es S\u00e3o Roque!","og_url":"https:\/\/baloessaoroque.com.br\/en\/blog-5-motivos-para-voce-escolher-a-baloes-sao-roque\/","og_site_name":"Bal\u00f5es S\u00e3o Roque","article_published_time":"2021-11-05T22:27:18+00:00","article_modified_time":"2022-03-23T18:58:45+00:00","og_image":[{"width":1140,"height":500,"url":"https:\/\/baloessaoroque.com.br\/en\/wp-content\/uploads\/2021\/12\/5-motivos-para-voce-escolher-a-baloes-sao-roque.jpg","type":"image\/jpeg"}],"twitter_card":"summary_large_image","twitter_misc":{"Escrito por":"kite","Est. tempo de leitura":"9 minutos"},"schema":{"@context":"https:\/\/schema.org","@graph":[{"@type":"WebSite","@id":"https:\/\/baloessaoroque.com.br\/en\/#website","url":"https:\/\/baloessaoroque.com.br\/en\/","name":"Bal\u00f5es S\u00e3o Roque","description":"Sua vida cheia de festa!","potentialAction":[{"@type":"SearchAction","target":{"@type":"EntryPoint","urlTemplate":"https:\/\/baloessaoroque.com.br\/en\/?s={search_term_string}"},"query-input":"required name=search_term_string"}],"inLanguage":"pt-BR"},{"@type":"ImageObject","@id":"https:\/\/baloessaoroque.com.br\/en\/blog-5-motivos-para-voce-escolher-a-baloes-sao-roque\/#primaryimage","inLanguage":"pt-BR","url":"https:\/\/baloessaoroque.com.br\/en\/wp-content\/uploads\/2021\/12\/5-motivos-para-voce-escolher-a-baloes-sao-roque.jpg","contentUrl":"https:\/\/baloessaoroque.com.br\/en\/wp-content\/uploads\/2021\/12\/5-motivos-para-voce-escolher-a-baloes-sao-roque.jpg","width":1140,"height":500},{"@type":"WebPage","@id":"https:\/\/baloessaoroque.com.br\/en\/blog-5-motivos-para-voce-escolher-a-baloes-sao-roque\/#webpage","url":"https:\/\/baloessaoroque.com.br\/en\/blog-5-motivos-para-voce-escolher-a-baloes-sao-roque\/","name":"5 Motivos para voc\u00ea escolher a Bal\u00f5es S\u00e3o Roque","isPartOf":{"@id":"https:\/\/baloessaoroque.com.br\/en\/#website"},"primaryImageOfPage":{"@id":"https:\/\/baloessaoroque.com.br\/en\/blog-5-motivos-para-voce-escolher-a-baloes-sao-roque\/#primaryimage"},"datePublished":"2021-11-05T22:27:18+00:00","dateModified":"2022-03-23T18:58:45+00:00","author":{"@id":"https:\/\/baloessaoroque.com.br\/en\/#\/schema\/person\/edf0c3d7f7d83c04c03736a851ef3c87"},"description":"Se voc\u00ea ainda n\u00e3o conhece a n ou est\u00e1 em d\u00favidas com rela\u00e7\u00e3o aos nossos produtos, listamos 5 motivos para voc\u00ea escolher a Bal\u00f5es S\u00e3o Roque!","breadcrumb":{"@id":"https:\/\/baloessaoroque.com.br\/en\/blog-5-motivos-para-voce-escolher-a-baloes-sao-roque\/#breadcrumb"},"inLanguage":"pt-BR","potentialAction":[{"@type":"ReadAction","target":["https:\/\/baloessaoroque.com.br\/en\/blog-5-motivos-para-voce-escolher-a-baloes-sao-roque\/"]}]},{"@type":"BreadcrumbList","@id":"https:\/\/baloessaoroque.com.br\/en\/blog-5-motivos-para-voce-escolher-a-baloes-sao-roque\/#breadcrumb","itemListElement":[{"@type":"ListItem","position":1,"name":"In\u00edcio","item":"https:\/\/baloessaoroque.com.br\/en\/"},{"@type":"ListItem","position":2,"name":"5 Motivos para voc\u00ea escolher a Bal\u00f5es S\u00e3o Roque"}]},{"@type":"Person","@id":"https:\/\/baloessaoroque.com.br\/en\/#\/schema\/person\/edf0c3d7f7d83c04c03736a851ef3c87","name":"kite","image":{"@type":"ImageObject","@id":"https:\/\/baloessaoroque.com.br\/en\/#personlogo","inLanguage":"pt-BR","url":"https:\/\/secure.gravatar.com\/avatar\/bd19e5c9ad72206ec767e851cc016426?s=96&d=mm&r=g","contentUrl":"https:\/\/secure.gravatar.com\/avatar\/bd19e5c9ad72206ec767e851cc016426?s=96&d=mm&r=g","caption":"kite"},"sameAs":["https:\/\/baloessaoroque.com.br\/en"],"url":"https:\/\/baloessaoroque.com.br\/en\/author\/kite\/"}]}},"_links":{"self":[{"href":"https:\/\/baloessaoroque.com.br\/en\/wp-json\/wp\/v2\/posts\/10021"}],"collection":[{"href":"https:\/\/baloessaoroque.com.br\/en\/wp-json\/wp\/v2\/posts"}],"about":[{"href":"https:\/\/baloessaoroque.com.br\/en\/wp-json\/wp\/v2\/types\/post"}],"author":[{"embeddable":true,"href":"https:\/\/baloessaoroque.com.br\/en\/wp-json\/wp\/v2\/users\/1"}],"replies":[{"embeddable":true,"href":"https:\/\/baloessaoroque.com.br\/en\/wp-json\/wp\/v2\/comments?post=10021"}],"version-history":[{"count":4,"href":"https:\/\/baloessaoroque.com.br\/en\/wp-json\/wp\/v2\/posts\/10021\/revisions"}],"predecessor-version":[{"id":11074,"href":"https:\/\/baloessaoroque.com.br\/en\/wp-json\/wp\/v2\/posts\/10021\/revisions\/11074"}],"wp:featuredmedia":[{"embeddable":true,"href":"https:\/\/baloessaoroque.com.br\/en\/wp-json\/wp\/v2\/media\/10036"}],"wp:attachment":[{"href":"https:\/\/baloessaoroque.com.br\/en\/wp-json\/wp\/v2\/media?parent=10021"}],"wp:term":[{"taxonomy":"category","embeddable":true,"href":"https:\/\/baloessaoroque.com.br\/en\/wp-json\/wp\/v2\/categories?post=10021"},{"taxonomy":"post_tag","embeddable":true,"href":"https:\/\/baloessaoroque.com.br\/en\/wp-json\/wp\/v2\/tags?post=10021"}],"curies":[{"name":"wp","href":"https:\/\/api.w.org\/{rel}","templated":true}]}}