{"id":10284,"date":"2021-12-17T17:29:30","date_gmt":"2021-12-17T20:29:30","guid":{"rendered":"https:\/\/baloessaoroque.com.br\/en.br\/?p=8625"},"modified":"2022-01-05T17:02:34","modified_gmt":"2022-01-05T20:02:34","slug":"blog-decoracao-final-de-ano-ideias-para-natal-e-reveillon","status":"publish","type":"post","link":"https:\/\/baloessaoroque.com.br\/en\/blog-decoracao-final-de-ano-ideias-para-natal-e-reveillon\/","title":{"rendered":"Decora\u00e7\u00e3o final de ano: Ideias para Natal e R\u00e9veillon"},"content":{"rendered":"<div id=\"ez-toc-container\" class=\"ez-toc-v2_0_18 counter-hierarchy counter-decimal\">\n<div class=\"ez-toc-title-container\">\n<p class=\"ez-toc-title\">Sum&aacute;rio<\/p>\n<span class=\"ez-toc-title-toggle\"><a class=\"ez-toc-pull-right ez-toc-btn ez-toc-btn-xs ez-toc-btn-default ez-toc-toggle\" style=\"display: none;\"><i class=\"ez-toc-glyphicon ez-toc-icon-toggle\"><\/i><\/a><\/span><\/div>\n<nav><ul class=\"ez-toc-list ez-toc-list-level-1\"><li class=\"ez-toc-page-1 ez-toc-heading-level-2\"><a class=\"ez-toc-link ez-toc-heading-1\" href=\"https:\/\/baloessaoroque.com.br\/en\/blog-decoracao-final-de-ano-ideias-para-natal-e-reveillon\/#Decoracao_final_do_ano_Esculturas_de_baloes_para_o_Natal\" title=\"Decora\u00e7\u00e3o final do ano: Esculturas de bal\u00f5es para o Natal\">Decora\u00e7\u00e3o final do ano: Esculturas de bal\u00f5es para o Natal<\/a><ul class=\"ez-toc-list-level-3\"><li class=\"ez-toc-heading-level-3\"><a class=\"ez-toc-link ez-toc-heading-2\" href=\"https:\/\/baloessaoroque.com.br\/en\/blog-decoracao-final-de-ano-ideias-para-natal-e-reveillon\/#1_-_Papai_Noel_de_baloes\" title=\"1 &#8211; Papai Noel de bal\u00f5es\">1 &#8211; Papai Noel de bal\u00f5es<\/a><\/li><li class=\"ez-toc-page-1 ez-toc-heading-level-3\"><a class=\"ez-toc-link ez-toc-heading-3\" href=\"https:\/\/baloessaoroque.com.br\/en\/blog-decoracao-final-de-ano-ideias-para-natal-e-reveillon\/#2_-_Arvore_de_Natal_de_baloes\" title=\"2 &#8211; \u00c1rvore de Natal de bal\u00f5es\">2 &#8211; \u00c1rvore de Natal de bal\u00f5es<\/a><\/li><li class=\"ez-toc-page-1 ez-toc-heading-level-3\"><a class=\"ez-toc-link ez-toc-heading-4\" href=\"https:\/\/baloessaoroque.com.br\/en\/blog-decoracao-final-de-ano-ideias-para-natal-e-reveillon\/#3_-_Guirlandas\" title=\"3 &#8211; Guirlandas\">3 &#8211; Guirlandas<\/a><\/li><li class=\"ez-toc-page-1 ez-toc-heading-level-3\"><a class=\"ez-toc-link ez-toc-heading-5\" href=\"https:\/\/baloessaoroque.com.br\/en\/blog-decoracao-final-de-ano-ideias-para-natal-e-reveillon\/#4_-_Bengalas_Presentes_e_Bolas_de_Natal\" title=\"4 &#8211; Bengalas, Presentes e Bolas de Natal\">4 &#8211; Bengalas, Presentes e Bolas de Natal<\/a><\/li><\/ul><\/li><li class=\"ez-toc-page-1 ez-toc-heading-level-2\"><a class=\"ez-toc-link ez-toc-heading-6\" href=\"https:\/\/baloessaoroque.com.br\/en\/blog-decoracao-final-de-ano-ideias-para-natal-e-reveillon\/#Decoracao_final_de_ano_Reveillon\" title=\"Decora\u00e7\u00e3o final de ano: R\u00e9veillon\">Decora\u00e7\u00e3o final de ano: R\u00e9veillon<\/a><ul class=\"ez-toc-list-level-3\"><li class=\"ez-toc-heading-level-3\"><a class=\"ez-toc-link ez-toc-heading-7\" href=\"https:\/\/baloessaoroque.com.br\/en\/blog-decoracao-final-de-ano-ideias-para-natal-e-reveillon\/#Arranjos_de_baloes\" title=\"Arranjos de bal\u00f5es\">Arranjos de bal\u00f5es<\/a><\/li><li class=\"ez-toc-page-1 ez-toc-heading-level-3\"><a class=\"ez-toc-link ez-toc-heading-8\" href=\"https:\/\/baloessaoroque.com.br\/en\/blog-decoracao-final-de-ano-ideias-para-natal-e-reveillon\/#Baloes_e_luzinhas_em_decoracao_de_final_de_ano\" title=\"Bal\u00f5es e luzinhas em decora\u00e7\u00e3o de final de ano\">Bal\u00f5es e luzinhas em decora\u00e7\u00e3o de final de ano<\/a><\/li><li class=\"ez-toc-page-1 ez-toc-heading-level-3\"><a class=\"ez-toc-link ez-toc-heading-9\" href=\"https:\/\/baloessaoroque.com.br\/en\/blog-decoracao-final-de-ano-ideias-para-natal-e-reveillon\/#Decoracao_final_de_ano_Baloes_de_Numeros\" title=\"Decora\u00e7\u00e3o final de ano: Bal\u00f5es de N\u00fameros\">Decora\u00e7\u00e3o final de ano: Bal\u00f5es de N\u00fameros<\/a><\/li><\/ul><\/li><li class=\"ez-toc-page-1 ez-toc-heading-level-2\"><a class=\"ez-toc-link ez-toc-heading-10\" href=\"https:\/\/baloessaoroque.com.br\/en\/blog-decoracao-final-de-ano-ideias-para-natal-e-reveillon\/#Decoracao_final_de_ano_quais_cores_e_baloes_utilizar\" title=\"Decora\u00e7\u00e3o final de ano: quais cores e bal\u00f5es utilizar?\">Decora\u00e7\u00e3o final de ano: quais cores e bal\u00f5es utilizar?<\/a><\/li><li class=\"ez-toc-page-1 ez-toc-heading-level-2\"><a class=\"ez-toc-link ez-toc-heading-11\" href=\"https:\/\/baloessaoroque.com.br\/en\/blog-decoracao-final-de-ano-ideias-para-natal-e-reveillon\/#Como_aumentar_a_durabilidade_dos_baloes_na_decoracao_do_final_de_ano\" title=\"Como aumentar a durabilidade dos bal\u00f5es na decora\u00e7\u00e3o do final de ano?\">Como aumentar a durabilidade dos bal\u00f5es na decora\u00e7\u00e3o do final de ano?<\/a><\/li><\/ul><\/nav><\/div>\n\n<p>A \u00e9poca mais tradicional do ano chegou e \u00e9 poss\u00edvel notar pelos panetones e chocotones que j\u00e1 lotaram os mercados ou nas lojas decoradas com \u00e1rvores, bolas de Natal, luzinhas e at\u00e9 bal\u00f5es. Independente se voc\u00ea est\u00e1 preparado(a) ou n\u00e3o, \u00e9 hora de come\u00e7ar a pensar na decora\u00e7\u00e3o do final de ano da sua casa ou trabalho.<\/p>\n\n\n\n<p>Assim como o \u00faltimo ano, 2021 tamb\u00e9m foi desafiador. Entretanto, com o avan\u00e7o da vacina\u00e7\u00e3o dos brasileiros, tudo indica que este ano, poderemos comemorar de maneira vitoriosa ao lado de familiares e amigos. Afinal, a vida deve ser aproveitada a todo instante e depois de tanto tempo, finalmente, estamos nos sentindo mais seguros para celebrar.<\/p>\n\n\n\n<p>Sendo assim, o que voc\u00ea acha de inovar na decora\u00e7\u00e3o das festas deste ano? \u00c9 claro que voc\u00ea ainda pode (e deve) tirar as suas decora\u00e7\u00f5es tradicionais do guarda-roupa e mont\u00e1-las, mas tamb\u00e9m \u00e9 poss\u00edvel complementar todo o cen\u00e1rio com bal\u00f5es.<\/p>\n\n\n\n<p>As decora\u00e7\u00f5es com bal\u00f5es prometem chegar com tudo este ano, pois al\u00e9m de toda alegria que os bal\u00f5es despertam nas pessoas, trata-se de uma op\u00e7\u00e3o moderna e diferenciada.<\/p>\n\n\n\n<p>E claro que para te ajudar, trouxemos ideias de esculturas de bal\u00f5es para deixar o seu Natal e R\u00e9veillon ainda mais especial. Confira:<\/p>\n\n\n\n<h2><span class=\"ez-toc-section\" id=\"Decoracao_final_do_ano_Esculturas_de_baloes_para_o_Natal\"><\/span>Decora\u00e7\u00e3o final do ano: <strong>Esculturas de bal\u00f5es para o Natal<\/strong><span class=\"ez-toc-section-end\"><\/span><\/h2>\n\n\n\n<h3><span class=\"ez-toc-section\" id=\"1_-_Papai_Noel_de_baloes\"><\/span><strong>1 &#8211; Papai Noel de bal\u00f5es<\/strong><span class=\"ez-toc-section-end\"><\/span><\/h3>\n\n\n\n<p>A primeira escultura de uma decora\u00e7\u00e3o natalina com bal\u00f5es n\u00e3o poderia ser outra: Papai Noel. Personagem principal desta \u00e9poca, a escultura costuma atrair bastante aten\u00e7\u00e3o de quem passa pelo local, pois costuma ser vistosa, extravagante e alegre.<\/p>\n\n\n\n<p>O tamanho do seu Papai Noel de bal\u00f5es pode variar de acordo com o espa\u00e7o onde ele ser\u00e1 colocado. Se for em uma vitrine pequena por exemplo, recomenda-se uma escultura menor, enquanto para uma sala grande, o tamanho pode ser o dobro. Sabe aquele espa\u00e7o que geralmente fica vazio? Ent\u00e3o, voc\u00ea pode dispor nesses locais, de modo que a decora\u00e7\u00e3o como um todo fique mais preenchida.<\/p>\n\n\n\n<div class=\"wp-block-image\"><figure class=\"aligncenter size-large is-resized\"><a href=\"https:\/\/baloessaoroque.com.br\/en\/wp-content\/uploads\/2021\/12\/papai-noel-scaled-1.jpg\"><img loading=\"lazy\" src=\"https:\/\/baloessaoroque.com.br\/en\/wp-content\/uploads\/2021\/12\/papai-noel-683x1024.jpg\" alt=\"Decora\u00e7\u00e3o final de ano: Papai Noel de bal\u00f5es\" class=\"wp-image-8626\" width=\"-421\" height=\"-631\"\/><\/a><figcaption>Decora\u00e7\u00e3o por: Viviane Furlan<\/figcaption><\/figure><\/div>\n\n\n\n<p>Se voc\u00ea quer explorar o seu conhecimento em <a href=\"https:\/\/baloessaoroque.com.br\/en\/blog-como-fazer-decoracoes-com-baloes\/\" target=\"_blank\" rel=\"noreferrer noopener\">decora\u00e7\u00e3o com bal\u00f5es<\/a> e aprender a fazer um lindo Papai Noel com bal\u00f5es, assista ao nosso <a href=\"https:\/\/www.youtube.com\/watch?v=29USih6gQ9c\" target=\"_blank\" rel=\"noreferrer noopener\">tutorial<\/a> no Youtube: <\/p>\n\n\n\n<figure class=\"wp-block-embed aligncenter is-type-video is-provider-youtube wp-block-embed-youtube wp-embed-aspect-16-9 wp-has-aspect-ratio\"><div class=\"wp-block-embed__wrapper\">\n<iframe loading=\"lazy\" title=\"Papai Noel de bal\u00f5es\" width=\"500\" height=\"281\" src=\"https:\/\/www.youtube.com\/embed\/29USih6gQ9c?feature=oembed\" frameborder=\"0\" allow=\"accelerometer; autoplay; clipboard-write; encrypted-media; gyroscope; picture-in-picture\" allowfullscreen><\/iframe>\n<\/div><\/figure>\n\n\n\n<h3><span class=\"ez-toc-section\" id=\"2_-_Arvore_de_Natal_de_baloes\"><\/span><strong>2 &#8211; \u00c1rvore de Natal de bal\u00f5es<\/strong><span class=\"ez-toc-section-end\"><\/span><\/h3>\n\n\n\n<p>Para quem est\u00e1 enjoado da \u00e1rvore de Natal tradicional, experimentar fazer algo diferente este ano como uma \u00e1rvore de Natal feita com bal\u00f5es pode ser uma \u00f3tima sa\u00edda.<\/p>\n\n\n\n<p>Essa escultura encanta qualquer convidado e geralmente \u00e9 feita no mesmo formato das cl\u00e1ssicas \u00e1rvores, com bolas coloridas (ou n\u00e3o), bal\u00e3o de estrela na ponta e medindo em torno de 1,50m a 2,10m de altura. Mas claro, se o ambiente onde ficar\u00e1 exposta for amplo, \u00e9 poss\u00edvel criar uma \u00e1rvore maior.&nbsp;<\/p>\n\n\n\n<div class=\"wp-block-image\"><figure class=\"aligncenter size-large is-resized\"><a href=\"https:\/\/baloessaoroque.com.br\/en\/wp-content\/uploads\/2021\/12\/arvore-natal-scaled-1.jpg\"><img loading=\"lazy\" src=\"https:\/\/baloessaoroque.com.br\/en\/wp-content\/uploads\/2021\/12\/arvore-natal-683x1024.jpg\" alt=\"Decora\u00e7\u00e3o final de ano: \u00e1rvore de natal de bal\u00f5es\" class=\"wp-image-8627\" width=\"395\" height=\"593\"\/><\/a><figcaption>Decora\u00e7\u00e3o por: Viviane Furlan<\/figcaption><\/figure><\/div>\n\n\n\n<p>Para fazer esta \u00e1rvore de natal da foto, voc\u00ea vai precisar de:<\/p>\n\n\n\n<ul><li>Bal\u00e3o 9&#8243; Metallic Ballon Prateado;<\/li><li>9&#8243; Cristal Vermelho Fogo;<\/li><li>9&#8243; Cristal Verde Esmeralda;<\/li><li>5&#8243; Metallic Balloon Dourado;<\/li><li>11&#8243; Liso Redondo Verde Bandeira;<\/li><li>5&#8243; Liso Redondo Verde Bandeira;<\/li><li>16&#8243; Uniq Verde Grama;<\/li><li>9&#8243; Liso Verde Bandeira;<\/li><li>5&#8243; Metallic Balloon Vermelho;<\/li><li>9&#8243; Metallic Balloon Vermelho;<\/li><li>11&#8243; Metallic Balloon Vermelho;<\/li><li>9&#8243; Metallic Balloon Dourado;<\/li><li>11&#8243; Metallic Balloon Dourado;<\/li><li>Bal\u00e3o Canudo 260 Metallic Balloon Verde;<\/li><li>Bal\u00f5es Metalizado Star 45cm;<\/li><li>Bal\u00e3o Canudo 160 Vermelho Quente;<\/li><\/ul>\n\n\n\n<p>Conhe\u00e7a as linhas utilizadas: <a href=\"https:\/\/baloessaoroque.com.br\/en\/categoria-produto\/liso\/\" target=\"_blank\" rel=\"noreferrer noopener\">Liso<\/a>, <a href=\"https:\/\/baloessaoroque.com.br\/en\/categoria-produto\/metallic-ballom\/\" target=\"_blank\" rel=\"noreferrer noopener\">Metallic<\/a>, <a href=\"https:\/\/baloessaoroque.com.br\/en\/categoria-produto\/cristal\/\" target=\"_blank\" rel=\"noreferrer noopener\">Cristal<\/a>, <a href=\"https:\/\/baloessaoroque.com.br\/en\/categoria-produto\/uniq\/\" target=\"_blank\" rel=\"noreferrer noopener\">Uniq<\/a> e <a href=\"https:\/\/baloessaoroque.com.br\/en\/categoria-produto\/metalizado\/\" target=\"_blank\" rel=\"noreferrer noopener\">Metalizado<\/a>. <\/p>\n\n\n\n<p>Agora se voc\u00ea quer explorar ainda mais a criatividade, neste outro <a href=\"https:\/\/www.youtube.com\/watch?v=zT0L3QMeNwM\" target=\"_blank\" rel=\"noreferrer noopener\">v\u00eddeo<\/a>, tem um passo a passo simples e f\u00e1cil para fazer outro modelo de \u00c1rvore de Natal com bal\u00f5es! Confira: <\/p>\n\n\n\n<figure class=\"wp-block-embed aligncenter is-type-video is-provider-youtube wp-block-embed-youtube wp-embed-aspect-16-9 wp-has-aspect-ratio\"><div class=\"wp-block-embed__wrapper\">\n<iframe loading=\"lazy\" title=\"\u00c1rvore de Natal com bal\u00f5es\" width=\"500\" height=\"281\" src=\"https:\/\/www.youtube.com\/embed\/zT0L3QMeNwM?feature=oembed\" frameborder=\"0\" allow=\"accelerometer; autoplay; clipboard-write; encrypted-media; gyroscope; picture-in-picture\" allowfullscreen><\/iframe>\n<\/div><\/figure>\n\n\n\n<h3><span class=\"ez-toc-section\" id=\"3_-_Guirlandas\"><\/span><strong>3 &#8211; Guirlandas<\/strong><span class=\"ez-toc-section-end\"><\/span><\/h3>\n\n\n\n<p>Um dos principais diferenciais de uma decora\u00e7\u00e3o com bal\u00f5es \u00e9 o fato desses itens preencherem de maneira completa o ambiente. Isto \u00e9, voc\u00ea consegue fazer uma decora\u00e7\u00e3o incr\u00edvel, sem precisar de muita coisa.<\/p>\n\n\n\n<figure class=\"wp-block-gallery aligncenter columns-2 is-cropped\"><ul class=\"blocks-gallery-grid\"><li class=\"blocks-gallery-item\"><figure><a href=\"https:\/\/baloessaoroque.com.br\/en\/wp-content\/uploads\/2021\/12\/guirlanda.jpg\"><img src=\"https:\/\/baloessaoroque.com.br\/en\/wp-content\/uploads\/2021\/12\/guirlanda.jpg\" alt=\"\" data-id=\"8628\" data-full-url=\"https:\/\/baloessaoroque.com.br\/en\/wp-content\/uploads\/2021\/12\/guirlanda.jpg\" data-link=\"https:\/\/baloessaoroque.com.br\/en\/?attachment_id=8628\" class=\"wp-image-8628\"\/><\/a><figcaption class=\"blocks-gallery-item__caption\">Pinterest<\/figcaption><\/figure><\/li><li class=\"blocks-gallery-item\"><figure><a href=\"https:\/\/baloessaoroque.com.br\/en\/wp-content\/uploads\/2021\/12\/guirlanda2.jpg\"><img src=\"https:\/\/baloessaoroque.com.br\/en\/wp-content\/uploads\/2021\/12\/guirlanda2.jpg\" alt=\"\" data-id=\"8629\" data-full-url=\"https:\/\/baloessaoroque.com.br\/en\/wp-content\/uploads\/2021\/12\/guirlanda2.jpg\" data-link=\"https:\/\/baloessaoroque.com.br\/en\/?attachment_id=8629\" class=\"wp-image-8629\"\/><\/a><figcaption class=\"blocks-gallery-item__caption\">Pinterest<\/figcaption><\/figure><\/li><\/ul><\/figure>\n\n\n\n<p>E se estamos falando de decora\u00e7\u00e3o para final de ano, imposs\u00edvel n\u00e3o mencionar as guirlandas que podem ser expostas em paredes, portas e vitrines. Conhecidas tradicionalmente por atrair sorte para o ambiente, tamb\u00e9m garantem muita sofistica\u00e7\u00e3o e sutileza na decora\u00e7\u00e3o.<\/p>\n\n\n\n<div class=\"wp-block-image\"><figure class=\"aligncenter size-large is-resized\"><a href=\"https:\/\/baloessaoroque.com.br\/en\/wp-content\/uploads\/2021\/12\/guirlanda3-scaled-1.jpg\"><img loading=\"lazy\" src=\"https:\/\/baloessaoroque.com.br\/en\/wp-content\/uploads\/2021\/12\/guirlanda3-1024x683.jpg\" alt=\"Decora\u00e7\u00e3o final de ano: Ideias para Natal\" class=\"wp-image-8630\" width=\"750\" height=\"500\"\/><\/a><figcaption>Decora\u00e7\u00e3o por: Viviane Furlan<\/figcaption><\/figure><\/div>\n\n\n\n<h3><span class=\"ez-toc-section\" id=\"4_-_Bengalas_Presentes_e_Bolas_de_Natal\"><\/span><strong>4 &#8211; Bengalas, Presentes e Bolas de Natal<\/strong><span class=\"ez-toc-section-end\"><\/span><\/h3>\n\n\n\n<p>Quer mais uma escultura para enfeitar a sua decora\u00e7\u00e3o natalina de bal\u00f5es?<\/p>\n\n\n\n<p>Ent\u00e3o aposte sem medo nos itens tradicionais de todo Natal, s\u00f3 que feitos com bal\u00f5es, como por exemplo, as bengalas do Papai Noel, presentes para colocar embaixo das \u00e1rvores e at\u00e9 as <a href=\"https:\/\/youtu.be\/vWPTRDiuciA?list=PLj0OMhxmxbRVuL2Oq7Jzff3pBVZi_5oOX\" target=\"_blank\" rel=\"noreferrer noopener\">bolas de Natal<\/a>.<\/p>\n\n\n\n<figure class=\"wp-block-image size-large\"><a href=\"https:\/\/baloessaoroque.com.br\/en\/wp-content\/uploads\/2021\/12\/natal-1.jpg\"><img src=\"https:\/\/baloessaoroque.com.br\/en\/wp-content\/uploads\/2021\/12\/natal-1024x516.jpg\" alt=\"Decora\u00e7\u00e3o final de ano: Ideias para Natal\" class=\"wp-image-8631\"\/><\/a><figcaption>Decora\u00e7\u00e3o: Viviane Furlan<\/figcaption><\/figure>\n\n\n\n<p>O melhor desses pequenos enfeites \u00e9 a possibilidade de espalh\u00e1-los pelos espa\u00e7os da casa, trabalho ou sal\u00e3o de festas.<\/p>\n\n\n\n<p>As bolas e os presentes de Natal s\u00e3o as esculturas mais f\u00e1ceis de fazer, pois com poucos bal\u00f5es, chega-se a um resultado bastante criativo e lindo! Por exemplo, para os presentes da foto acima, utilizamos apenas os bal\u00f5es da linha <a href=\"https:\/\/baloessaoroque.com.br\/en\/categoria-produto\/metallic-ballom\/\" target=\"_blank\" rel=\"noreferrer noopener\">Metallic<\/a>, inclusive o la\u00e7o que fica em volta do presente, feito com os bal\u00f5es <a href=\"https:\/\/baloessaoroque.com.br\/en\/categoria-produto\/formatos-especiais\/\" target=\"_blank\" rel=\"noreferrer noopener\">Canudos 260 Metallic<\/a>.\u00a0<\/p>\n\n\n\n<h2><span class=\"ez-toc-section\" id=\"Decoracao_final_de_ano_Reveillon\"><\/span><strong>Decora\u00e7\u00e3o final de ano: R\u00e9veillon<\/strong><span class=\"ez-toc-section-end\"><\/span><\/h2>\n\n\n\n<h3><span class=\"ez-toc-section\" id=\"Arranjos_de_baloes\"><\/span><strong>Arranjos de bal\u00f5es<\/strong><span class=\"ez-toc-section-end\"><\/span><\/h3>\n\n\n\n<p>Quem diz que centros de mesa com bal\u00f5es servem apenas para festas de anivers\u00e1rios, ch\u00e1 revela\u00e7\u00e3o ou casamentos, est\u00e1 completamente enganado. Se voc\u00ea adora arrancar suspiros dos seus convidados, aposte nesse item para decorar a mesa principal da ceia de Natal e R\u00e9veillon. Afinal, \u00e9 o ponto de destaque da celebra\u00e7\u00e3o.<\/p>\n\n\n\n<figure class=\"wp-block-gallery aligncenter columns-2 is-cropped\"><ul class=\"blocks-gallery-grid\"><li class=\"blocks-gallery-item\"><figure><a href=\"https:\/\/baloessaoroque.com.br\/en\/wp-content\/uploads\/2021\/12\/arranjo-1-scaled-1.jpg\"><img src=\"https:\/\/baloessaoroque.com.br\/en\/wp-content\/uploads\/2021\/12\/arranjo-1-683x1024.jpg\" alt=\"\" data-id=\"8633\" data-full-url=\"https:\/\/baloessaoroque.com.br\/en\/wp-content\/uploads\/2021\/12\/arranjo-1-scaled-1.jpg\" data-link=\"https:\/\/baloessaoroque.com.br\/en\/?attachment_id=8633\" class=\"wp-image-8633\"\/><\/a><\/figure><\/li><li class=\"blocks-gallery-item\"><figure><a href=\"https:\/\/baloessaoroque.com.br\/en\/wp-content\/uploads\/2021\/12\/arranjo2-1-scaled-1.jpg\"><img src=\"https:\/\/baloessaoroque.com.br\/en\/wp-content\/uploads\/2021\/12\/arranjo2-1-683x1024.jpg\" alt=\"\" data-id=\"8635\" data-full-url=\"https:\/\/baloessaoroque.com.br\/en\/wp-content\/uploads\/2021\/12\/arranjo2-1-scaled-1.jpg\" data-link=\"https:\/\/baloessaoroque.com.br\/en\/?attachment_id=8635\" class=\"wp-image-8635\"\/><\/a><\/figure><\/li><\/ul><figcaption class=\"blocks-gallery-caption\">Decora\u00e7\u00e3o: Viviane Furlan<\/figcaption><\/figure>\n\n\n\n<p>Os arranjos de mesa garantem sofistica\u00e7\u00e3o para qualquer ambiente e nas festas de fim de ano n\u00e3o seria diferente. Uma sugest\u00e3o \u00e9 inflar os bal\u00f5es com g\u00e1s h\u00e9lio, a fim de permanecerem suspensos. Para valorizar ainda mais o clima da virada de ano, aposte em bal\u00f5es tem\u00e1ticos e diferentes como as <a href=\"https:\/\/baloessaoroque.com.br\/en\/categoria-produto\/metalizado\/?sf_paged=4\" target=\"_blank\" rel=\"noreferrer noopener\">estrelas metalizadas<\/a> e bal\u00f5es bolha estampados.<\/p>\n\n\n\n<p>N\u00e3o hesite em utilizar recipientes de vidro, lou\u00e7as brancas, toalhas de mesa na mesma paleta do restante da decora\u00e7\u00e3o, velas e arranjos florais. O resultado com certeza ficar\u00e1 luxuoso!<\/p>\n\n\n\n<figure class=\"wp-block-embed is-type-video is-provider-youtube wp-block-embed-youtube wp-embed-aspect-16-9 wp-has-aspect-ratio\"><div class=\"wp-block-embed__wrapper\">\n<iframe loading=\"lazy\" title=\"Aprenda a fazer centro de mesa com Bal\u00f5es S\u00e3o Roque\" width=\"500\" height=\"281\" src=\"https:\/\/www.youtube.com\/embed\/uulWUmgTNtY?feature=oembed\" frameborder=\"0\" allow=\"accelerometer; autoplay; clipboard-write; encrypted-media; gyroscope; picture-in-picture\" allowfullscreen><\/iframe>\n<\/div><\/figure>\n\n\n\n<h3><span class=\"ez-toc-section\" id=\"Baloes_e_luzinhas_em_decoracao_de_final_de_ano\"><\/span><strong>Bal\u00f5es e luzinhas em decora\u00e7\u00e3o de final de ano<\/strong><span class=\"ez-toc-section-end\"><\/span><\/h3>\n\n\n\n<p>Se estamos falando de decora\u00e7\u00e3o para o final de ano, \u00e9 \u00f3bvio que as luzinhas n\u00e3o poderiam ficar de fora das dicas. Agora voc\u00ea deve estar se perguntando \u201cmas se colocar luzinhas nos bal\u00f5es, eles n\u00e3o estouram?\u201d. Calma, isso n\u00e3o vai acontecer se escolher as luzes certas. Para isso, utilize somente a luz de led, pois por ser uma luz fria, \u00e9 a \u00fanica que n\u00e3o estoura o bal\u00e3o.<\/p>\n\n\n\n<div class=\"wp-block-image\"><figure class=\"aligncenter size-full is-resized\"><a href=\"https:\/\/baloessaoroque.com.br\/en\/wp-content\/uploads\/2021\/12\/balao-luzinha.jpg\"><img loading=\"lazy\" src=\"https:\/\/baloessaoroque.com.br\/en\/wp-content\/uploads\/2021\/12\/balao-luzinha.jpg\" alt=\"\" class=\"wp-image-8636\" width=\"366\" height=\"547\"\/><\/a><figcaption>Pinterest<\/figcaption><\/figure><\/div>\n\n\n\n<p>Voc\u00ea pode montar pain\u00e9is de bal\u00f5es e luzinhas perto da mesa de drinks por exemplo e transformar o espa\u00e7o em um cen\u00e1rio instagram\u00e1vel!<\/p>\n\n\n\n<h3><span class=\"ez-toc-section\" id=\"Decoracao_final_de_ano_Baloes_de_Numeros\"><\/span>Decora\u00e7\u00e3o final de ano: <strong>Bal\u00f5es de N\u00fameros<\/strong><span class=\"ez-toc-section-end\"><\/span><\/h3>\n\n\n\n<p>Sem d\u00favidas, voc\u00ea j\u00e1 deve ter visto uma decora\u00e7\u00e3o composta por bal\u00f5es de n\u00fameros, afinal, eles se tornaram uma forte tend\u00eancia em diversos tipos de eventos, como anivers\u00e1rios, formaturas, ensaios fotogr\u00e1ficos e casamentos.<\/p>\n\n\n\n<p>E se r\u00e9veillon \u00e9 sin\u00f4nimo de festa, quanto mais bal\u00f5es, melhor! Por isso, os famosos bal\u00f5es de n\u00fameros tamb\u00e9m fazem o maior sucesso em decora\u00e7\u00e3o de final de ano.<\/p>\n\n\n\n<div class=\"wp-block-image\"><figure class=\"aligncenter size-large is-resized\"><a href=\"https:\/\/baloessaoroque.com.br\/en\/wp-content\/uploads\/2021\/12\/foto-blog-ano-novo.jpeg\"><img loading=\"lazy\" src=\"https:\/\/baloessaoroque.com.br\/en\/wp-content\/uploads\/2021\/12\/foto-blog-ano-novo-1024x683.jpg\" alt=\"Decora\u00e7\u00e3o final de ano: Ideias para R\u00e9veillon\" class=\"wp-image-8637\" width=\"696\" height=\"464\"\/><\/a><figcaption>Decora\u00e7\u00e3o: Viviane Furlan<\/figcaption><\/figure><\/div>\n\n\n\n<p>Independente se voc\u00ea vai infl\u00e1-los com g\u00e1s h\u00e9lio ou n\u00e3o, eles s\u00e3o um verdadeiro show de beleza. Al\u00e9m disso, s\u00e3o instagram\u00e1veis por si s\u00f3 e costumam ser a atra\u00e7\u00e3o de qualquer festa de ano novo.<\/p>\n\n\n\n<p>Buscando atender e acompanhar as principais tend\u00eancias, a Bal\u00f5es S\u00e3o Roque conta com <a href=\"https:\/\/baloessaoroque.com.br\/en\/categoria-produto\/metalizado\/?_sft_pa_cor=dourado\" target=\"_blank\" rel=\"noreferrer noopener\">n\u00fameros dourados<\/a> no tamanho 16 polegadas (~40 cm) e 28 polegadas (~70 cm) e <a href=\"https:\/\/baloessaoroque.com.br\/en\/categoria-produto\/metalizado\/?_sft_pa_cor=prateado\" target=\"_blank\" rel=\"noreferrer noopener\">n\u00fameros prateados<\/a> nos tamanhos 16 (~40 cm) e 28 polegadas (~70 cm).<\/p>\n\n\n\n<h2><span class=\"ez-toc-section\" id=\"Decoracao_final_de_ano_quais_cores_e_baloes_utilizar\"><\/span><strong>Decora\u00e7\u00e3o final de ano: quais cores e bal\u00f5es utilizar?<\/strong><span class=\"ez-toc-section-end\"><\/span><\/h2>\n\n\n\n<p>Quando pensamos em decora\u00e7\u00e3o natalina com bal\u00f5es, automaticamente nos vem \u00e0 cabe\u00e7a as cores tradicionais: vermelho, verde e branco. Contudo, voc\u00ea pode sim preferir essas tonalidades, como tamb\u00e9m pode criar ou at\u00e9 escolher outras n\u00e3o tradicionais, combinando diferentes cores de bal\u00f5es, um dentro do outro. A Bal\u00f5es S\u00e3o Roque conta com mais de 700 produtos em seu <a href=\"https:\/\/lp.baloessaoroque.com.br\/baixar-catalogos\" target=\"_blank\" rel=\"noreferrer noopener\">portf\u00f3lio<\/a>, portanto \u00e9 poss\u00edvel criar cores exclusivas com a t\u00e9cnica dos bal\u00f5es duplos: a jun\u00e7\u00e3o de dois bal\u00f5es (de cores diferentes) que resultam em uma nova tonalidade. &nbsp;&nbsp;<\/p>\n\n\n\n<p>Se optou pelas cores tradicionais, o Verde Folha e Vermelho Quente da <a href=\"https:\/\/baloessaoroque.com.br\/en\/categoria-produto\/liso\/\" target=\"_blank\" rel=\"noreferrer noopener\">Linha Lisos<\/a> junto com o dourado <a href=\"https:\/\/baloessaoroque.com.br\/en\/categoria-produto\/metallic-ballom\/\" target=\"_blank\" rel=\"noreferrer noopener\">Metallic<\/a> vai gerar uma cor linda, com a cara do Natal.<\/p>\n\n\n\n<figure class=\"wp-block-gallery aligncenter columns-2 is-cropped\"><ul class=\"blocks-gallery-grid\"><li class=\"blocks-gallery-item\"><figure><a href=\"https:\/\/baloessaoroque.com.br\/en\/wp-content\/uploads\/2021\/12\/baloes-duplos4-766x1024.jpg\"><img src=\"https:\/\/baloessaoroque.com.br\/en\/wp-content\/uploads\/2021\/12\/baloes-duplos4-766x1024.jpg\" alt=\"\" data-id=\"8638\" data-link=\"https:\/\/baloessaoroque.com.br\/en\/?attachment_id=8638\" class=\"wp-image-8638\"\/><\/a><\/figure><\/li><li class=\"blocks-gallery-item\"><figure><a href=\"https:\/\/baloessaoroque.com.br\/en\/wp-content\/uploads\/2021\/12\/baloes-duplos5-766x1024.jpg\"><img src=\"https:\/\/baloessaoroque.com.br\/en\/wp-content\/uploads\/2021\/12\/baloes-duplos5-766x1024.jpg\" alt=\"\" data-id=\"8639\" data-link=\"https:\/\/baloessaoroque.com.br\/en\/?attachment_id=8639\" class=\"wp-image-8639\"\/><\/a><\/figure><\/li><\/ul><\/figure>\n\n\n\n<figure class=\"wp-block-gallery columns-2 is-cropped\"><ul class=\"blocks-gallery-grid\"><li class=\"blocks-gallery-item\"><figure><a href=\"https:\/\/baloessaoroque.com.br\/en\/wp-content\/uploads\/2021\/12\/baloes-duplos6-1.jpeg\"><img src=\"https:\/\/baloessaoroque.com.br\/en\/wp-content\/uploads\/2021\/12\/baloes-duplos6-1-766x1024.jpg\" alt=\"\" data-id=\"8642\" data-full-url=\"https:\/\/baloessaoroque.com.br\/en\/wp-content\/uploads\/2021\/12\/baloes-duplos6-1.jpeg\" data-link=\"https:\/\/baloessaoroque.com.br\/en\/?attachment_id=8642\" class=\"wp-image-8642\"\/><\/a><\/figure><\/li><li class=\"blocks-gallery-item\"><figure><a href=\"https:\/\/baloessaoroque.com.br\/en\/wp-content\/uploads\/2021\/12\/WhatsApp-Image-2021-09-27-at-13.36.01-4-1.jpeg\"><img src=\"https:\/\/baloessaoroque.com.br\/en\/wp-content\/uploads\/2021\/12\/WhatsApp-Image-2021-09-27-at-13.36.01-4-1-766x1024.jpg\" alt=\"\" data-id=\"8643\" data-full-url=\"https:\/\/baloessaoroque.com.br\/en\/wp-content\/uploads\/2021\/12\/WhatsApp-Image-2021-09-27-at-13.36.01-4-1.jpeg\" data-link=\"https:\/\/baloessaoroque.com.br\/en\/?attachment_id=8643\" class=\"wp-image-8643\"\/><\/a><\/figure><\/li><\/ul><\/figure>\n\n\n\n<p>Para seguir nas mesmas cores do Natal, mas com um brilho diferenciado, experimente o verde duplo (tonalidade Prateado da linha Metallic por dentro e tonalidade Verde Esmeralda da linha Cristal por fora) e o vermelho duplo (tonalidade Prateado da linha Metallic por dentro e tonalidade Vermelho Fogo da linha Cristal por fora).<\/p>\n\n\n\n<p>Ademais, a personaliza\u00e7\u00e3o dos seus pr\u00f3prios bal\u00f5es pode deixar a decora\u00e7\u00e3o ainda mais especial. E ah, n\u00e3o se esque\u00e7a de complementar a decora\u00e7\u00e3o com a <a href=\"https:\/\/baloessaoroque.com.br\/en\/categoria-produto\/decorados\/\" target=\"_blank\" rel=\"noreferrer noopener\">linha decorados<\/a>, com os <a href=\"https:\/\/baloessaoroque.com.br\/en\/categoria-produto\/metalizado\/\" target=\"_blank\" rel=\"noreferrer noopener\">metalizados<\/a>, como a <a href=\"https:\/\/baloessaoroque.com.br\/en\/produtos\/?_sf_s=natal\" target=\"_blank\" rel=\"noreferrer noopener\">\u00e1rvore e meia de natal em 3D e 4D<\/a>, <a href=\"https:\/\/baloessaoroque.com.br\/en\/produtos\/balao-metalizado\/metalizado-estrela-noel\/\" target=\"_blank\" rel=\"noreferrer noopener\">estrela estampada do Papai Noel<\/a> ou os bal\u00f5es <a href=\"https:\/\/baloessaoroque.com.br\/en\/produtos\/balao-metalizado\/metalizado-redondo-noel\/\" target=\"_blank\" rel=\"noreferrer noopener\">redondos estampados<\/a> com Papai Noel, \u00e1rvore de natal e boneco de neve.<\/p>\n\n\n\n<div class=\"wp-block-image\"><figure class=\"aligncenter size-large\"><a href=\"https:\/\/baloessaoroque.com.br\/en\/wp-content\/uploads\/2021\/12\/FOTO-3-1.jpg\"><img src=\"https:\/\/baloessaoroque.com.br\/en\/wp-content\/uploads\/2021\/12\/FOTO-3-1024x379.jpg\" alt=\"Decora\u00e7\u00e3o final de ano: Ideias para Natal\" class=\"wp-image-8644\"\/><\/a><\/figure><\/div>\n\n\n\n<p>Al\u00e9m disso, a Linha Decorados com <a href=\"https:\/\/baloessaoroque.com.br\/en\/categoria-produto\/decorados\/?_sf_s=arabesco\" target=\"_blank\" rel=\"noreferrer noopener\">tema Arabescos<\/a> \u00e9 sofisticada e perfeita para essas ocasi\u00f5es. As cores mais procuradas s\u00e3o: vermelho, dourado, branco e transparente. O melhor \u00e9 que voc\u00ea pode utiliz\u00e1-los tanto para o Natal, quanto para o R\u00e9veillon.<\/p>\n\n\n\n<p>Agora falando de decora\u00e7\u00e3o de final de ano para o r\u00e9veillon, as cores mais utilizadas s\u00e3o: branco, prateado e transparente das <a href=\"https:\/\/baloessaoroque.com.br\/en\/categoria-produto\/liso\/\" target=\"_blank\" rel=\"noreferrer noopener\">linhas liso<\/a> e <a href=\"https:\/\/baloessaoroque.com.br\/en\/categoria-produto\/metallic-ballom\/\" target=\"_blank\" rel=\"noreferrer noopener\">metallic<\/a>. Contudo, se voc\u00ea \u00e9 uma pessoa que acredita nos significados m\u00edsticos das cores, o amarelo e dourado s\u00e3o tonalidades conhecidas por atra\u00edrem riqueza e prosperidade.<\/p>\n\n\n\n<p>Para inovar no uso da cor branca, misture uma ou mais linhas de bal\u00f5es, como o <a href=\"https:\/\/baloessaoroque.com.br\/en\/categoria-produto\/liso\/?_sft_pa_cor=branco-polar\" target=\"_blank\" rel=\"noreferrer noopener\">branco polar da linha liso<\/a> e o branco da <a href=\"https:\/\/baloessaoroque.com.br\/en\/categoria-produto\/cintilante\/\" target=\"_blank\" rel=\"noreferrer noopener\">linha cintilante<\/a>.<\/p>\n\n\n\n<div class=\"wp-block-image\"><figure class=\"aligncenter size-large is-resized\"><a href=\"https:\/\/baloessaoroque.com.br\/en\/wp-content\/uploads\/2021\/12\/ano-novo-scaled-1.jpg\"><img loading=\"lazy\" src=\"https:\/\/baloessaoroque.com.br\/en\/wp-content\/uploads\/2021\/12\/ano-novo-1024x683.jpg\" alt=\"Decora\u00e7\u00e3o final de ano: Ideias para  R\u00e9veillon\" class=\"wp-image-8645\" width=\"-67\" height=\"-44\"\/><\/a><\/figure><\/div>\n\n\n\n<p>E claro que tamb\u00e9m \u00e9 poss\u00edvel completar a sua decora\u00e7\u00e3o com os bal\u00f5es metalizados exclusivos para o ano novo, como o <a href=\"https:\/\/baloessaoroque.com.br\/en\/produto-tag\/ano-novo\/\" target=\"_blank\" rel=\"noreferrer noopener\">3D de Ta\u00e7a Cheers e 3D garrafa Chateau<\/a>. Lembre-se de posicion\u00e1-los em pontos estrat\u00e9gicos, de modo que se misturem com os outros tipos de bal\u00f5es.<\/p>\n\n\n\n<h2><span class=\"ez-toc-section\" id=\"Como_aumentar_a_durabilidade_dos_baloes_na_decoracao_do_final_de_ano\"><\/span><strong>Como aumentar a durabilidade dos bal\u00f5es na decora\u00e7\u00e3o do final de ano?<\/strong><span class=\"ez-toc-section-end\"><\/span><\/h2>\n\n\n\n<p>A primeira coisa que voc\u00ea precisa saber \u00e9 que para os bal\u00f5es de l\u00e1tex durarem mais, o ambiente da decora\u00e7\u00e3o precisa ser preferencialmente fechado (melhor ainda se estiver com ar condicionado), portanto sem exposi\u00e7\u00e3o ao ar livre (sol e chuva fazem os bal\u00f5es estourarem). Al\u00e9m disso, \u00e9 fundamental manter os cuidados b\u00e1sicos com os bal\u00f5es, como cobri-los com sacos pl\u00e1sticos caso a decora\u00e7\u00e3o seja feita antes do evento.<\/p>\n\n\n\n<p>Outra dica para prolongar a durabilidade dos bal\u00f5es \u00e9 <a href=\"https:\/\/baloessaoroque.com.br\/en\/por-que-e-importante-inflar-um-balao-no-tamanho-correto\/\" target=\"_blank\" rel=\"noreferrer noopener\">infl\u00e1-los no tamanho mais<\/a> indicado, isto \u00e9, em at\u00e9 80% ou 90% de sua capacidade (em rela\u00e7\u00e3o a polegada indicada na embalagem).<\/p>\n\n\n\n<p>Esperamos que esse conte\u00fado tenha ajudado com ideias de decora\u00e7\u00e3o com bal\u00f5es para as suas celebra\u00e7\u00f5es de final de ano.<\/p>\n\n\n\n<p>N\u00e3o esque\u00e7a de compartilhar esse conte\u00fado com a fam\u00edlia e amigos. Siga a Bal\u00f5es S\u00e3o Roque no <a href=\"https:\/\/fb.com\/Baloes.SR\" target=\"_blank\" rel=\"noreferrer noopener\">Facebook<\/a> e <a href=\"https:\/\/instagram.com\/Baloes.SaoRoque\" target=\"_blank\" rel=\"noreferrer noopener\">Instagram<\/a> para ficar por dentro de todas as novidades do mercado de bal\u00f5es.<\/p>\n","protected":false},"excerpt":{"rendered":"<p>Sum&aacute;rio Decora\u00e7\u00e3o final do ano: Esculturas de bal\u00f5es para o Natal1 &#8211; Papai Noel de bal\u00f5es2 &#8211; \u00c1rvore de Natal [&hellip;]<\/p>\n","protected":false},"author":1,"featured_media":10313,"comment_status":"open","ping_status":"open","sticky":false,"template":"","format":"standard","meta":[],"categories":[746],"tags":[774,1910,1911,1912],"yoast_head":"<!-- This site is optimized with the Yoast SEO plugin v18.4.1 - https:\/\/yoast.com\/wordpress\/plugins\/seo\/ -->\n<title>Decora\u00e7\u00e3o final de ano: Ideias para Natal e R\u00e9veillon - Bal\u00f5es S\u00e3o Roque<\/title>\n<meta name=\"description\" content=\"Sabia que \u00e9 poss\u00edvel complementar a sua decora\u00e7\u00e3o de final de ano com bal\u00f5es? Para te ajudar, trouxemos ideias de esculturas de bal\u00f5es par...\" \/>\n<meta name=\"robots\" content=\"index, follow, max-snippet:-1, max-image-preview:large, max-video-preview:-1\" \/>\n<link rel=\"canonical\" href=\"https:\/\/baloessaoroque.com.br\/en\/blog-decoracao-final-de-ano-ideias-para-natal-e-reveillon\/\" \/>\n<meta property=\"og:locale\" content=\"pt_BR\" \/>\n<meta property=\"og:type\" content=\"article\" \/>\n<meta property=\"og:title\" content=\"Decora\u00e7\u00e3o final de ano: Ideias para Natal e R\u00e9veillon - Bal\u00f5es S\u00e3o Roque\" \/>\n<meta property=\"og:description\" content=\"Sabia que \u00e9 poss\u00edvel complementar a sua decora\u00e7\u00e3o de final de ano com bal\u00f5es? Para te ajudar, trouxemos ideias de esculturas de bal\u00f5es par...\" \/>\n<meta property=\"og:url\" content=\"https:\/\/baloessaoroque.com.br\/en\/blog-decoracao-final-de-ano-ideias-para-natal-e-reveillon\/\" \/>\n<meta property=\"og:site_name\" content=\"Bal\u00f5es S\u00e3o Roque\" \/>\n<meta property=\"article:published_time\" content=\"2021-12-17T20:29:30+00:00\" \/>\n<meta property=\"article:modified_time\" content=\"2022-01-05T20:02:34+00:00\" \/>\n<meta property=\"og:image\" content=\"https:\/\/baloessaoroque.com.br\/en\/wp-content\/uploads\/2021\/12\/BLOG_2610_FESTAS-FINAL-DE-ANO.png\" \/>\n\t<meta property=\"og:image:width\" content=\"1140\" \/>\n\t<meta property=\"og:image:height\" content=\"500\" \/>\n\t<meta property=\"og:image:type\" content=\"image\/png\" \/>\n<meta name=\"twitter:card\" content=\"summary_large_image\" \/>\n<meta name=\"twitter:label1\" content=\"Escrito por\" \/>\n\t<meta name=\"twitter:data1\" content=\"kite\" \/>\n\t<meta name=\"twitter:label2\" content=\"Est. tempo de leitura\" \/>\n\t<meta name=\"twitter:data2\" content=\"13 minutos\" \/>\n<script type=\"application\/ld+json\" class=\"yoast-schema-graph\">{\"@context\":\"https:\/\/schema.org\",\"@graph\":[{\"@type\":\"WebSite\",\"@id\":\"https:\/\/baloessaoroque.com.br\/en\/#website\",\"url\":\"https:\/\/baloessaoroque.com.br\/en\/\",\"name\":\"Bal\u00f5es S\u00e3o Roque\",\"description\":\"Sua vida cheia de festa!\",\"potentialAction\":[{\"@type\":\"SearchAction\",\"target\":{\"@type\":\"EntryPoint\",\"urlTemplate\":\"https:\/\/baloessaoroque.com.br\/en\/?s={search_term_string}\"},\"query-input\":\"required name=search_term_string\"}],\"inLanguage\":\"pt-BR\"},{\"@type\":\"ImageObject\",\"@id\":\"https:\/\/baloessaoroque.com.br\/en\/blog-decoracao-final-de-ano-ideias-para-natal-e-reveillon\/#primaryimage\",\"inLanguage\":\"pt-BR\",\"url\":\"https:\/\/baloessaoroque.com.br\/en\/wp-content\/uploads\/2021\/12\/BLOG_2610_FESTAS-FINAL-DE-ANO.png\",\"contentUrl\":\"https:\/\/baloessaoroque.com.br\/en\/wp-content\/uploads\/2021\/12\/BLOG_2610_FESTAS-FINAL-DE-ANO.png\",\"width\":1140,\"height\":500,\"caption\":\"Decora\u00e7\u00e3o final de ano: Ideias para Natal e R\u00e9veillon\"},{\"@type\":\"WebPage\",\"@id\":\"https:\/\/baloessaoroque.com.br\/en\/blog-decoracao-final-de-ano-ideias-para-natal-e-reveillon\/#webpage\",\"url\":\"https:\/\/baloessaoroque.com.br\/en\/blog-decoracao-final-de-ano-ideias-para-natal-e-reveillon\/\",\"name\":\"Decora\u00e7\u00e3o final de ano: Ideias para Natal e R\u00e9veillon - Bal\u00f5es S\u00e3o Roque\",\"isPartOf\":{\"@id\":\"https:\/\/baloessaoroque.com.br\/en\/#website\"},\"primaryImageOfPage\":{\"@id\":\"https:\/\/baloessaoroque.com.br\/en\/blog-decoracao-final-de-ano-ideias-para-natal-e-reveillon\/#primaryimage\"},\"datePublished\":\"2021-12-17T20:29:30+00:00\",\"dateModified\":\"2022-01-05T20:02:34+00:00\",\"author\":{\"@id\":\"https:\/\/baloessaoroque.com.br\/en\/#\/schema\/person\/edf0c3d7f7d83c04c03736a851ef3c87\"},\"description\":\"Sabia que \u00e9 poss\u00edvel complementar a sua decora\u00e7\u00e3o de final de ano com bal\u00f5es? Para te ajudar, trouxemos ideias de esculturas de bal\u00f5es par...\",\"breadcrumb\":{\"@id\":\"https:\/\/baloessaoroque.com.br\/en\/blog-decoracao-final-de-ano-ideias-para-natal-e-reveillon\/#breadcrumb\"},\"inLanguage\":\"pt-BR\",\"potentialAction\":[{\"@type\":\"ReadAction\",\"target\":[\"https:\/\/baloessaoroque.com.br\/en\/blog-decoracao-final-de-ano-ideias-para-natal-e-reveillon\/\"]}]},{\"@type\":\"BreadcrumbList\",\"@id\":\"https:\/\/baloessaoroque.com.br\/en\/blog-decoracao-final-de-ano-ideias-para-natal-e-reveillon\/#breadcrumb\",\"itemListElement\":[{\"@type\":\"ListItem\",\"position\":1,\"name\":\"In\u00edcio\",\"item\":\"https:\/\/baloessaoroque.com.br\/en\/\"},{\"@type\":\"ListItem\",\"position\":2,\"name\":\"Decora\u00e7\u00e3o final de ano: Ideias para Natal e R\u00e9veillon\"}]},{\"@type\":\"Person\",\"@id\":\"https:\/\/baloessaoroque.com.br\/en\/#\/schema\/person\/edf0c3d7f7d83c04c03736a851ef3c87\",\"name\":\"kite\",\"image\":{\"@type\":\"ImageObject\",\"@id\":\"https:\/\/baloessaoroque.com.br\/en\/#personlogo\",\"inLanguage\":\"pt-BR\",\"url\":\"https:\/\/secure.gravatar.com\/avatar\/bd19e5c9ad72206ec767e851cc016426?s=96&d=mm&r=g\",\"contentUrl\":\"https:\/\/secure.gravatar.com\/avatar\/bd19e5c9ad72206ec767e851cc016426?s=96&d=mm&r=g\",\"caption\":\"kite\"},\"sameAs\":[\"https:\/\/baloessaoroque.com.br\/en\"],\"url\":\"https:\/\/baloessaoroque.com.br\/en\/author\/kite\/\"}]}<\/script>\n<!-- \/ Yoast SEO plugin. -->","yoast_head_json":{"title":"Decora\u00e7\u00e3o final de ano: Ideias para Natal e R\u00e9veillon - Bal\u00f5es S\u00e3o Roque","description":"Sabia que \u00e9 poss\u00edvel complementar a sua decora\u00e7\u00e3o de final de ano com bal\u00f5es? Para te ajudar, trouxemos ideias de esculturas de bal\u00f5es par...","robots":{"index":"index","follow":"follow","max-snippet":"max-snippet:-1","max-image-preview":"max-image-preview:large","max-video-preview":"max-video-preview:-1"},"canonical":"https:\/\/baloessaoroque.com.br\/en\/blog-decoracao-final-de-ano-ideias-para-natal-e-reveillon\/","og_locale":"pt_BR","og_type":"article","og_title":"Decora\u00e7\u00e3o final de ano: Ideias para Natal e R\u00e9veillon - Bal\u00f5es S\u00e3o Roque","og_description":"Sabia que \u00e9 poss\u00edvel complementar a sua decora\u00e7\u00e3o de final de ano com bal\u00f5es? Para te ajudar, trouxemos ideias de esculturas de bal\u00f5es par...","og_url":"https:\/\/baloessaoroque.com.br\/en\/blog-decoracao-final-de-ano-ideias-para-natal-e-reveillon\/","og_site_name":"Bal\u00f5es S\u00e3o Roque","article_published_time":"2021-12-17T20:29:30+00:00","article_modified_time":"2022-01-05T20:02:34+00:00","og_image":[{"width":1140,"height":500,"url":"https:\/\/baloessaoroque.com.br\/en\/wp-content\/uploads\/2021\/12\/BLOG_2610_FESTAS-FINAL-DE-ANO.png","type":"image\/png"}],"twitter_card":"summary_large_image","twitter_misc":{"Escrito por":"kite","Est. tempo de leitura":"13 minutos"},"schema":{"@context":"https:\/\/schema.org","@graph":[{"@type":"WebSite","@id":"https:\/\/baloessaoroque.com.br\/en\/#website","url":"https:\/\/baloessaoroque.com.br\/en\/","name":"Bal\u00f5es S\u00e3o Roque","description":"Sua vida cheia de festa!","potentialAction":[{"@type":"SearchAction","target":{"@type":"EntryPoint","urlTemplate":"https:\/\/baloessaoroque.com.br\/en\/?s={search_term_string}"},"query-input":"required name=search_term_string"}],"inLanguage":"pt-BR"},{"@type":"ImageObject","@id":"https:\/\/baloessaoroque.com.br\/en\/blog-decoracao-final-de-ano-ideias-para-natal-e-reveillon\/#primaryimage","inLanguage":"pt-BR","url":"https:\/\/baloessaoroque.com.br\/en\/wp-content\/uploads\/2021\/12\/BLOG_2610_FESTAS-FINAL-DE-ANO.png","contentUrl":"https:\/\/baloessaoroque.com.br\/en\/wp-content\/uploads\/2021\/12\/BLOG_2610_FESTAS-FINAL-DE-ANO.png","width":1140,"height":500,"caption":"Decora\u00e7\u00e3o final de ano: Ideias para Natal e R\u00e9veillon"},{"@type":"WebPage","@id":"https:\/\/baloessaoroque.com.br\/en\/blog-decoracao-final-de-ano-ideias-para-natal-e-reveillon\/#webpage","url":"https:\/\/baloessaoroque.com.br\/en\/blog-decoracao-final-de-ano-ideias-para-natal-e-reveillon\/","name":"Decora\u00e7\u00e3o final de ano: Ideias para Natal e R\u00e9veillon - Bal\u00f5es S\u00e3o Roque","isPartOf":{"@id":"https:\/\/baloessaoroque.com.br\/en\/#website"},"primaryImageOfPage":{"@id":"https:\/\/baloessaoroque.com.br\/en\/blog-decoracao-final-de-ano-ideias-para-natal-e-reveillon\/#primaryimage"},"datePublished":"2021-12-17T20:29:30+00:00","dateModified":"2022-01-05T20:02:34+00:00","author":{"@id":"https:\/\/baloessaoroque.com.br\/en\/#\/schema\/person\/edf0c3d7f7d83c04c03736a851ef3c87"},"description":"Sabia que \u00e9 poss\u00edvel complementar a sua decora\u00e7\u00e3o de final de ano com bal\u00f5es? Para te ajudar, trouxemos ideias de esculturas de bal\u00f5es par...","breadcrumb":{"@id":"https:\/\/baloessaoroque.com.br\/en\/blog-decoracao-final-de-ano-ideias-para-natal-e-reveillon\/#breadcrumb"},"inLanguage":"pt-BR","potentialAction":[{"@type":"ReadAction","target":["https:\/\/baloessaoroque.com.br\/en\/blog-decoracao-final-de-ano-ideias-para-natal-e-reveillon\/"]}]},{"@type":"BreadcrumbList","@id":"https:\/\/baloessaoroque.com.br\/en\/blog-decoracao-final-de-ano-ideias-para-natal-e-reveillon\/#breadcrumb","itemListElement":[{"@type":"ListItem","position":1,"name":"In\u00edcio","item":"https:\/\/baloessaoroque.com.br\/en\/"},{"@type":"ListItem","position":2,"name":"Decora\u00e7\u00e3o final de ano: Ideias para Natal e R\u00e9veillon"}]},{"@type":"Person","@id":"https:\/\/baloessaoroque.com.br\/en\/#\/schema\/person\/edf0c3d7f7d83c04c03736a851ef3c87","name":"kite","image":{"@type":"ImageObject","@id":"https:\/\/baloessaoroque.com.br\/en\/#personlogo","inLanguage":"pt-BR","url":"https:\/\/secure.gravatar.com\/avatar\/bd19e5c9ad72206ec767e851cc016426?s=96&d=mm&r=g","contentUrl":"https:\/\/secure.gravatar.com\/avatar\/bd19e5c9ad72206ec767e851cc016426?s=96&d=mm&r=g","caption":"kite"},"sameAs":["https:\/\/baloessaoroque.com.br\/en"],"url":"https:\/\/baloessaoroque.com.br\/en\/author\/kite\/"}]}},"_links":{"self":[{"href":"https:\/\/baloessaoroque.com.br\/en\/wp-json\/wp\/v2\/posts\/10284"}],"collection":[{"href":"https:\/\/baloessaoroque.com.br\/en\/wp-json\/wp\/v2\/posts"}],"about":[{"href":"https:\/\/baloessaoroque.com.br\/en\/wp-json\/wp\/v2\/types\/post"}],"author":[{"embeddable":true,"href":"https:\/\/baloessaoroque.com.br\/en\/wp-json\/wp\/v2\/users\/1"}],"replies":[{"embeddable":true,"href":"https:\/\/baloessaoroque.com.br\/en\/wp-json\/wp\/v2\/comments?post=10284"}],"version-history":[{"count":2,"href":"https:\/\/baloessaoroque.com.br\/en\/wp-json\/wp\/v2\/posts\/10284\/revisions"}],"predecessor-version":[{"id":10360,"href":"https:\/\/baloessaoroque.com.br\/en\/wp-json\/wp\/v2\/posts\/10284\/revisions\/10360"}],"wp:featuredmedia":[{"embeddable":true,"href":"https:\/\/baloessaoroque.com.br\/en\/wp-json\/wp\/v2\/media\/10313"}],"wp:attachment":[{"href":"https:\/\/baloessaoroque.com.br\/en\/wp-json\/wp\/v2\/media?parent=10284"}],"wp:term":[{"taxonomy":"category","embeddable":true,"href":"https:\/\/baloessaoroque.com.br\/en\/wp-json\/wp\/v2\/categories?post=10284"},{"taxonomy":"post_tag","embeddable":true,"href":"https:\/\/baloessaoroque.com.br\/en\/wp-json\/wp\/v2\/tags?post=10284"}],"curies":[{"name":"wp","href":"https:\/\/api.w.org\/{rel}","templated":true}]}}