{"id":10439,"date":"2022-01-07T15:54:19","date_gmt":"2022-01-07T18:54:19","guid":{"rendered":"https:\/\/baloessaoroque.com.br\/en\/?p=10439"},"modified":"2022-01-11T09:30:53","modified_gmt":"2022-01-11T12:30:53","slug":"blog-tendencias-de-decoracao-para-2022-descubra-o-que-estara-em-alta","status":"publish","type":"post","link":"https:\/\/baloessaoroque.com.br\/en\/blog-tendencias-de-decoracao-para-2022-descubra-o-que-estara-em-alta\/","title":{"rendered":"7 Tend\u00eancias de decora\u00e7\u00e3o para 2022: descubra o que estar\u00e1 em alta"},"content":{"rendered":"<div id=\"ez-toc-container\" class=\"ez-toc-v2_0_18 counter-hierarchy counter-decimal\">\n<div class=\"ez-toc-title-container\">\n<p class=\"ez-toc-title\">Sum&aacute;rio<\/p>\n<span class=\"ez-toc-title-toggle\"><a class=\"ez-toc-pull-right ez-toc-btn ez-toc-btn-xs ez-toc-btn-default ez-toc-toggle\" style=\"display: none;\"><i class=\"ez-toc-glyphicon ez-toc-icon-toggle\"><\/i><\/a><\/span><\/div>\n<nav><ul class=\"ez-toc-list ez-toc-list-level-1\"><li class=\"ez-toc-page-1 ez-toc-heading-level-2\"><a class=\"ez-toc-link ez-toc-heading-1\" href=\"https:\/\/baloessaoroque.com.br\/en\/blog-tendencias-de-decoracao-para-2022-descubra-o-que-estara-em-alta\/#Tendencias_de_decoracao_Cortina_de_Rafias\" title=\"Tend\u00eancias de decora\u00e7\u00e3o: Cortina de Rafias\">Tend\u00eancias de decora\u00e7\u00e3o: Cortina de Rafias<\/a><\/li><li class=\"ez-toc-page-1 ez-toc-heading-level-2\"><a class=\"ez-toc-link ez-toc-heading-2\" href=\"https:\/\/baloessaoroque.com.br\/en\/blog-tendencias-de-decoracao-para-2022-descubra-o-que-estara-em-alta\/#Arcos_desconstruidos\" title=\"Arcos desconstru\u00eddos\">Arcos desconstru\u00eddos<\/a><\/li><li class=\"ez-toc-page-1 ez-toc-heading-level-2\"><a class=\"ez-toc-link ez-toc-heading-3\" href=\"https:\/\/baloessaoroque.com.br\/en\/blog-tendencias-de-decoracao-para-2022-descubra-o-que-estara-em-alta\/#Tendencias_de_decoracao_Neon_para_o_verao\" title=\"Tend\u00eancias de decora\u00e7\u00e3o: Neon para o ver\u00e3o\">Tend\u00eancias de decora\u00e7\u00e3o: Neon para o ver\u00e3o<\/a><\/li><li class=\"ez-toc-page-1 ez-toc-heading-level-2\"><a class=\"ez-toc-link ez-toc-heading-4\" href=\"https:\/\/baloessaoroque.com.br\/en\/blog-tendencias-de-decoracao-para-2022-descubra-o-que-estara-em-alta\/#Mosaico_de_baloes\" title=\"Mosaico de bal\u00f5es\">Mosaico de bal\u00f5es<\/a><\/li><li class=\"ez-toc-page-1 ez-toc-heading-level-2\"><a class=\"ez-toc-link ez-toc-heading-5\" href=\"https:\/\/baloessaoroque.com.br\/en\/blog-tendencias-de-decoracao-para-2022-descubra-o-que-estara-em-alta\/#Tendencias_de_decoracao_e_o_Estilo_Boho_minimalista\" title=\"Tend\u00eancias de decora\u00e7\u00e3o e o Estilo Boho minimalista \">Tend\u00eancias de decora\u00e7\u00e3o e o Estilo Boho minimalista <\/a><\/li><li class=\"ez-toc-page-1 ez-toc-heading-level-2\"><a class=\"ez-toc-link ez-toc-heading-6\" href=\"https:\/\/baloessaoroque.com.br\/en\/blog-tendencias-de-decoracao-para-2022-descubra-o-que-estara-em-alta\/#Tendencias_de_decoracao_Espacos_instagramaveis\" title=\"Tend\u00eancias de decora\u00e7\u00e3o: Espa\u00e7os instagram\u00e1veis\">Tend\u00eancias de decora\u00e7\u00e3o: Espa\u00e7os instagram\u00e1veis<\/a><\/li><li class=\"ez-toc-page-1 ez-toc-heading-level-2\"><a class=\"ez-toc-link ez-toc-heading-7\" href=\"https:\/\/baloessaoroque.com.br\/en\/blog-tendencias-de-decoracao-para-2022-descubra-o-que-estara-em-alta\/#Cor_2022_Very_Peri\" title=\"Cor 2022: Very Peri\">Cor 2022: Very Peri<\/a><\/li><li class=\"ez-toc-page-1 ez-toc-heading-level-2\"><a class=\"ez-toc-link ez-toc-heading-8\" href=\"https:\/\/baloessaoroque.com.br\/en\/blog-tendencias-de-decoracao-para-2022-descubra-o-que-estara-em-alta\/#Baloes_ou_decoracoes_personalizaveis\" title=\"Bal\u00f5es (ou decora\u00e7\u00f5es) personaliz\u00e1veis\">Bal\u00f5es (ou decora\u00e7\u00f5es) personaliz\u00e1veis<\/a><\/li><\/ul><\/nav><\/div>\n\n<p>O ano de 2022 tem tudo para ser promissor em todos os setores do mercado. Com os eventos n\u00e3o ser\u00e1 diferente. O que significa que as decora\u00e7\u00f5es t\u00eam tudo para ser ainda mais destaque nas celebra\u00e7\u00f5es. Se voc\u00ea quer descobrir quais ser\u00e3o as tend\u00eancias de decora\u00e7\u00e3o no pr\u00f3ximo ano, est\u00e1 no lugar certo.<\/p>\n\n\n\n<p>Como a Bal\u00f5es S\u00e3o Roque \u00e9 uma empresa que se preocupa em entregar sempre o melhor para seus consumidores, em parceria com a decoradora Viviane Furlan, voc\u00ea confere em primeira m\u00e3o, o que ser\u00e1 tend\u00eancia nas decora\u00e7\u00f5es em 2022.<\/p>\n\n\n\n<p>As dicas que preparamos te ajudar\u00e3o a sair na frente em suas produ\u00e7\u00f5es no pr\u00f3ximo ano. Separe o caderninho de anota\u00e7\u00f5es e boa leitura!<\/p>\n\n\n\n<h2><span class=\"ez-toc-section\" id=\"Tendencias_de_decoracao_Cortina_de_Rafias\"><\/span><strong>Tend\u00eancias de decora\u00e7\u00e3o: Cortina de Rafias<\/strong><span class=\"ez-toc-section-end\"><\/span><\/h2>\n\n\n\n<p>Sucesso principalmente nos Estados Unidos, as cortinas de rafias est\u00e3o chegando \u00e0s decora\u00e7\u00f5es brasileiras aos poucos e tendem a conquistar cora\u00e7\u00f5es. Sendo a principal aposta das tend\u00eancias de decora\u00e7\u00e3o 2022, a novidade pode ser usada em diversas ocasi\u00f5es, seja casamentos, anivers\u00e1rios, ch\u00e1 revela\u00e7\u00e3o e at\u00e9 ch\u00e1 bar.<\/p>\n\n\n\n<div class=\"wp-block-image\"><figure class=\"aligncenter size-full is-resized\"><a href=\"https:\/\/baloessaoroque.com.br\/en\/wp-content\/uploads\/2022\/01\/Captura-de-Tela-2022-01-07-a\u0300s-09.56.55.png\"><img loading=\"lazy\" src=\"https:\/\/baloessaoroque.com.br\/en\/wp-content\/uploads\/2022\/01\/Captura-de-Tela-2022-01-07-a\u0300s-09.56.55.png\" alt=\"tend\u00eancias de decora\u00e7\u00e3o: cortina de rafias\" class=\"wp-image-10440\" width=\"-288\" height=\"-287\" srcset=\"https:\/\/baloessaoroque.com.br\/en\/wp-content\/uploads\/2022\/01\/Captura-de-Tela-2022-01-07-a\u0300s-09.56.55.png 876w, https:\/\/baloessaoroque.com.br\/en\/wp-content\/uploads\/2022\/01\/Captura-de-Tela-2022-01-07-a\u0300s-09.56.55-300x300.png 300w, https:\/\/baloessaoroque.com.br\/en\/wp-content\/uploads\/2022\/01\/Captura-de-Tela-2022-01-07-a\u0300s-09.56.55-150x150.png 150w, https:\/\/baloessaoroque.com.br\/en\/wp-content\/uploads\/2022\/01\/Captura-de-Tela-2022-01-07-a\u0300s-09.56.55-768x769.png 768w, https:\/\/baloessaoroque.com.br\/en\/wp-content\/uploads\/2022\/01\/Captura-de-Tela-2022-01-07-a\u0300s-09.56.55-400x400.png 400w, https:\/\/baloessaoroque.com.br\/en\/wp-content\/uploads\/2022\/01\/Captura-de-Tela-2022-01-07-a\u0300s-09.56.55-620x621.png 620w, https:\/\/baloessaoroque.com.br\/en\/wp-content\/uploads\/2022\/01\/Captura-de-Tela-2022-01-07-a\u0300s-09.56.55-600x601.png 600w, https:\/\/baloessaoroque.com.br\/en\/wp-content\/uploads\/2022\/01\/Captura-de-Tela-2022-01-07-a\u0300s-09.56.55-100x100.png 100w\" sizes=\"(max-width: 876px) 100vw, 876px\" \/><\/a><figcaption>Decora\u00e7\u00e3o: Viviane Furlan<\/figcaption><\/figure><\/div>\n\n\n\n<p>O material das cortinas de rafias pode variar de acordo com a prefer\u00eancia do dono da festa. As cores v\u00e3o das mais claras \u00e0s escuras e podem ser metalizadas ou n\u00e3o. Uma das principais vantagens \u00e9 poder mesclar as rafias com a decora\u00e7\u00e3o de bal\u00f5es, garantindo mais sofistica\u00e7\u00e3o e eleg\u00e2ncia para o ambiente. Al\u00e9m disso, tamb\u00e9m \u00e9 poss\u00edvel coloc\u00e1-las em portas, pain\u00e9is, cobrir paredes e entre outros.<\/p>\n\n\n\n<div class=\"wp-block-image\"><figure class=\"aligncenter size-full is-resized\"><a href=\"https:\/\/baloessaoroque.com.br\/en\/wp-content\/uploads\/2022\/01\/cortina-rafia.jpeg\"><img loading=\"lazy\" src=\"https:\/\/baloessaoroque.com.br\/en\/wp-content\/uploads\/2022\/01\/cortina-rafia.jpeg\" alt=\"\" class=\"wp-image-10441\" width=\"488\" height=\"488\" srcset=\"https:\/\/baloessaoroque.com.br\/en\/wp-content\/uploads\/2022\/01\/cortina-rafia.jpeg 564w, https:\/\/baloessaoroque.com.br\/en\/wp-content\/uploads\/2022\/01\/cortina-rafia-300x300.jpeg 300w, https:\/\/baloessaoroque.com.br\/en\/wp-content\/uploads\/2022\/01\/cortina-rafia-150x150.jpeg 150w, https:\/\/baloessaoroque.com.br\/en\/wp-content\/uploads\/2022\/01\/cortina-rafia-400x400.jpeg 400w, https:\/\/baloessaoroque.com.br\/en\/wp-content\/uploads\/2022\/01\/cortina-rafia-100x100.jpeg 100w\" sizes=\"(max-width: 488px) 100vw, 488px\" \/><\/a><\/figure><\/div>\n\n\n\n<p>Portanto, se voc\u00ea s\u00f3 via esse item nas refer\u00eancias do Pinterest, pode investir e propor em suas cria\u00e7\u00f5es porque essas decora\u00e7\u00f5es v\u00e3o ser muito pedidas em 2022, pode apostar!<\/p>\n\n\n\n<div class=\"wp-block-image\"><figure class=\"aligncenter size-large is-resized\"><a href=\"https:\/\/baloessaoroque.com.br\/en\/wp-content\/uploads\/2022\/01\/DSCF6958-2-scaled.jpg\"><img loading=\"lazy\" src=\"https:\/\/baloessaoroque.com.br\/en\/wp-content\/uploads\/2022\/01\/DSCF6958-2-edited-scaled.jpg\" alt=\"tend\u00eancias de decora\u00e7\u00e3o: cortina de rafias\" class=\"wp-image-10461\" width=\"700\" height=\"525\" srcset=\"https:\/\/baloessaoroque.com.br\/en\/wp-content\/uploads\/2022\/01\/DSCF6958-2-edited-scaled.jpg 2560w, https:\/\/baloessaoroque.com.br\/en\/wp-content\/uploads\/2022\/01\/DSCF6958-2-edited-300x225.jpg 300w, https:\/\/baloessaoroque.com.br\/en\/wp-content\/uploads\/2022\/01\/DSCF6958-2-edited-1024x768.jpg 1024w, https:\/\/baloessaoroque.com.br\/en\/wp-content\/uploads\/2022\/01\/DSCF6958-2-edited-768x576.jpg 768w, https:\/\/baloessaoroque.com.br\/en\/wp-content\/uploads\/2022\/01\/DSCF6958-2-edited-1536x1152.jpg 1536w, https:\/\/baloessaoroque.com.br\/en\/wp-content\/uploads\/2022\/01\/DSCF6958-2-edited-2048x1536.jpg 2048w, https:\/\/baloessaoroque.com.br\/en\/wp-content\/uploads\/2022\/01\/DSCF6958-2-edited-400x300.jpg 400w, https:\/\/baloessaoroque.com.br\/en\/wp-content\/uploads\/2022\/01\/DSCF6958-2-edited-620x465.jpg 620w, https:\/\/baloessaoroque.com.br\/en\/wp-content\/uploads\/2022\/01\/DSCF6958-2-edited-600x450.jpg 600w\" sizes=\"(max-width: 700px) 100vw, 700px\" \/><\/a><\/figure><\/div>\n\n\n\n<h2><span class=\"ez-toc-section\" id=\"Arcos_desconstruidos\"><\/span><strong>Arcos desconstru\u00eddos<\/strong><span class=\"ez-toc-section-end\"><\/span><\/h2>\n\n\n\n<p>Os arcos desconstru\u00eddos viraram febre nos \u00faltimos anos e tudo indica que continuar\u00e3o sendo os queridinhos das festas. A tend\u00eancia para o pr\u00f3ximo ano continua em alta para todo tipo de evento, desde ch\u00e1s de beb\u00ea, anivers\u00e1rios de crian\u00e7as, adolescentes, adultos e at\u00e9 casamentos.<\/p>\n\n\n\n<div class=\"wp-block-image\"><figure class=\"aligncenter size-large is-resized\"><a href=\"https:\/\/baloessaoroque.com.br\/en\/wp-content\/uploads\/2022\/01\/arco-desconstruido-scaled.jpeg\"><img loading=\"lazy\" src=\"https:\/\/baloessaoroque.com.br\/en\/wp-content\/uploads\/2022\/01\/arco-desconstruido-683x1024.jpeg\" alt=\"\" class=\"wp-image-10445\" width=\"367\" height=\"550\" srcset=\"https:\/\/baloessaoroque.com.br\/en\/wp-content\/uploads\/2022\/01\/arco-desconstruido-683x1024.jpeg 683w, https:\/\/baloessaoroque.com.br\/en\/wp-content\/uploads\/2022\/01\/arco-desconstruido-200x300.jpeg 200w, https:\/\/baloessaoroque.com.br\/en\/wp-content\/uploads\/2022\/01\/arco-desconstruido-768x1152.jpeg 768w, https:\/\/baloessaoroque.com.br\/en\/wp-content\/uploads\/2022\/01\/arco-desconstruido-1024x1536.jpeg 1024w, https:\/\/baloessaoroque.com.br\/en\/wp-content\/uploads\/2022\/01\/arco-desconstruido-1365x2048.jpeg 1365w, https:\/\/baloessaoroque.com.br\/en\/wp-content\/uploads\/2022\/01\/arco-desconstruido-400x600.jpeg 400w, https:\/\/baloessaoroque.com.br\/en\/wp-content\/uploads\/2022\/01\/arco-desconstruido-600x900.jpeg 600w, https:\/\/baloessaoroque.com.br\/en\/wp-content\/uploads\/2022\/01\/arco-desconstruido-scaled.jpeg 1707w\" sizes=\"(max-width: 367px) 100vw, 367px\" \/><\/a><\/figure><\/div>\n\n\n\n<p>O estilo deste tipo de decora\u00e7\u00e3o segue uma proposta mais flu\u00edda, com diferentes tipos, formatos e tamanhos de bal\u00f5es. Isto \u00e9, os arcos s\u00e3o assim\u00e9tricos, modernos e transmitem a sensa\u00e7\u00e3o de movimento.<\/p>\n\n\n\n<div class=\"wp-block-image\"><figure class=\"aligncenter size-large is-resized\"><a href=\"https:\/\/baloessaoroque.com.br\/en\/wp-content\/uploads\/2022\/01\/0575-BALOES-SAO-ROQUE-VIVIANE-FURLAN-PRODUCOESK-SOROCABA-RONALD-MENNEL-FOTO-FILME-SP-scaled.jpg\"><img loading=\"lazy\" src=\"https:\/\/baloessaoroque.com.br\/en\/wp-content\/uploads\/2022\/01\/0575-BALOES-SAO-ROQUE-VIVIANE-FURLAN-PRODUCOESK-SOROCABA-RONALD-MENNEL-FOTO-FILME-SP-683x1024.jpg\" alt=\"tend\u00eancias de decora\u00e7\u00e3o: arco desconstru\u00eddo de bal\u00f5es\" class=\"wp-image-10446\" width=\"409\" height=\"612\" srcset=\"https:\/\/baloessaoroque.com.br\/en\/wp-content\/uploads\/2022\/01\/0575-BALOES-SAO-ROQUE-VIVIANE-FURLAN-PRODUCOESK-SOROCABA-RONALD-MENNEL-FOTO-FILME-SP-683x1024.jpg 683w, https:\/\/baloessaoroque.com.br\/en\/wp-content\/uploads\/2022\/01\/0575-BALOES-SAO-ROQUE-VIVIANE-FURLAN-PRODUCOESK-SOROCABA-RONALD-MENNEL-FOTO-FILME-SP-200x300.jpg 200w, https:\/\/baloessaoroque.com.br\/en\/wp-content\/uploads\/2022\/01\/0575-BALOES-SAO-ROQUE-VIVIANE-FURLAN-PRODUCOESK-SOROCABA-RONALD-MENNEL-FOTO-FILME-SP-400x600.jpg 400w, https:\/\/baloessaoroque.com.br\/en\/wp-content\/uploads\/2022\/01\/0575-BALOES-SAO-ROQUE-VIVIANE-FURLAN-PRODUCOESK-SOROCABA-RONALD-MENNEL-FOTO-FILME-SP-scaled.jpg 1707w\" sizes=\"(max-width: 409px) 100vw, 409px\" \/><\/a><figcaption>Produ\u00e7\u00e3o: Viviane Furlan<\/figcaption><\/figure><\/div>\n\n\n\n<p>Existem <a href=\"https:\/\/baloessaoroque.com.br\/en\/blog-decoracao-com-balao-arco-desconstruido\/\">v\u00e1rios estilos de arcos desconstru\u00eddos<\/a>, como os com flores e plantas, no painel redondo, suspensos ou no teto, monocrom\u00e1tico e at\u00e9 em vers\u00e3o miniatura. <\/p>\n\n\n\n<h2><span class=\"ez-toc-section\" id=\"Tendencias_de_decoracao_Neon_para_o_verao\"><\/span><strong>Tend\u00eancias de decora\u00e7\u00e3o: Neon para o ver\u00e3o<\/strong><span class=\"ez-toc-section-end\"><\/span><\/h2>\n\n\n\n<p>Engana-se quem pensa que o neon \u00e9 indicado apenas para eventos noturnos ou ambientes escuros, como por exemplo, as baladas. Muito pelo contr\u00e1rio, as cores neon prometem marcar presen\u00e7a nos eventos do ver\u00e3o e por isso fazem parte da lista de tend\u00eancias de decora\u00e7\u00e3o 2022.<\/p>\n\n\n\n<p>As famosas festas na piscina (pool party), tropical ou havaiana \u2013 realizadas na \u00e9poca mais quente do ano \u2013 costumam ter decora\u00e7\u00f5es alegres, fortes e coloridas. Tudo para combinar com o ver\u00e3o que nos remete a momentos divertidos e felizes.<\/p>\n\n\n\n<div class=\"wp-block-image\"><figure class=\"aligncenter size-large is-resized\"><a href=\"https:\/\/baloessaoroque.com.br\/en\/wp-content\/uploads\/2022\/01\/neon2-scaled.jpeg\"><img src=\"https:\/\/baloessaoroque.com.br\/en\/wp-content\/uploads\/2022\/01\/neon2-edited-scaled.jpeg\" alt=\"tend\u00eancias de decora\u00e7\u00e3o: festa neon\" class=\"wp-image-10455\" width=\"662\" srcset=\"https:\/\/baloessaoroque.com.br\/en\/wp-content\/uploads\/2022\/01\/neon2-edited-scaled.jpeg 2560w, https:\/\/baloessaoroque.com.br\/en\/wp-content\/uploads\/2022\/01\/neon2-edited-300x225.jpeg 300w, https:\/\/baloessaoroque.com.br\/en\/wp-content\/uploads\/2022\/01\/neon2-edited-1024x769.jpeg 1024w, https:\/\/baloessaoroque.com.br\/en\/wp-content\/uploads\/2022\/01\/neon2-edited-768x577.jpeg 768w, https:\/\/baloessaoroque.com.br\/en\/wp-content\/uploads\/2022\/01\/neon2-edited-1536x1153.jpeg 1536w, https:\/\/baloessaoroque.com.br\/en\/wp-content\/uploads\/2022\/01\/neon2-edited-2048x1537.jpeg 2048w, https:\/\/baloessaoroque.com.br\/en\/wp-content\/uploads\/2022\/01\/neon2-edited-400x300.jpeg 400w, https:\/\/baloessaoroque.com.br\/en\/wp-content\/uploads\/2022\/01\/neon2-edited-620x465.jpeg 620w, https:\/\/baloessaoroque.com.br\/en\/wp-content\/uploads\/2022\/01\/neon2-edited-600x450.jpeg 600w\" sizes=\"(max-width: 2560px) 100vw, 2560px\" \/><\/a><\/figure><\/div>\n\n\n\n<p>Dessa forma, se a ideia \u00e9 proporcionar uma festa marcante, aposte nas cores neon, pois s\u00e3o extremamente chamativas e ainda possuem um efeito luminoso que fica incr\u00edvel na luz do dia. As tonalidades de mais destaque: amarelo, rosa, violeta, laranja c\u00edtrico, verde e azul.<\/p>\n\n\n\n<p>Independente se a festa for de adulto, adolescente, crian\u00e7a ou beb\u00ea, os <a href=\"https:\/\/baloessaoroque.com.br\/en\/categoria-produto\/neon\/\">bal\u00f5es neon<\/a> garantem um visual incr\u00edvel e reluzente.<\/p>\n\n\n\n<h2><span class=\"ez-toc-section\" id=\"Mosaico_de_baloes\"><\/span><strong>Mosaico de bal\u00f5es<\/strong><span class=\"ez-toc-section-end\"><\/span><\/h2>\n\n\n\n<p>Vers\u00e1til para todo tipo de festa, o mosaico de bal\u00f5es \u00e9 outra tend\u00eancia que permanecer\u00e1 forte em 2022. Isso porque eles passaram de simples itens de decora\u00e7\u00f5es, para grandes e sofisticados mosaicos. Foi-se o tempo em que os mosaicos de bal\u00f5es eram feitos apenas com um tamanho de bal\u00e3o. Atualmente, a tend\u00eancia \u00e9: quanto mais elaborado e com varia\u00e7\u00e3o da bal\u00f5es, melhor!<\/p>\n\n\n\n<div class=\"wp-block-image\"><figure class=\"aligncenter size-large is-resized\"><a href=\"https:\/\/baloessaoroque.com.br\/en\/wp-content\/uploads\/2022\/01\/mosaico-scaled.jpg\"><img loading=\"lazy\" src=\"https:\/\/baloessaoroque.com.br\/en\/wp-content\/uploads\/2022\/01\/mosaico-1024x950.jpg\" alt=\"tend\u00eancias de decora\u00e7\u00e3o: mosaico de bal\u00f5es\" class=\"wp-image-10449\" width=\"558\" height=\"517\" srcset=\"https:\/\/baloessaoroque.com.br\/en\/wp-content\/uploads\/2022\/01\/mosaico-1024x950.jpg 1024w, https:\/\/baloessaoroque.com.br\/en\/wp-content\/uploads\/2022\/01\/mosaico-300x278.jpg 300w, https:\/\/baloessaoroque.com.br\/en\/wp-content\/uploads\/2022\/01\/mosaico-768x712.jpg 768w, https:\/\/baloessaoroque.com.br\/en\/wp-content\/uploads\/2022\/01\/mosaico-1536x1425.jpg 1536w, https:\/\/baloessaoroque.com.br\/en\/wp-content\/uploads\/2022\/01\/mosaico-2048x1900.jpg 2048w, https:\/\/baloessaoroque.com.br\/en\/wp-content\/uploads\/2022\/01\/mosaico-400x371.jpg 400w, https:\/\/baloessaoroque.com.br\/en\/wp-content\/uploads\/2022\/01\/mosaico-620x575.jpg 620w, https:\/\/baloessaoroque.com.br\/en\/wp-content\/uploads\/2022\/01\/mosaico-600x557.jpg 600w\" sizes=\"(max-width: 558px) 100vw, 558px\" \/><\/a><figcaption>Produ\u00e7\u00e3o: Cris Conrad<\/figcaption><\/figure><\/div>\n\n\n\n<p>E convenhamos, um mosaico de bal\u00f5es quando bem feito, atrai olhares apaixonantes e suspiros de encantamento! Em nosso <a href=\"https:\/\/pin.it\/6pXtGpK\" target=\"_blank\" rel=\"noreferrer noopener\">Pinterest<\/a>, temos algumas inspira\u00e7\u00f5es de mosaicos, produzidos pela decoradora, Cris Conrad. Entretanto, voc\u00ea pode saber e aprender mais sobre essa tend\u00eancia clicando <a href=\"https:\/\/baloessaoroque.com.br\/en\/blog-mosaico-de-baloes-conheca-a-nova-tendencia-de-decoracao\/\" target=\"_blank\" rel=\"noreferrer noopener\">aqui<\/a>.&nbsp;<\/p>\n\n\n\n<div class=\"wp-block-image\"><figure class=\"aligncenter size-large is-resized\"><a href=\"https:\/\/baloessaoroque.com.br\/en\/wp-content\/uploads\/2022\/01\/mosaico2-scaled.jpg\"><img loading=\"lazy\" src=\"https:\/\/baloessaoroque.com.br\/en\/wp-content\/uploads\/2022\/01\/mosaico2-731x1024.jpg\" alt=\"\" class=\"wp-image-10450\" width=\"380\" height=\"532\" srcset=\"https:\/\/baloessaoroque.com.br\/en\/wp-content\/uploads\/2022\/01\/mosaico2-731x1024.jpg 731w, https:\/\/baloessaoroque.com.br\/en\/wp-content\/uploads\/2022\/01\/mosaico2-214x300.jpg 214w, https:\/\/baloessaoroque.com.br\/en\/wp-content\/uploads\/2022\/01\/mosaico2-768x1075.jpg 768w, https:\/\/baloessaoroque.com.br\/en\/wp-content\/uploads\/2022\/01\/mosaico2-1097x1536.jpg 1097w, https:\/\/baloessaoroque.com.br\/en\/wp-content\/uploads\/2022\/01\/mosaico2-1463x2048.jpg 1463w, https:\/\/baloessaoroque.com.br\/en\/wp-content\/uploads\/2022\/01\/mosaico2-400x560.jpg 400w, https:\/\/baloessaoroque.com.br\/en\/wp-content\/uploads\/2022\/01\/mosaico2-620x868.jpg 620w, https:\/\/baloessaoroque.com.br\/en\/wp-content\/uploads\/2022\/01\/mosaico2-600x840.jpg 600w, https:\/\/baloessaoroque.com.br\/en\/wp-content\/uploads\/2022\/01\/mosaico2-scaled.jpg 1829w\" sizes=\"(max-width: 380px) 100vw, 380px\" \/><\/a><figcaption>Produ\u00e7\u00e3o: Cris Conrad<\/figcaption><\/figure><\/div>\n\n\n\n<h2><span class=\"ez-toc-section\" id=\"Tendencias_de_decoracao_e_o_Estilo_Boho_minimalista\"><\/span><strong>Tend\u00eancias de decora\u00e7\u00e3o e o Estilo Boho minimalista<\/strong> <span class=\"ez-toc-section-end\"><\/span><\/h2>\n\n\n\n<p>Muito utilizado no in\u00edcio dos anos 2000, o estilo boho promete voltar com tudo nas decora\u00e7\u00f5es de festa. Principalmente para quem segue um costume mais minimalista e escolhe como tema para suas festas algo mais rom\u00e2ntico, vintage e at\u00e9 country.<\/p>\n\n\n\n<div class=\"wp-block-image\"><figure class=\"aligncenter size-full is-resized\"><a href=\"https:\/\/baloessaoroque.com.br\/en\/wp-content\/uploads\/2022\/01\/boho.jpeg\"><img loading=\"lazy\" src=\"https:\/\/baloessaoroque.com.br\/en\/wp-content\/uploads\/2022\/01\/boho.jpeg\" alt=\"\" class=\"wp-image-10451\" width=\"398\" height=\"530\" srcset=\"https:\/\/baloessaoroque.com.br\/en\/wp-content\/uploads\/2022\/01\/boho.jpeg 564w, https:\/\/baloessaoroque.com.br\/en\/wp-content\/uploads\/2022\/01\/boho-225x300.jpeg 225w, https:\/\/baloessaoroque.com.br\/en\/wp-content\/uploads\/2022\/01\/boho-400x533.jpeg 400w\" sizes=\"(max-width: 398px) 100vw, 398px\" \/><\/a><figcaption>Pinterest<\/figcaption><\/figure><\/div>\n\n\n\n<p>O boho \u00e9 marcado pela liberdade, independ\u00eancia e sofistica\u00e7\u00e3o. A composi\u00e7\u00e3o de tons terrosos e elementos da natureza s\u00e3o os pontos principais em festas dessa tem\u00e1tica. Para os bal\u00f5es, \u00e9 poss\u00edvel criar uma decora\u00e7\u00e3o cheia de estilo com uma paleta de cores suave que passa a sensa\u00e7\u00e3o de calmaria e tranquilidade. As tonalidades mais utilizadas s\u00e3o: caf\u00e9 Brasil, laranja mandarim, mocha, amarelo sol, eucalipto e verde areia da <a href=\"https:\/\/baloessaoroque.com.br\/en\/categoria-produto\/liso\/\">linha Lisos<\/a>.<\/p>\n\n\n\n<h2><span class=\"ez-toc-section\" id=\"Tendencias_de_decoracao_Espacos_instagramaveis\"><\/span><strong>Tend\u00eancias de decora\u00e7\u00e3o: Espa\u00e7os instagram\u00e1veis<\/strong><span class=\"ez-toc-section-end\"><\/span><\/h2>\n\n\n\n<p>Atualmente, uma das primeiras coisas que voc\u00ea faz ao chegar em um evento \u00e9 tirar fotos, acertamos? Essa \u00e9 uma atitude quase un\u00e2nime entre as pessoas, pois com o avan\u00e7o das redes sociais, todos querem garantir um clique perfeito para atualizarem seus perfis.<\/p>\n\n\n\n<div class=\"wp-block-image\"><figure class=\"aligncenter size-large is-resized\"><a href=\"https:\/\/baloessaoroque.com.br\/en\/wp-content\/uploads\/2022\/01\/instagramavel.jpeg\"><img loading=\"lazy\" src=\"https:\/\/baloessaoroque.com.br\/en\/wp-content\/uploads\/2022\/01\/instagramavel-1024x683.jpeg\" alt=\"tend\u00eancias de decora\u00e7\u00e3o: espa\u00e7o instagram\u00e1vel em festa tropical \" class=\"wp-image-10452\" width=\"686\" height=\"457\" srcset=\"https:\/\/baloessaoroque.com.br\/en\/wp-content\/uploads\/2022\/01\/instagramavel-1024x683.jpeg 1024w, https:\/\/baloessaoroque.com.br\/en\/wp-content\/uploads\/2022\/01\/instagramavel-300x200.jpeg 300w, https:\/\/baloessaoroque.com.br\/en\/wp-content\/uploads\/2022\/01\/instagramavel-768x512.jpeg 768w, https:\/\/baloessaoroque.com.br\/en\/wp-content\/uploads\/2022\/01\/instagramavel-1536x1024.jpeg 1536w, https:\/\/baloessaoroque.com.br\/en\/wp-content\/uploads\/2022\/01\/instagramavel-2048x1365.jpeg 2048w, https:\/\/baloessaoroque.com.br\/en\/wp-content\/uploads\/2022\/01\/instagramavel-400x267.jpeg 400w, https:\/\/baloessaoroque.com.br\/en\/wp-content\/uploads\/2022\/01\/instagramavel-620x413.jpeg 620w, https:\/\/baloessaoroque.com.br\/en\/wp-content\/uploads\/2022\/01\/instagramavel-600x400.jpeg 600w\" sizes=\"(max-width: 686px) 100vw, 686px\" \/><\/a><figcaption>Produ\u00e7\u00e3o: Viviane Furlan<\/figcaption><\/figure><\/div>\n\n\n\n<p>\u00c9 a\u00ed que surgem os famosos espa\u00e7os instagram\u00e1veis que tendem a ganhar cada vez mais espa\u00e7o nas decora\u00e7\u00f5es de festas. Se voc\u00ea ainda n\u00e3o sabe o que \u00e9, trata-se de um ambiente da festa decorado especialmente para os convidados tirarem fotos. Quando bem produzido, formam-se filas de pessoas. N\u00e3o \u00e9 \u00e0 toa que est\u00e1 listado como uma das principais tend\u00eancias de decora\u00e7\u00e3o em 2022.<\/p>\n\n\n\n<div class=\"wp-block-image\"><figure class=\"aligncenter size-large is-resized\"><a href=\"https:\/\/baloessaoroque.com.br\/en\/wp-content\/uploads\/2022\/01\/instagramavel2-scaled.jpeg\"><img src=\"https:\/\/baloessaoroque.com.br\/en\/wp-content\/uploads\/2022\/01\/instagramavel2-edited-scaled.jpeg\" alt=\"\" class=\"wp-image-10454\" width=\"471\" srcset=\"https:\/\/baloessaoroque.com.br\/en\/wp-content\/uploads\/2022\/01\/instagramavel2-edited-scaled.jpeg 2560w, https:\/\/baloessaoroque.com.br\/en\/wp-content\/uploads\/2022\/01\/instagramavel2-edited-300x300.jpeg 300w, https:\/\/baloessaoroque.com.br\/en\/wp-content\/uploads\/2022\/01\/instagramavel2-edited-1024x1024.jpeg 1024w, https:\/\/baloessaoroque.com.br\/en\/wp-content\/uploads\/2022\/01\/instagramavel2-edited-150x150.jpeg 150w, https:\/\/baloessaoroque.com.br\/en\/wp-content\/uploads\/2022\/01\/instagramavel2-edited-768x768.jpeg 768w, https:\/\/baloessaoroque.com.br\/en\/wp-content\/uploads\/2022\/01\/instagramavel2-edited-1536x1536.jpeg 1536w, https:\/\/baloessaoroque.com.br\/en\/wp-content\/uploads\/2022\/01\/instagramavel2-edited-2048x2048.jpeg 2048w, https:\/\/baloessaoroque.com.br\/en\/wp-content\/uploads\/2022\/01\/instagramavel2-edited-400x400.jpeg 400w, https:\/\/baloessaoroque.com.br\/en\/wp-content\/uploads\/2022\/01\/instagramavel2-edited-620x620.jpeg 620w, https:\/\/baloessaoroque.com.br\/en\/wp-content\/uploads\/2022\/01\/instagramavel2-edited-600x600.jpeg 600w, https:\/\/baloessaoroque.com.br\/en\/wp-content\/uploads\/2022\/01\/instagramavel2-edited-100x100.jpeg 100w\" sizes=\"(max-width: 2560px) 100vw, 2560px\" \/><\/a><\/figure><\/div>\n\n\n\n<p>Os espa\u00e7os instagram\u00e1veis devem ser harm\u00f4nicos e atraentes. \u00c9 preciso pensar em cada detalhe para chamar aten\u00e7\u00e3o dos convidados. O uso de balan\u00e7o, poltrona, plantas, flores e bal\u00f5es torna-se indispens\u00e1vel! Entretanto, as decora\u00e7\u00f5es em 3D com bal\u00f5es \u00e9 uma \u00f3tima maneira de inserir a pessoa dentro do cen\u00e1rio e criar momentos \u00fanicos.<\/p>\n\n\n\n<h2><span class=\"ez-toc-section\" id=\"Cor_2022_Very_Peri\"><\/span><strong>Cor 2022: Very Peri<\/strong><span class=\"ez-toc-section-end\"><\/span><\/h2>\n\n\n\n<p>Anualmente, a empresa norte-americana Pantone, divulga a cor que ser\u00e1 tend\u00eancia em decora\u00e7\u00e3o, design e moda no pr\u00f3ximo ano. Para chegar na escolha, os especialistas vasculham o mundo em busca das tend\u00eancias e, pela primeira vez na hist\u00f3ria, foi criada uma nova cor para 2022.<\/p>\n\n\n\n<div class=\"wp-block-image\"><figure class=\"aligncenter size-full\"><a href=\"https:\/\/baloessaoroque.com.br\/en\/wp-content\/uploads\/2022\/01\/cor-do-ano-2022-pantone.jpeg\"><img loading=\"lazy\" width=\"512\" height=\"320\" src=\"https:\/\/baloessaoroque.com.br\/en\/wp-content\/uploads\/2022\/01\/cor-do-ano-2022-pantone.jpeg\" alt=\"\" class=\"wp-image-10456\" srcset=\"https:\/\/baloessaoroque.com.br\/en\/wp-content\/uploads\/2022\/01\/cor-do-ano-2022-pantone.jpeg 512w, https:\/\/baloessaoroque.com.br\/en\/wp-content\/uploads\/2022\/01\/cor-do-ano-2022-pantone-300x188.jpeg 300w, https:\/\/baloessaoroque.com.br\/en\/wp-content\/uploads\/2022\/01\/cor-do-ano-2022-pantone-400x250.jpeg 400w\" sizes=\"(max-width: 512px) 100vw, 512px\" \/><\/a><\/figure><\/div>\n\n\n\n<p>A tonalidade \u201cVery Peri\u201d \u00e9 um tom de violeta, resultado do mix entre o azul e vermelho, que incentiva o empoderamento, express\u00e3o pessoal, transforma\u00e7\u00e3o e inova\u00e7\u00e3o pela qual o mundo tem passado. Al\u00e9m disso, a Pantone divulgou que a cor chega para transmitir alegria, positividade e encorajar a criatividade.<\/p>\n\n\n\n<h2><span class=\"ez-toc-section\" id=\"Baloes_ou_decoracoes_personalizaveis\"><\/span><strong>Bal\u00f5es (ou decora\u00e7\u00f5es) personaliz\u00e1veis<\/strong><span class=\"ez-toc-section-end\"><\/span><\/h2>\n\n\n\n<p>Outro estilo que faz parte das tend\u00eancias de decora\u00e7\u00e3o em 2022 s\u00e3o os <a href=\"https:\/\/baloessaoroque.com.br\/en\/blog-tendencias-baloes-personalizados\/\">bal\u00f5es personalizados.<\/a> O objetivo principal desse estilo \u00e9 tornar a celebra\u00e7\u00e3o mais intimista e \u00fanica. Geralmente, a pessoa adapta o tema de acordo com seus gostos pessoais. Isto \u00e9, se gosta de livros, chocolate e flores por exemplo, re\u00fana as tr\u00eas coisas e fa\u00e7a delas o tema da sua festa. Incr\u00edvel, n\u00e3o?!<\/p>\n\n\n\n<p>Os bal\u00f5es quando personalizados, possibilitam atender a todos os gostos, inclusive a cria\u00e7\u00e3o de cores exclusivas com a t\u00e9cnica dos bal\u00f5es duplos (uma cor dentro da outra). Sendo assim, \u00e9 poss\u00edvel personalizar a sua festa do jeito que quiser. Como no exemplo abaixo, em que nos aproximamos da tonalidade Very Peri da Pantone, apenas unindo o bal\u00e3o <a href=\"https:\/\/baloessaoroque.com.br\/en\/categoria-produto\/liso\/?_sft_pa_cor=lilas-baby\" target=\"_blank\" rel=\"noreferrer noopener\">Liso Lil\u00e1s Baby<\/a> com o <a href=\"https:\/\/baloessaoroque.com.br\/en\/categoria-produto\/liso\/?_sft_pa_cor=azul-turquesa\" target=\"_blank\" rel=\"noreferrer noopener\">Azul Turquesa<\/a>:<\/p>\n\n\n\n<figure class=\"wp-block-gallery columns-2 is-cropped\"><ul class=\"blocks-gallery-grid\"><li class=\"blocks-gallery-item\"><figure><a href=\"https:\/\/baloessaoroque.com.br\/en\/wp-content\/uploads\/2022\/01\/bala\u0303o-duplo-4.png\"><img loading=\"lazy\" width=\"529\" height=\"477\" src=\"https:\/\/baloessaoroque.com.br\/en\/wp-content\/uploads\/2022\/01\/bala\u0303o-duplo-4.png\" alt=\"\" data-id=\"10458\" data-full-url=\"https:\/\/baloessaoroque.com.br\/en\/wp-content\/uploads\/2022\/01\/bala\u0303o-duplo-4.png\" data-link=\"https:\/\/baloessaoroque.com.br\/en\/?attachment_id=10458\" class=\"wp-image-10458\" srcset=\"https:\/\/baloessaoroque.com.br\/en\/wp-content\/uploads\/2022\/01\/bala\u0303o-duplo-4.png 529w, https:\/\/baloessaoroque.com.br\/en\/wp-content\/uploads\/2022\/01\/bala\u0303o-duplo-4-300x271.png 300w, https:\/\/baloessaoroque.com.br\/en\/wp-content\/uploads\/2022\/01\/bala\u0303o-duplo-4-400x361.png 400w\" sizes=\"(max-width: 529px) 100vw, 529px\" \/><\/a><\/figure><\/li><li class=\"blocks-gallery-item\"><figure><a href=\"https:\/\/baloessaoroque.com.br\/en\/wp-content\/uploads\/2022\/01\/bala\u0303o-duplo-3.png\"><img loading=\"lazy\" width=\"433\" height=\"465\" src=\"https:\/\/baloessaoroque.com.br\/en\/wp-content\/uploads\/2022\/01\/bala\u0303o-duplo-3.png\" alt=\"\" data-id=\"10457\" data-full-url=\"https:\/\/baloessaoroque.com.br\/en\/wp-content\/uploads\/2022\/01\/bala\u0303o-duplo-3.png\" data-link=\"https:\/\/baloessaoroque.com.br\/en\/?attachment_id=10457\" class=\"wp-image-10457\" srcset=\"https:\/\/baloessaoroque.com.br\/en\/wp-content\/uploads\/2022\/01\/bala\u0303o-duplo-3.png 433w, https:\/\/baloessaoroque.com.br\/en\/wp-content\/uploads\/2022\/01\/bala\u0303o-duplo-3-279x300.png 279w, https:\/\/baloessaoroque.com.br\/en\/wp-content\/uploads\/2022\/01\/bala\u0303o-duplo-3-400x430.png 400w\" sizes=\"(max-width: 433px) 100vw, 433px\" \/><\/a><\/figure><\/li><\/ul><\/figure>\n\n\n\n<p>A personaliza\u00e7\u00e3o dos seus pr\u00f3prios bal\u00f5es torna a decora\u00e7\u00e3o ainda mais intimista, afinal, voc\u00ea criar\u00e1 cores espec\u00edficas para aquele evento. A t\u00e9cnica dos bal\u00f5es duplos \u00e9 muito utilizada por decoradoras profissionais. Por isso, \u00e9 uma das grandes apostas para o pr\u00f3ximo ano.<\/p>\n\n\n\n<div class=\"wp-block-image\"><figure class=\"aligncenter size-full is-resized\"><a href=\"https:\/\/baloessaoroque.com.br\/en\/wp-content\/uploads\/2022\/01\/personalizado.jpeg\"><img loading=\"lazy\" src=\"https:\/\/baloessaoroque.com.br\/en\/wp-content\/uploads\/2022\/01\/personalizado.jpeg\" alt=\"\" class=\"wp-image-10459\" width=\"335\" height=\"445\" srcset=\"https:\/\/baloessaoroque.com.br\/en\/wp-content\/uploads\/2022\/01\/personalizado.jpeg 564w, https:\/\/baloessaoroque.com.br\/en\/wp-content\/uploads\/2022\/01\/personalizado-225x300.jpeg 225w, https:\/\/baloessaoroque.com.br\/en\/wp-content\/uploads\/2022\/01\/personalizado-400x533.jpeg 400w\" sizes=\"(max-width: 335px) 100vw, 335px\" \/><\/a><\/figure><\/div>\n\n\n\n<p>Assim como as crian\u00e7as escolhem seus desenhos preferidos como tem\u00e1tica do anivers\u00e1rio, por que um adulto n\u00e3o pode fazer uma festa da sua s\u00e9rie ou filme favorito? Cada vez mais as pessoas est\u00e3o se colocando como prioridade nas escolhas e com os eventos n\u00e3o seria diferente. Portanto, as decora\u00e7\u00f5es personalizadas seguindo os gostos pessoais do dono da festa garantem exclusividade.<\/p>\n\n\n\n<div class=\"wp-block-image\"><figure class=\"aligncenter size-full is-resized\"><a href=\"https:\/\/baloessaoroque.com.br\/en\/wp-content\/uploads\/2022\/01\/personalizado2.jpeg\"><img loading=\"lazy\" src=\"https:\/\/baloessaoroque.com.br\/en\/wp-content\/uploads\/2022\/01\/personalizado2.jpeg\" alt=\"\" class=\"wp-image-10460\" width=\"359\" height=\"478\" srcset=\"https:\/\/baloessaoroque.com.br\/en\/wp-content\/uploads\/2022\/01\/personalizado2.jpeg 564w, https:\/\/baloessaoroque.com.br\/en\/wp-content\/uploads\/2022\/01\/personalizado2-225x300.jpeg 225w, https:\/\/baloessaoroque.com.br\/en\/wp-content\/uploads\/2022\/01\/personalizado2-400x533.jpeg 400w\" sizes=\"(max-width: 359px) 100vw, 359px\" \/><\/a><\/figure><\/div>\n\n\n\n<p>Agora que voc\u00ea sabe quais ser\u00e3o as tend\u00eancias de decora\u00e7\u00e3o em 2022, que tal ficar por dentro de tudo que acontece no mundo de decora\u00e7\u00e3o com bal\u00f5es? Em nosso canal no <a href=\"https:\/\/www.youtube.com\/channel\/UCu2txLVCYP14NhJcRq57WEQ\" target=\"_blank\" rel=\"noreferrer noopener\">YouTube<\/a>, <a href=\"https:\/\/fb.com\/Baloes.SR\" target=\"_blank\" rel=\"noreferrer noopener\">Facebook<\/a> e <a href=\"https:\/\/instagram.com\/Baloes.SaoRoque\" target=\"_blank\" rel=\"noreferrer noopener\">Instagram<\/a>, compartilhamos dicas, tutoriais e novidades que te ajudar\u00e3o nas produ\u00e7\u00f5es com bal\u00f5es. Al\u00e9m disso, se voc\u00ea adora salvar inspira\u00e7\u00f5es, siga-nos no <a href=\"https:\/\/br.pinterest.com\/baloessaoroque\/_saved\/\" target=\"_blank\" rel=\"noreferrer noopener\">Pinterest<\/a> com decora\u00e7\u00f5es exclusivas!<\/p>\n\n\n\n<p>Gostou desse conte\u00fado? Compartilhe com seus amigos e familiares!<\/p>\n","protected":false},"excerpt":{"rendered":"<p>Sum&aacute;rio Tend\u00eancias de decora\u00e7\u00e3o: Cortina de RafiasArcos desconstru\u00eddosTend\u00eancias de decora\u00e7\u00e3o: Neon para o ver\u00e3oMosaico de bal\u00f5esTend\u00eancias de decora\u00e7\u00e3o e o [&hellip;]<\/p>\n","protected":false},"author":1,"featured_media":10466,"comment_status":"open","ping_status":"open","sticky":false,"template":"","format":"standard","meta":[],"categories":[29,746],"tags":[1915,774,1917,1916,1909,1914],"yoast_head":"<!-- This site is optimized with the Yoast SEO plugin v18.4.1 - https:\/\/yoast.com\/wordpress\/plugins\/seo\/ -->\n<title>Tend\u00eancias de decora\u00e7\u00e3o para 2022: descubra o que estar\u00e1 em alta<\/title>\n<meta name=\"description\" content=\"Neste artigo, separamos as sete principais tend\u00eancias de decora\u00e7\u00e3o para 2022, de acordo com decoradoras especialistas do mercado. Desde cor...\" \/>\n<meta name=\"robots\" content=\"index, follow, max-snippet:-1, max-image-preview:large, max-video-preview:-1\" \/>\n<link rel=\"canonical\" href=\"https:\/\/baloessaoroque.com.br\/en\/blog-tendencias-de-decoracao-para-2022-descubra-o-que-estara-em-alta\/\" \/>\n<meta property=\"og:locale\" content=\"pt_BR\" \/>\n<meta property=\"og:type\" content=\"article\" \/>\n<meta property=\"og:title\" content=\"Tend\u00eancias de decora\u00e7\u00e3o para 2022: descubra o que estar\u00e1 em alta\" \/>\n<meta property=\"og:description\" content=\"Neste artigo, separamos as sete principais tend\u00eancias de decora\u00e7\u00e3o para 2022, de acordo com decoradoras especialistas do mercado. Desde cor...\" \/>\n<meta property=\"og:url\" content=\"https:\/\/baloessaoroque.com.br\/en\/blog-tendencias-de-decoracao-para-2022-descubra-o-que-estara-em-alta\/\" \/>\n<meta property=\"og:site_name\" content=\"Bal\u00f5es S\u00e3o Roque\" \/>\n<meta property=\"article:published_time\" content=\"2022-01-07T18:54:19+00:00\" \/>\n<meta property=\"article:modified_time\" content=\"2022-01-11T12:30:53+00:00\" \/>\n<meta property=\"og:image\" content=\"https:\/\/baloessaoroque.com.br\/en\/wp-content\/uploads\/2022\/01\/BLOG_2810_TENDE\u0302NCIA-PARA-FESTAS-2022_02.gif\" \/>\n\t<meta property=\"og:image:width\" content=\"1140\" \/>\n\t<meta property=\"og:image:height\" content=\"500\" \/>\n\t<meta property=\"og:image:type\" content=\"image\/gif\" \/>\n<meta name=\"twitter:card\" content=\"summary_large_image\" \/>\n<meta name=\"twitter:label1\" content=\"Escrito por\" \/>\n\t<meta name=\"twitter:data1\" content=\"kite\" \/>\n\t<meta name=\"twitter:label2\" content=\"Est. tempo de leitura\" \/>\n\t<meta name=\"twitter:data2\" content=\"11 minutos\" \/>\n<script type=\"application\/ld+json\" class=\"yoast-schema-graph\">{\"@context\":\"https:\/\/schema.org\",\"@graph\":[{\"@type\":\"WebSite\",\"@id\":\"https:\/\/baloessaoroque.com.br\/en\/#website\",\"url\":\"https:\/\/baloessaoroque.com.br\/en\/\",\"name\":\"Bal\u00f5es S\u00e3o Roque\",\"description\":\"Sua vida cheia de festa!\",\"potentialAction\":[{\"@type\":\"SearchAction\",\"target\":{\"@type\":\"EntryPoint\",\"urlTemplate\":\"https:\/\/baloessaoroque.com.br\/en\/?s={search_term_string}\"},\"query-input\":\"required name=search_term_string\"}],\"inLanguage\":\"pt-BR\"},{\"@type\":\"ImageObject\",\"@id\":\"https:\/\/baloessaoroque.com.br\/en\/blog-tendencias-de-decoracao-para-2022-descubra-o-que-estara-em-alta\/#primaryimage\",\"inLanguage\":\"pt-BR\",\"url\":\"https:\/\/baloessaoroque.com.br\/en\/wp-content\/uploads\/2022\/01\/BLOG_2810_TENDE\u0302NCIA-PARA-FESTAS-2022_02.gif\",\"contentUrl\":\"https:\/\/baloessaoroque.com.br\/en\/wp-content\/uploads\/2022\/01\/BLOG_2810_TENDE\u0302NCIA-PARA-FESTAS-2022_02.gif\",\"width\":1140,\"height\":500,\"caption\":\"7 Tend\u00eancias de decora\u00e7\u00e3o para 2022: descubra o que estar\u00e1 em alta\"},{\"@type\":\"WebPage\",\"@id\":\"https:\/\/baloessaoroque.com.br\/en\/blog-tendencias-de-decoracao-para-2022-descubra-o-que-estara-em-alta\/#webpage\",\"url\":\"https:\/\/baloessaoroque.com.br\/en\/blog-tendencias-de-decoracao-para-2022-descubra-o-que-estara-em-alta\/\",\"name\":\"Tend\u00eancias de decora\u00e7\u00e3o para 2022: descubra o que estar\u00e1 em alta\",\"isPartOf\":{\"@id\":\"https:\/\/baloessaoroque.com.br\/en\/#website\"},\"primaryImageOfPage\":{\"@id\":\"https:\/\/baloessaoroque.com.br\/en\/blog-tendencias-de-decoracao-para-2022-descubra-o-que-estara-em-alta\/#primaryimage\"},\"datePublished\":\"2022-01-07T18:54:19+00:00\",\"dateModified\":\"2022-01-11T12:30:53+00:00\",\"author\":{\"@id\":\"https:\/\/baloessaoroque.com.br\/en\/#\/schema\/person\/edf0c3d7f7d83c04c03736a851ef3c87\"},\"description\":\"Neste artigo, separamos as sete principais tend\u00eancias de decora\u00e7\u00e3o para 2022, de acordo com decoradoras especialistas do mercado. Desde cor...\",\"breadcrumb\":{\"@id\":\"https:\/\/baloessaoroque.com.br\/en\/blog-tendencias-de-decoracao-para-2022-descubra-o-que-estara-em-alta\/#breadcrumb\"},\"inLanguage\":\"pt-BR\",\"potentialAction\":[{\"@type\":\"ReadAction\",\"target\":[\"https:\/\/baloessaoroque.com.br\/en\/blog-tendencias-de-decoracao-para-2022-descubra-o-que-estara-em-alta\/\"]}]},{\"@type\":\"BreadcrumbList\",\"@id\":\"https:\/\/baloessaoroque.com.br\/en\/blog-tendencias-de-decoracao-para-2022-descubra-o-que-estara-em-alta\/#breadcrumb\",\"itemListElement\":[{\"@type\":\"ListItem\",\"position\":1,\"name\":\"In\u00edcio\",\"item\":\"https:\/\/baloessaoroque.com.br\/en\/\"},{\"@type\":\"ListItem\",\"position\":2,\"name\":\"7 Tend\u00eancias de decora\u00e7\u00e3o para 2022: descubra o que estar\u00e1 em alta\"}]},{\"@type\":\"Person\",\"@id\":\"https:\/\/baloessaoroque.com.br\/en\/#\/schema\/person\/edf0c3d7f7d83c04c03736a851ef3c87\",\"name\":\"kite\",\"image\":{\"@type\":\"ImageObject\",\"@id\":\"https:\/\/baloessaoroque.com.br\/en\/#personlogo\",\"inLanguage\":\"pt-BR\",\"url\":\"https:\/\/secure.gravatar.com\/avatar\/bd19e5c9ad72206ec767e851cc016426?s=96&d=mm&r=g\",\"contentUrl\":\"https:\/\/secure.gravatar.com\/avatar\/bd19e5c9ad72206ec767e851cc016426?s=96&d=mm&r=g\",\"caption\":\"kite\"},\"sameAs\":[\"https:\/\/baloessaoroque.com.br\/en\"],\"url\":\"https:\/\/baloessaoroque.com.br\/en\/author\/kite\/\"}]}<\/script>\n<!-- \/ Yoast SEO plugin. -->","yoast_head_json":{"title":"Tend\u00eancias de decora\u00e7\u00e3o para 2022: descubra o que estar\u00e1 em alta","description":"Neste artigo, separamos as sete principais tend\u00eancias de decora\u00e7\u00e3o para 2022, de acordo com decoradoras especialistas do mercado. Desde cor...","robots":{"index":"index","follow":"follow","max-snippet":"max-snippet:-1","max-image-preview":"max-image-preview:large","max-video-preview":"max-video-preview:-1"},"canonical":"https:\/\/baloessaoroque.com.br\/en\/blog-tendencias-de-decoracao-para-2022-descubra-o-que-estara-em-alta\/","og_locale":"pt_BR","og_type":"article","og_title":"Tend\u00eancias de decora\u00e7\u00e3o para 2022: descubra o que estar\u00e1 em alta","og_description":"Neste artigo, separamos as sete principais tend\u00eancias de decora\u00e7\u00e3o para 2022, de acordo com decoradoras especialistas do mercado. Desde cor...","og_url":"https:\/\/baloessaoroque.com.br\/en\/blog-tendencias-de-decoracao-para-2022-descubra-o-que-estara-em-alta\/","og_site_name":"Bal\u00f5es S\u00e3o Roque","article_published_time":"2022-01-07T18:54:19+00:00","article_modified_time":"2022-01-11T12:30:53+00:00","og_image":[{"width":1140,"height":500,"url":"https:\/\/baloessaoroque.com.br\/en\/wp-content\/uploads\/2022\/01\/BLOG_2810_TENDE\u0302NCIA-PARA-FESTAS-2022_02.gif","type":"image\/gif"}],"twitter_card":"summary_large_image","twitter_misc":{"Escrito por":"kite","Est. tempo de leitura":"11 minutos"},"schema":{"@context":"https:\/\/schema.org","@graph":[{"@type":"WebSite","@id":"https:\/\/baloessaoroque.com.br\/en\/#website","url":"https:\/\/baloessaoroque.com.br\/en\/","name":"Bal\u00f5es S\u00e3o Roque","description":"Sua vida cheia de festa!","potentialAction":[{"@type":"SearchAction","target":{"@type":"EntryPoint","urlTemplate":"https:\/\/baloessaoroque.com.br\/en\/?s={search_term_string}"},"query-input":"required name=search_term_string"}],"inLanguage":"pt-BR"},{"@type":"ImageObject","@id":"https:\/\/baloessaoroque.com.br\/en\/blog-tendencias-de-decoracao-para-2022-descubra-o-que-estara-em-alta\/#primaryimage","inLanguage":"pt-BR","url":"https:\/\/baloessaoroque.com.br\/en\/wp-content\/uploads\/2022\/01\/BLOG_2810_TENDE\u0302NCIA-PARA-FESTAS-2022_02.gif","contentUrl":"https:\/\/baloessaoroque.com.br\/en\/wp-content\/uploads\/2022\/01\/BLOG_2810_TENDE\u0302NCIA-PARA-FESTAS-2022_02.gif","width":1140,"height":500,"caption":"7 Tend\u00eancias de decora\u00e7\u00e3o para 2022: descubra o que estar\u00e1 em alta"},{"@type":"WebPage","@id":"https:\/\/baloessaoroque.com.br\/en\/blog-tendencias-de-decoracao-para-2022-descubra-o-que-estara-em-alta\/#webpage","url":"https:\/\/baloessaoroque.com.br\/en\/blog-tendencias-de-decoracao-para-2022-descubra-o-que-estara-em-alta\/","name":"Tend\u00eancias de decora\u00e7\u00e3o para 2022: descubra o que estar\u00e1 em alta","isPartOf":{"@id":"https:\/\/baloessaoroque.com.br\/en\/#website"},"primaryImageOfPage":{"@id":"https:\/\/baloessaoroque.com.br\/en\/blog-tendencias-de-decoracao-para-2022-descubra-o-que-estara-em-alta\/#primaryimage"},"datePublished":"2022-01-07T18:54:19+00:00","dateModified":"2022-01-11T12:30:53+00:00","author":{"@id":"https:\/\/baloessaoroque.com.br\/en\/#\/schema\/person\/edf0c3d7f7d83c04c03736a851ef3c87"},"description":"Neste artigo, separamos as sete principais tend\u00eancias de decora\u00e7\u00e3o para 2022, de acordo com decoradoras especialistas do mercado. Desde cor...","breadcrumb":{"@id":"https:\/\/baloessaoroque.com.br\/en\/blog-tendencias-de-decoracao-para-2022-descubra-o-que-estara-em-alta\/#breadcrumb"},"inLanguage":"pt-BR","potentialAction":[{"@type":"ReadAction","target":["https:\/\/baloessaoroque.com.br\/en\/blog-tendencias-de-decoracao-para-2022-descubra-o-que-estara-em-alta\/"]}]},{"@type":"BreadcrumbList","@id":"https:\/\/baloessaoroque.com.br\/en\/blog-tendencias-de-decoracao-para-2022-descubra-o-que-estara-em-alta\/#breadcrumb","itemListElement":[{"@type":"ListItem","position":1,"name":"In\u00edcio","item":"https:\/\/baloessaoroque.com.br\/en\/"},{"@type":"ListItem","position":2,"name":"7 Tend\u00eancias de decora\u00e7\u00e3o para 2022: descubra o que estar\u00e1 em alta"}]},{"@type":"Person","@id":"https:\/\/baloessaoroque.com.br\/en\/#\/schema\/person\/edf0c3d7f7d83c04c03736a851ef3c87","name":"kite","image":{"@type":"ImageObject","@id":"https:\/\/baloessaoroque.com.br\/en\/#personlogo","inLanguage":"pt-BR","url":"https:\/\/secure.gravatar.com\/avatar\/bd19e5c9ad72206ec767e851cc016426?s=96&d=mm&r=g","contentUrl":"https:\/\/secure.gravatar.com\/avatar\/bd19e5c9ad72206ec767e851cc016426?s=96&d=mm&r=g","caption":"kite"},"sameAs":["https:\/\/baloessaoroque.com.br\/en"],"url":"https:\/\/baloessaoroque.com.br\/en\/author\/kite\/"}]}},"_links":{"self":[{"href":"https:\/\/baloessaoroque.com.br\/en\/wp-json\/wp\/v2\/posts\/10439"}],"collection":[{"href":"https:\/\/baloessaoroque.com.br\/en\/wp-json\/wp\/v2\/posts"}],"about":[{"href":"https:\/\/baloessaoroque.com.br\/en\/wp-json\/wp\/v2\/types\/post"}],"author":[{"embeddable":true,"href":"https:\/\/baloessaoroque.com.br\/en\/wp-json\/wp\/v2\/users\/1"}],"replies":[{"embeddable":true,"href":"https:\/\/baloessaoroque.com.br\/en\/wp-json\/wp\/v2\/comments?post=10439"}],"version-history":[{"count":6,"href":"https:\/\/baloessaoroque.com.br\/en\/wp-json\/wp\/v2\/posts\/10439\/revisions"}],"predecessor-version":[{"id":10488,"href":"https:\/\/baloessaoroque.com.br\/en\/wp-json\/wp\/v2\/posts\/10439\/revisions\/10488"}],"wp:featuredmedia":[{"embeddable":true,"href":"https:\/\/baloessaoroque.com.br\/en\/wp-json\/wp\/v2\/media\/10466"}],"wp:attachment":[{"href":"https:\/\/baloessaoroque.com.br\/en\/wp-json\/wp\/v2\/media?parent=10439"}],"wp:term":[{"taxonomy":"category","embeddable":true,"href":"https:\/\/baloessaoroque.com.br\/en\/wp-json\/wp\/v2\/categories?post=10439"},{"taxonomy":"post_tag","embeddable":true,"href":"https:\/\/baloessaoroque.com.br\/en\/wp-json\/wp\/v2\/tags?post=10439"}],"curies":[{"name":"wp","href":"https:\/\/api.w.org\/{rel}","templated":true}]}}