{"id":10647,"date":"2022-02-03T14:32:34","date_gmt":"2022-02-03T17:32:34","guid":{"rendered":"https:\/\/baloessaoroque.com.br\/en\/?p=10647"},"modified":"2022-02-25T17:41:52","modified_gmt":"2022-02-25T20:41:52","slug":"blog-9-temas-de-aniversario-1-ano-para-se-inspirar","status":"publish","type":"post","link":"https:\/\/baloessaoroque.com.br\/en\/blog-9-temas-de-aniversario-1-ano-para-se-inspirar\/","title":{"rendered":"9 Temas de anivers\u00e1rio 1 ano para se inspirar"},"content":{"rendered":"<div id=\"ez-toc-container\" class=\"ez-toc-v2_0_18 counter-hierarchy counter-decimal\">\n<div class=\"ez-toc-title-container\">\n<p class=\"ez-toc-title\">Sum&aacute;rio<\/p>\n<span class=\"ez-toc-title-toggle\"><a class=\"ez-toc-pull-right ez-toc-btn ez-toc-btn-xs ez-toc-btn-default ez-toc-toggle\" style=\"display: none;\"><i class=\"ez-toc-glyphicon ez-toc-icon-toggle\"><\/i><\/a><\/span><\/div>\n<nav><ul class=\"ez-toc-list ez-toc-list-level-1\"><li class=\"ez-toc-page-1 ez-toc-heading-level-2\"><a class=\"ez-toc-link ez-toc-heading-1\" href=\"https:\/\/baloessaoroque.com.br\/en\/blog-9-temas-de-aniversario-1-ano-para-se-inspirar\/#1_-_Circo\" title=\"1 &#8211; Circo\">1 &#8211; Circo<\/a><\/li><li class=\"ez-toc-page-1 ez-toc-heading-level-2\"><a class=\"ez-toc-link ez-toc-heading-2\" href=\"https:\/\/baloessaoroque.com.br\/en\/blog-9-temas-de-aniversario-1-ano-para-se-inspirar\/#2_-_Fazendinha\" title=\"2 &#8211; Fazendinha\">2 &#8211; Fazendinha<\/a><\/li><li class=\"ez-toc-page-1 ez-toc-heading-level-2\"><a class=\"ez-toc-link ez-toc-heading-3\" href=\"https:\/\/baloessaoroque.com.br\/en\/blog-9-temas-de-aniversario-1-ano-para-se-inspirar\/#3_-_Ursinhos\" title=\"3 &#8211; Ursinhos\">3 &#8211; Ursinhos<\/a><\/li><li class=\"ez-toc-page-1 ez-toc-heading-level-2\"><a class=\"ez-toc-link ez-toc-heading-4\" href=\"https:\/\/baloessaoroque.com.br\/en\/blog-9-temas-de-aniversario-1-ano-para-se-inspirar\/#4_-_Unicornio\" title=\"4 &#8211; Unic\u00f3rnio\">4 &#8211; Unic\u00f3rnio<\/a><\/li><li class=\"ez-toc-page-1 ez-toc-heading-level-2\"><a class=\"ez-toc-link ez-toc-heading-5\" href=\"https:\/\/baloessaoroque.com.br\/en\/blog-9-temas-de-aniversario-1-ano-para-se-inspirar\/#5_-_Jardim\" title=\"5 &#8211; Jardim\">5 &#8211; Jardim<\/a><\/li><li class=\"ez-toc-page-1 ez-toc-heading-level-2\"><a class=\"ez-toc-link ez-toc-heading-6\" href=\"https:\/\/baloessaoroque.com.br\/en\/blog-9-temas-de-aniversario-1-ano-para-se-inspirar\/#6_-_Dinossauro\" title=\"6 \u2013 Dinossauro\">6 \u2013 Dinossauro<\/a><\/li><li class=\"ez-toc-page-1 ez-toc-heading-level-2\"><a class=\"ez-toc-link ez-toc-heading-7\" href=\"https:\/\/baloessaoroque.com.br\/en\/blog-9-temas-de-aniversario-1-ano-para-se-inspirar\/#7_-_Mickey_e_Minnie\" title=\"7 \u2013 Mickey e Minnie\">7 \u2013 Mickey e Minnie<\/a><\/li><li class=\"ez-toc-page-1 ez-toc-heading-level-2\"><a class=\"ez-toc-link ez-toc-heading-8\" href=\"https:\/\/baloessaoroque.com.br\/en\/blog-9-temas-de-aniversario-1-ano-para-se-inspirar\/#8_-_Fundo_do_mar\" title=\"8 &#8211; Fundo do mar\">8 &#8211; Fundo do mar<\/a><\/li><li class=\"ez-toc-page-1 ez-toc-heading-level-2\"><a class=\"ez-toc-link ez-toc-heading-9\" href=\"https:\/\/baloessaoroque.com.br\/en\/blog-9-temas-de-aniversario-1-ano-para-se-inspirar\/#9_-_Mundo_Bita\" title=\"9 \u2013 Mundo Bita\">9 \u2013 Mundo Bita<\/a><\/li><\/ul><\/nav><\/div>\n\n<p>Qual papai e mam\u00e3e n\u00e3o sonham com o t\u00e3o esperado anivers\u00e1rio de 1 ano dos filhos? Isso porque o primeiro ano de vida de uma crian\u00e7a \u00e9 marcado por muito aprendizado, desafios, mudan\u00e7as, alegrias e claro, muito amor. E na hora de planejar a festa, surgem muitas d\u00favidas sobre a tem\u00e1tica, afinal, existe uma infinidade de temas de anivers\u00e1rio 1 ano.<\/p>\n\n\n\n<p>Tradicionais ou n\u00e3o, os temas v\u00e3o desde Mickey, astronauta, fazendinha at\u00e9 a fruta preferida do pequeno. Acontece que a escolha do tema faz toda diferen\u00e7a para a composi\u00e7\u00e3o da decora\u00e7\u00e3o como um todo. Afinal, s\u00f3 assim ser\u00e1 poss\u00edvel planejar, escolher cores, elementos, comes e bebes etc.<\/p>\n\n\n\n<p>Se voc\u00ea busca por inspira\u00e7\u00f5es de temas de anivers\u00e1rio 1 ano, est\u00e1 no lugar certo! Neste post, separamos nove decora\u00e7\u00f5es incr\u00edveis que combinam com o primeiro anivers\u00e1rio para voc\u00ea se inspirar e quem sabe at\u00e9 aprender como fazer.<\/p>\n\n\n\n<h2><span class=\"ez-toc-section\" id=\"1_-_Circo\"><\/span><strong>1 &#8211; Circo<\/strong><span class=\"ez-toc-section-end\"><\/span><\/h2>\n\n\n\n<p>Para os papais e mam\u00e3es que s\u00e3o apaixonados pela arte circense, o tema Circo se encaixa perfeitamente para o anivers\u00e1rio de 1 ano. Marcada pelas cores, elementos como letreiros, bonecos e at\u00e9 esculturas de palha\u00e7os, m\u00e1gicos e animais, uma decora\u00e7\u00e3o desse tema n\u00e3o passa despercebida. Para decora\u00e7\u00f5es de circo com cores vibrantes, a linha de bal\u00f5es <a href=\"https:\/\/baloessaoroque.com.br\/en\/categoria-produto\/liso\/\" target=\"_blank\" rel=\"noreferrer noopener\">Liso<\/a> e <a href=\"https:\/\/baloessaoroque.com.br\/en\/categoria-produto\/metallic-ballom\/\" target=\"_blank\" rel=\"noreferrer noopener\">Metallic<\/a> ficam incr\u00edveis!<\/p>\n\n\n\n<div class=\"wp-block-columns\">\n<div class=\"wp-block-column\" style=\"flex-basis:100%\">\n<div class=\"wp-block-columns\">\n<div class=\"wp-block-column\">\n<figure class=\"wp-block-image size-full\" id=\"palhacodebaloes\"><a href=\"https:\/\/baloessaoroque.com.br\/en\/wp-content\/uploads\/2022\/02\/image3.jpeg\"><img loading=\"lazy\" width=\"360\" height=\"640\" src=\"https:\/\/baloessaoroque.com.br\/en\/wp-content\/uploads\/2022\/02\/image3.jpeg\" alt=\"Decora\u00e7\u00e3o de festa tema Circo, palha\u00e7o feito com bal\u00f5es.\" class=\"wp-image-10675\" title=\"Palha\u00e7o feito com bal\u00f5es\" srcset=\"https:\/\/baloessaoroque.com.br\/en\/wp-content\/uploads\/2022\/02\/image3.jpeg 360w, https:\/\/baloessaoroque.com.br\/en\/wp-content\/uploads\/2022\/02\/image3-169x300.jpeg 169w\" sizes=\"(max-width: 360px) 100vw, 360px\" \/><\/a><figcaption> Produ\u00e7\u00e3o: Narla Leite <\/figcaption><\/figure>\n<\/div>\n\n\n\n<div class=\"wp-block-column\">\n<figure class=\"wp-block-image size-large\" id=\"focadebaloes\"><a href=\"https:\/\/baloessaoroque.com.br\/en\/wp-content\/uploads\/2022\/02\/image4-1.jpeg\"><img loading=\"lazy\" width=\"828\" height=\"1325\" src=\"https:\/\/baloessaoroque.com.br\/en\/wp-content\/uploads\/2022\/02\/image4-1-edited.jpeg\" alt=\"Decora\u00e7\u00e3o de festa tema Circo, foca feita de bal\u00f5es\" class=\"wp-image-10681\" title=\"Foca feita de bal\u00f5es para festa Circo\" srcset=\"https:\/\/baloessaoroque.com.br\/en\/wp-content\/uploads\/2022\/02\/image4-1-edited.jpeg 828w, https:\/\/baloessaoroque.com.br\/en\/wp-content\/uploads\/2022\/02\/image4-1-edited-187x300.jpeg 187w, https:\/\/baloessaoroque.com.br\/en\/wp-content\/uploads\/2022\/02\/image4-1-edited-640x1024.jpeg 640w, https:\/\/baloessaoroque.com.br\/en\/wp-content\/uploads\/2022\/02\/image4-1-edited-768x1229.jpeg 768w, https:\/\/baloessaoroque.com.br\/en\/wp-content\/uploads\/2022\/02\/image4-1-edited-400x640.jpeg 400w, https:\/\/baloessaoroque.com.br\/en\/wp-content\/uploads\/2022\/02\/image4-1-edited-562x900.jpeg 562w, https:\/\/baloessaoroque.com.br\/en\/wp-content\/uploads\/2022\/02\/image4-1-edited-600x960.jpeg 600w\" sizes=\"(max-width: 828px) 100vw, 828px\" \/><\/a><figcaption> Produ\u00e7\u00e3o: Narla Leite <\/figcaption><\/figure>\n<\/div>\n<\/div>\n<\/div>\n<\/div>\n\n\n\n<p>Agora se os papais e mam\u00e3es buscam por algo mais delicado e menos cores chamativas, a grande tend\u00eancia de temas de anivers\u00e1rio 1 ano, \u00e9 a decora\u00e7\u00e3o Circo <a href=\"https:\/\/baloessaoroque.com.br\/en\/categoria-produto\/candy-colors\/\" target=\"_blank\" rel=\"noreferrer noopener\">Candy Colors<\/a>. Os tons past\u00e9is e elementos dourados remetem \u00e0 delicadeza e aconchego, transformando o circo em um verdadeiro cen\u00e1rio encantado!<\/p>\n\n\n\n<div class=\"wp-block-image\"><figure class=\"aligncenter size-full is-resized\"><a href=\"https:\/\/baloessaoroque.com.br\/en\/wp-content\/uploads\/2022\/02\/Captura-de-Tela-2022-01-18-a\u0300s-16.40.37-1.png\"><img loading=\"lazy\" src=\"https:\/\/baloessaoroque.com.br\/en\/wp-content\/uploads\/2022\/02\/Captura-de-Tela-2022-01-18-a\u0300s-16.40.37-1.png\" alt=\"Decora\u00e7\u00e3o de festa Circo Encantado para um dos temas de anivers\u00e1rio 1 ano. Fundo de bolo de Arco Descontru\u00eddo com Bal\u00f5es Candy Colors e Perolados.\" class=\"wp-image-10682\" width=\"501\" height=\"602\" title=\"\" srcset=\"https:\/\/baloessaoroque.com.br\/en\/wp-content\/uploads\/2022\/02\/Captura-de-Tela-2022-01-18-a\u0300s-16.40.37-1.png 501w, https:\/\/baloessaoroque.com.br\/en\/wp-content\/uploads\/2022\/02\/Captura-de-Tela-2022-01-18-a\u0300s-16.40.37-1-250x300.png 250w, https:\/\/baloessaoroque.com.br\/en\/wp-content\/uploads\/2022\/02\/Captura-de-Tela-2022-01-18-a\u0300s-16.40.37-1-400x481.png 400w\" sizes=\"(max-width: 501px) 100vw, 501px\" \/><\/a><figcaption> &nbsp;Produ\u00e7\u00e3o: Viviane Furlan<\/figcaption><\/figure><\/div>\n\n\n\n<p>Se voc\u00ea quer aprender a fazer uma decora\u00e7\u00e3o completa de circo, confira nossa aula que est\u00e1 dispon\u00edvel no YouTube:<\/p>\n\n\n\n<figure class=\"wp-block-embed is-type-video is-provider-youtube wp-block-embed-youtube wp-embed-aspect-4-3 wp-has-aspect-ratio\"><div class=\"wp-block-embed__wrapper\">\n<iframe loading=\"lazy\" title=\"Como fazer esculturas de circo com bal\u00f5es | Bal\u00f5es S\u00e3o Roque\" width=\"500\" height=\"375\" src=\"https:\/\/www.youtube.com\/embed\/01izc-WPgbo?start=1426&#038;feature=oembed\" frameborder=\"0\" allow=\"accelerometer; autoplay; clipboard-write; encrypted-media; gyroscope; picture-in-picture\" allowfullscreen><\/iframe>\n<\/div><\/figure>\n\n\n\n<p>J\u00e1 nesse outro v\u00eddeo, \u00e9 poss\u00edvel aprender de um jeito f\u00e1cil e pr\u00e1tico, como fazer uma escultura de palha\u00e7o com Bal\u00f5es S\u00e3o Roque:<\/p>\n\n\n\n<figure class=\"wp-block-embed is-type-video is-provider-youtube wp-block-embed-youtube wp-embed-aspect-16-9 wp-has-aspect-ratio\"><div class=\"wp-block-embed__wrapper\">\n<iframe loading=\"lazy\" title=\"Fa\u00e7a Voc\u00ea Mesmo | Escultura de Palha\u00e7o com Bal\u00f5es S\u00e3o Roque\" width=\"500\" height=\"281\" src=\"https:\/\/www.youtube.com\/embed\/GXc_BFKBY1Y?feature=oembed\" frameborder=\"0\" allow=\"accelerometer; autoplay; clipboard-write; encrypted-media; gyroscope; picture-in-picture\" allowfullscreen><\/iframe>\n<\/div><\/figure>\n\n\n\n<h2><span class=\"ez-toc-section\" id=\"2_-_Fazendinha\"><\/span><strong>2 &#8211; Fazendinha<\/strong><span class=\"ez-toc-section-end\"><\/span><\/h2>\n\n\n\n<p>Qual crian\u00e7a n\u00e3o fica encantada quando v\u00ea um animal? Por esse motivo, diversas fam\u00edlias escolhem a Fazendinha entre os temas do anivers\u00e1rio de 1 ano do filho.<\/p>\n\n\n\n<div class=\"wp-block-image\"><figure class=\"aligncenter size-large is-resized\"><a href=\"https:\/\/baloessaoroque.com.br\/en\/wp-content\/uploads\/2022\/02\/fazendinha-1.jpeg\"><img loading=\"lazy\" src=\"https:\/\/baloessaoroque.com.br\/en\/wp-content\/uploads\/2022\/02\/fazendinha-1-1024x1024.jpeg\" alt=\"Festa Fazendinha \u00e9 sucesso entre os temas de anivers\u00e1rio 1 ano. Fundo de bolo com \u00e1rvore de bal\u00f5es e arco de bal\u00f5es coloridos.\" class=\"wp-image-10684\" width=\"512\" height=\"512\" srcset=\"https:\/\/baloessaoroque.com.br\/en\/wp-content\/uploads\/2022\/02\/fazendinha-1-1024x1024.jpeg 1024w, https:\/\/baloessaoroque.com.br\/en\/wp-content\/uploads\/2022\/02\/fazendinha-1-300x300.jpeg 300w, https:\/\/baloessaoroque.com.br\/en\/wp-content\/uploads\/2022\/02\/fazendinha-1-150x150.jpeg 150w, https:\/\/baloessaoroque.com.br\/en\/wp-content\/uploads\/2022\/02\/fazendinha-1-768x768.jpeg 768w, https:\/\/baloessaoroque.com.br\/en\/wp-content\/uploads\/2022\/02\/fazendinha-1-400x400.jpeg 400w, https:\/\/baloessaoroque.com.br\/en\/wp-content\/uploads\/2022\/02\/fazendinha-1-620x620.jpeg 620w, https:\/\/baloessaoroque.com.br\/en\/wp-content\/uploads\/2022\/02\/fazendinha-1-600x600.jpeg 600w, https:\/\/baloessaoroque.com.br\/en\/wp-content\/uploads\/2022\/02\/fazendinha-1-100x100.jpeg 100w, https:\/\/baloessaoroque.com.br\/en\/wp-content\/uploads\/2022\/02\/fazendinha-1.jpeg 1080w\" sizes=\"(max-width: 512px) 100vw, 512px\" \/><\/a><figcaption> Produ\u00e7\u00e3o: Darlan Dias <\/figcaption><\/figure><\/div>\n\n\n\n<p>Ideal para festas em ambientes externos e \u00e0 luz do dia, a fazendinha precisa ser repleta de plantas, doces tradicionais da fazenda e claro, muitos animais, como vaquinhas, cavalos, porquinhos e galinhas. Os animais podem ser representados de pel\u00facia ou ent\u00e3o em esculturas e <a href=\"https:\/\/baloessaoroque.com.br\/en\/produto-tag\/fazendinha\/\" target=\"_blank\" rel=\"noreferrer noopener\">bal\u00f5es exclusivos como esses<\/a>.<\/p>\n\n\n\n<div class=\"wp-block-image\"><figure class=\"aligncenter size-full is-resized\"><a href=\"https:\/\/baloessaoroque.com.br\/en\/wp-content\/uploads\/2022\/02\/Captura-de-Tela-2022-01-18-a\u0300s-17.27.35-2.png\"><img loading=\"lazy\" src=\"https:\/\/baloessaoroque.com.br\/en\/wp-content\/uploads\/2022\/02\/Captura-de-Tela-2022-01-18-a\u0300s-17.27.35-2.png\" alt=\"Decora\u00e7\u00e3o de festa tema Fazendinha. Vaquinha feita de bal\u00f5es.\" class=\"wp-image-10683\" width=\"491\" height=\"613\" srcset=\"https:\/\/baloessaoroque.com.br\/en\/wp-content\/uploads\/2022\/02\/Captura-de-Tela-2022-01-18-a\u0300s-17.27.35-2.png 654w, https:\/\/baloessaoroque.com.br\/en\/wp-content\/uploads\/2022\/02\/Captura-de-Tela-2022-01-18-a\u0300s-17.27.35-2-240x300.png 240w, https:\/\/baloessaoroque.com.br\/en\/wp-content\/uploads\/2022\/02\/Captura-de-Tela-2022-01-18-a\u0300s-17.27.35-2-400x500.png 400w, https:\/\/baloessaoroque.com.br\/en\/wp-content\/uploads\/2022\/02\/Captura-de-Tela-2022-01-18-a\u0300s-17.27.35-2-620x775.png 620w, https:\/\/baloessaoroque.com.br\/en\/wp-content\/uploads\/2022\/02\/Captura-de-Tela-2022-01-18-a\u0300s-17.27.35-2-600x750.png 600w\" sizes=\"(max-width: 491px) 100vw, 491px\" \/><\/a><figcaption> Produ\u00e7\u00e3o: Viviane Furlan<\/figcaption><\/figure><\/div>\n\n\n\n<p>N\u00e3o esque\u00e7a dos caixotes e elementos de madeira que dar\u00e3o um toque a mais na decora\u00e7\u00e3o!<\/p>\n\n\n\n<p>Aprenda a fazer uma decora\u00e7\u00e3o de Fazendinha aqui:<\/p>\n\n\n\n<figure class=\"wp-block-embed is-type-video is-provider-youtube wp-block-embed-youtube wp-embed-aspect-16-9 wp-has-aspect-ratio\"><div class=\"wp-block-embed__wrapper\">\n<iframe loading=\"lazy\" title=\"Como fazer decora\u00e7\u00e3o de fazendinha com bal\u00f5es\" width=\"500\" height=\"281\" src=\"https:\/\/www.youtube.com\/embed\/CBBynvNiXck?feature=oembed\" frameborder=\"0\" allow=\"accelerometer; autoplay; clipboard-write; encrypted-media; gyroscope; picture-in-picture\" allowfullscreen><\/iframe>\n<\/div><\/figure>\n\n\n\n<h2><span class=\"ez-toc-section\" id=\"3_-_Ursinhos\"><\/span><strong>3 &#8211; Ursinhos<\/strong><span class=\"ez-toc-section-end\"><\/span><\/h2>\n\n\n\n<p>Os Ursinhos s\u00e3o um dos temas de anivers\u00e1rio 1 ano que mais nos remete \u00e0 delicadeza e fofura, assim como os pequenos. O mais f\u00e1cil dessa decora\u00e7\u00e3o \u00e9 a possibilidade de complementar o cen\u00e1rio com os pr\u00f3prios ursinhos de pel\u00facia da crian\u00e7a que \u00e9 aniversariante.<\/p>\n\n\n\n<div class=\"wp-block-columns\">\n<div class=\"wp-block-column\">\n<figure class=\"wp-block-image size-large\"><a href=\"https:\/\/baloessaoroque.com.br\/en\/wp-content\/uploads\/2022\/02\/DSCF1516-1-scaled.jpg\"><img loading=\"lazy\" width=\"683\" height=\"1024\" src=\"https:\/\/baloessaoroque.com.br\/en\/wp-content\/uploads\/2022\/02\/DSCF1516-1-683x1024.jpg\" alt=\"Temas de anivers\u00e1rio 1 ano: bal\u00e3o com urso\" class=\"wp-image-10685\" srcset=\"https:\/\/baloessaoroque.com.br\/en\/wp-content\/uploads\/2022\/02\/DSCF1516-1-683x1024.jpg 683w, https:\/\/baloessaoroque.com.br\/en\/wp-content\/uploads\/2022\/02\/DSCF1516-1-200x300.jpg 200w, https:\/\/baloessaoroque.com.br\/en\/wp-content\/uploads\/2022\/02\/DSCF1516-1-768x1152.jpg 768w, https:\/\/baloessaoroque.com.br\/en\/wp-content\/uploads\/2022\/02\/DSCF1516-1-1024x1536.jpg 1024w, https:\/\/baloessaoroque.com.br\/en\/wp-content\/uploads\/2022\/02\/DSCF1516-1-1365x2048.jpg 1365w, https:\/\/baloessaoroque.com.br\/en\/wp-content\/uploads\/2022\/02\/DSCF1516-1-400x600.jpg 400w, https:\/\/baloessaoroque.com.br\/en\/wp-content\/uploads\/2022\/02\/DSCF1516-1-600x900.jpg 600w, https:\/\/baloessaoroque.com.br\/en\/wp-content\/uploads\/2022\/02\/DSCF1516-1-scaled.jpg 1707w\" sizes=\"(max-width: 683px) 100vw, 683px\" \/><\/a><figcaption>Produ\u00e7\u00e3o: Fabi Vale <\/figcaption><\/figure>\n<\/div>\n\n\n\n<div class=\"wp-block-column\">\n<figure class=\"wp-block-image size-large\"><a href=\"https:\/\/baloessaoroque.com.br\/en\/wp-content\/uploads\/2022\/02\/2029-BALOES-SAO-ROQUE-VIVIANE-FURLAN-PRODUCOES-K-RONALD-MENNEL-FOTO-FILME-SP-2-scaled.jpg\"><img loading=\"lazy\" width=\"683\" height=\"1024\" src=\"https:\/\/baloessaoroque.com.br\/en\/wp-content\/uploads\/2022\/02\/2029-BALOES-SAO-ROQUE-VIVIANE-FURLAN-PRODUCOES-K-RONALD-MENNEL-FOTO-FILME-SP-2-683x1024.jpg\" alt=\"Decora\u00e7\u00e3o de bal\u00f5es com urso na piscina para temas de anivers\u00e1rio 1 ano.\" class=\"wp-image-10687\" srcset=\"https:\/\/baloessaoroque.com.br\/en\/wp-content\/uploads\/2022\/02\/2029-BALOES-SAO-ROQUE-VIVIANE-FURLAN-PRODUCOES-K-RONALD-MENNEL-FOTO-FILME-SP-2-683x1024.jpg 683w, https:\/\/baloessaoroque.com.br\/en\/wp-content\/uploads\/2022\/02\/2029-BALOES-SAO-ROQUE-VIVIANE-FURLAN-PRODUCOES-K-RONALD-MENNEL-FOTO-FILME-SP-2-200x300.jpg 200w, https:\/\/baloessaoroque.com.br\/en\/wp-content\/uploads\/2022\/02\/2029-BALOES-SAO-ROQUE-VIVIANE-FURLAN-PRODUCOES-K-RONALD-MENNEL-FOTO-FILME-SP-2-768x1152.jpg 768w, https:\/\/baloessaoroque.com.br\/en\/wp-content\/uploads\/2022\/02\/2029-BALOES-SAO-ROQUE-VIVIANE-FURLAN-PRODUCOES-K-RONALD-MENNEL-FOTO-FILME-SP-2-1024x1536.jpg 1024w, https:\/\/baloessaoroque.com.br\/en\/wp-content\/uploads\/2022\/02\/2029-BALOES-SAO-ROQUE-VIVIANE-FURLAN-PRODUCOES-K-RONALD-MENNEL-FOTO-FILME-SP-2-1365x2048.jpg 1365w, https:\/\/baloessaoroque.com.br\/en\/wp-content\/uploads\/2022\/02\/2029-BALOES-SAO-ROQUE-VIVIANE-FURLAN-PRODUCOES-K-RONALD-MENNEL-FOTO-FILME-SP-2-400x600.jpg 400w, https:\/\/baloessaoroque.com.br\/en\/wp-content\/uploads\/2022\/02\/2029-BALOES-SAO-ROQUE-VIVIANE-FURLAN-PRODUCOES-K-RONALD-MENNEL-FOTO-FILME-SP-2-600x900.jpg 600w, https:\/\/baloessaoroque.com.br\/en\/wp-content\/uploads\/2022\/02\/2029-BALOES-SAO-ROQUE-VIVIANE-FURLAN-PRODUCOES-K-RONALD-MENNEL-FOTO-FILME-SP-2-scaled.jpg 1707w\" sizes=\"(max-width: 683px) 100vw, 683px\" \/><\/a><figcaption> Produ\u00e7\u00e3o: Viviane Furlan <\/figcaption><\/figure>\n<\/div>\n<\/div>\n\n\n\n<p>Existe um universo a se criar com os ursinhos em anivers\u00e1rios, seja no c\u00e9u, na piscina, na mesa do bolo ou escorregando no arco-\u00edris, o importante \u00e9 usar e abusar dos seus dons criativos. Para ficar ainda mais delicado, utilize as linhas de bal\u00f5es <a href=\"https:\/\/baloessaoroque.com.br\/en\/categoria-produto\/candy-colors\/\" target=\"_blank\" rel=\"noreferrer noopener\">Candy Colors<\/a>, <a href=\"https:\/\/baloessaoroque.com.br\/en\/categoria-produto\/metallic-ballom\/\" target=\"_blank\" rel=\"noreferrer noopener\">Metallic<\/a>, <a href=\"https:\/\/baloessaoroque.com.br\/en\/categoria-produto\/liso\/\" target=\"_blank\" rel=\"noreferrer noopener\">Liso<\/a>, <a href=\"https:\/\/baloessaoroque.com.br\/en\/categoria-produto\/perolado\/\" target=\"_blank\" rel=\"noreferrer noopener\">Perolado<\/a> e <a href=\"https:\/\/baloessaoroque.com.br\/en\/categoria-produto\/cristal\/\" target=\"_blank\" rel=\"noreferrer noopener\">Cristal<\/a>!<\/p>\n\n\n\n<div class=\"wp-block-image\"><figure class=\"aligncenter size-large is-resized\"><a href=\"https:\/\/baloessaoroque.com.br\/en\/wp-content\/uploads\/2022\/02\/DSCF1440-1-scaled.jpg\"><img loading=\"lazy\" src=\"https:\/\/baloessaoroque.com.br\/en\/wp-content\/uploads\/2022\/02\/DSCF1440-1-1024x683.jpg\" alt=\"Arco \u00edris de bal\u00f5es candy colors para decora\u00e7\u00e3o de festa, inclusive para temas de festa 1 ano.\" class=\"wp-image-10688\" width=\"768\" height=\"512\" srcset=\"https:\/\/baloessaoroque.com.br\/en\/wp-content\/uploads\/2022\/02\/DSCF1440-1-1024x683.jpg 1024w, https:\/\/baloessaoroque.com.br\/en\/wp-content\/uploads\/2022\/02\/DSCF1440-1-300x200.jpg 300w, https:\/\/baloessaoroque.com.br\/en\/wp-content\/uploads\/2022\/02\/DSCF1440-1-768x512.jpg 768w, https:\/\/baloessaoroque.com.br\/en\/wp-content\/uploads\/2022\/02\/DSCF1440-1-1536x1024.jpg 1536w, https:\/\/baloessaoroque.com.br\/en\/wp-content\/uploads\/2022\/02\/DSCF1440-1-2048x1365.jpg 2048w, https:\/\/baloessaoroque.com.br\/en\/wp-content\/uploads\/2022\/02\/DSCF1440-1-400x267.jpg 400w, https:\/\/baloessaoroque.com.br\/en\/wp-content\/uploads\/2022\/02\/DSCF1440-1-620x413.jpg 620w, https:\/\/baloessaoroque.com.br\/en\/wp-content\/uploads\/2022\/02\/DSCF1440-1-600x400.jpg 600w\" sizes=\"(max-width: 768px) 100vw, 768px\" \/><\/a><\/figure><\/div>\n\n\n\n<p>E se o assunto \u00e9 explorar o lado criativo, mini arcos org\u00e2nicos com ursinhos ficam incr\u00edveis para expor pelo espa\u00e7o da festa. Confira esse tutorial exclusivo:<\/p>\n\n\n\n<figure class=\"wp-block-embed is-type-video is-provider-youtube wp-block-embed-youtube wp-embed-aspect-16-9 wp-has-aspect-ratio\"><div class=\"wp-block-embed__wrapper\">\n<iframe loading=\"lazy\" title=\"Como fazer mini arcos org\u00e2nicos de bal\u00f5es de um jeito pr\u00e1tico!\" width=\"500\" height=\"281\" src=\"https:\/\/www.youtube.com\/embed\/D6iZYMP8_-w?feature=oembed\" frameborder=\"0\" allow=\"accelerometer; autoplay; clipboard-write; encrypted-media; gyroscope; picture-in-picture\" allowfullscreen><\/iframe>\n<\/div><\/figure>\n\n\n\n<h2><span class=\"ez-toc-section\" id=\"4_-_Unicornio\"><\/span><strong>4 &#8211; Unic\u00f3rnio<\/strong><span class=\"ez-toc-section-end\"><\/span><\/h2>\n\n\n\n<p>Apesar da alta procura para festas de meninas, o tema unic\u00f3rnio tamb\u00e9m se encaixa perfeitamente em anivers\u00e1rios de meninos. Uma das caracter\u00edsticas que mais atraem aten\u00e7\u00e3o dos papais e das mam\u00e3es \u00e9 a delicadeza que essa tem\u00e1tica transmite. Al\u00e9m de despertar o lado l\u00fadico e imagina\u00e7\u00e3o das crian\u00e7as e convidados.<\/p>\n\n\n\n<div class=\"wp-block-image\"><figure class=\"aligncenter size-full is-resized\"><a href=\"https:\/\/baloessaoroque.com.br\/en\/wp-content\/uploads\/2022\/02\/Captura-de-Tela-2022-01-19-a\u0300s-10.22.13-1.png\"><img loading=\"lazy\" src=\"https:\/\/baloessaoroque.com.br\/en\/wp-content\/uploads\/2022\/02\/Captura-de-Tela-2022-01-19-a\u0300s-10.22.13-1.png\" alt=\"Decora\u00e7\u00f5es de festa tema Unic\u00f3nio. Fundo de bolo de unic\u00f3rnio com bal\u00f5es metalizados e perolados.\" class=\"wp-image-10689\" width=\"617\" height=\"614\" srcset=\"https:\/\/baloessaoroque.com.br\/en\/wp-content\/uploads\/2022\/02\/Captura-de-Tela-2022-01-19-a\u0300s-10.22.13-1.png 823w, https:\/\/baloessaoroque.com.br\/en\/wp-content\/uploads\/2022\/02\/Captura-de-Tela-2022-01-19-a\u0300s-10.22.13-1-300x300.png 300w, https:\/\/baloessaoroque.com.br\/en\/wp-content\/uploads\/2022\/02\/Captura-de-Tela-2022-01-19-a\u0300s-10.22.13-1-150x150.png 150w, https:\/\/baloessaoroque.com.br\/en\/wp-content\/uploads\/2022\/02\/Captura-de-Tela-2022-01-19-a\u0300s-10.22.13-1-768x764.png 768w, https:\/\/baloessaoroque.com.br\/en\/wp-content\/uploads\/2022\/02\/Captura-de-Tela-2022-01-19-a\u0300s-10.22.13-1-400x398.png 400w, https:\/\/baloessaoroque.com.br\/en\/wp-content\/uploads\/2022\/02\/Captura-de-Tela-2022-01-19-a\u0300s-10.22.13-1-620x617.png 620w, https:\/\/baloessaoroque.com.br\/en\/wp-content\/uploads\/2022\/02\/Captura-de-Tela-2022-01-19-a\u0300s-10.22.13-1-600x597.png 600w, https:\/\/baloessaoroque.com.br\/en\/wp-content\/uploads\/2022\/02\/Captura-de-Tela-2022-01-19-a\u0300s-10.22.13-1-100x100.png 100w\" sizes=\"(max-width: 617px) 100vw, 617px\" \/><\/a><figcaption> Produ\u00e7\u00e3o: Viviane Furlan <\/figcaption><\/figure><\/div>\n\n\n\n<p>Voc\u00ea pode aprender a fazer um Unic\u00f3rnio de Bal\u00f5es aqui:<\/p>\n\n\n\n<figure class=\"wp-block-embed is-type-video is-provider-youtube wp-block-embed-youtube wp-embed-aspect-16-9 wp-has-aspect-ratio\"><div class=\"wp-block-embed__wrapper\">\n<iframe loading=\"lazy\" title=\"Como fazer Unic\u00f3rnio com Bal\u00f5es | Bal\u00f5es S\u00e3o Roque\" width=\"500\" height=\"281\" src=\"https:\/\/www.youtube.com\/embed\/Cfnn0RSieuI?feature=oembed\" frameborder=\"0\" allow=\"accelerometer; autoplay; clipboard-write; encrypted-media; gyroscope; picture-in-picture\" allowfullscreen><\/iframe>\n<\/div><\/figure>\n\n\n\n<p>Na hora de escolher as cores, n\u00e3o tem muito segredo, festa de Unic\u00f3rnio tem que ter muitas cores, de prefer\u00eancia em tons <a href=\"https:\/\/baloessaoroque.com.br\/en\/categoria-produto\/candy-colors\/\" target=\"_blank\" rel=\"noreferrer noopener\">Candy Colors<\/a> ou <a href=\"https:\/\/baloessaoroque.com.br\/en\/categoria-produto\/perolado\/\" target=\"_blank\" rel=\"noreferrer noopener\">Perolados<\/a>, a fim de garantir um ar leve, m\u00e1gico e delicado.<\/p>\n\n\n\n<div class=\"wp-block-image\"><figure class=\"aligncenter size-full\"><a href=\"https:\/\/baloessaoroque.com.br\/en\/wp-content\/uploads\/2022\/02\/image7-1.jpeg\"><img loading=\"lazy\" width=\"540\" height=\"640\" src=\"https:\/\/baloessaoroque.com.br\/en\/wp-content\/uploads\/2022\/02\/image7-1.jpeg\" alt=\"Decora\u00e7\u00e3o de festa Candy Colors, fundo de bolo com arco desconstru\u00eddo de bal\u00f5es.\" class=\"wp-image-10690\" srcset=\"https:\/\/baloessaoroque.com.br\/en\/wp-content\/uploads\/2022\/02\/image7-1.jpeg 540w, https:\/\/baloessaoroque.com.br\/en\/wp-content\/uploads\/2022\/02\/image7-1-253x300.jpeg 253w, https:\/\/baloessaoroque.com.br\/en\/wp-content\/uploads\/2022\/02\/image7-1-400x474.jpeg 400w\" sizes=\"(max-width: 540px) 100vw, 540px\" \/><\/a><figcaption> Produ\u00e7\u00e3o: Narla Leite <\/figcaption><\/figure><\/div>\n\n\n\n<p>Para complementar a sua decora\u00e7\u00e3o, voc\u00ea pode investir em tules, flores e detalhes em dourado.<\/p>\n\n\n\n<p>E assim como o os Ursinhos, em decora\u00e7\u00e3o de Unic\u00f3rnio tamb\u00e9m \u00e9 poss\u00edvel fazer <a href=\"https:\/\/baloessaoroque.com.br\/en\/produto-tag\/unicornio\/\" target=\"_blank\" rel=\"noreferrer noopener\">arco-\u00edris de bal\u00f5es<\/a> que d\u00e3o um toque a mais de amor \u00e0 festa. No v\u00eddeo a seguir, ensinamos o passo a passo:<\/p>\n\n\n\n<figure class=\"wp-block-embed is-type-video is-provider-youtube wp-block-embed-youtube wp-embed-aspect-16-9 wp-has-aspect-ratio\"><div class=\"wp-block-embed__wrapper\">\n<iframe loading=\"lazy\" title=\"Como fazer arco-\u00edris com bal\u00f5es  | Bal\u00f5es S\u00e3o Roque\" width=\"500\" height=\"281\" src=\"https:\/\/www.youtube.com\/embed\/Ad5AmJPcbhY?feature=oembed\" frameborder=\"0\" allow=\"accelerometer; autoplay; clipboard-write; encrypted-media; gyroscope; picture-in-picture\" allowfullscreen><\/iframe>\n<\/div><\/figure>\n\n\n\n<h2><span class=\"ez-toc-section\" id=\"5_-_Jardim\"><\/span><strong>5 &#8211; Jardim<\/strong><span class=\"ez-toc-section-end\"><\/span><\/h2>\n\n\n\n<p>Esse \u00e9 o quinto dos temas anivers\u00e1rio de 1 ano que mais encanta as mam\u00e3es que s\u00e3o apaixonadas por jardim e flores no geral. A decora\u00e7\u00e3o Jardim segue uma linha colorida, com muitos <a href=\"https:\/\/baloessaoroque.com.br\/en\/tudo-o-que-voce-precisa-saber-sobre-decoracao-com-baloes-flores-e-folhas\/\" target=\"_blank\" rel=\"noreferrer noopener\">bal\u00f5es, flores e folhas<\/a>, por\u00e9m, com borboletas, joaninhas, p\u00e1ssaros e entre outros s\u00edmbolos que exalaram romantismo.<\/p>\n\n\n\n<div class=\"wp-block-columns\">\n<div class=\"wp-block-column\">\n<figure class=\"wp-block-image size-full\"><a href=\"https:\/\/baloessaoroque.com.br\/en\/wp-content\/uploads\/2022\/02\/Captura-de-Tela-2022-01-19-a\u0300s-10.30.45-1.png\"><img loading=\"lazy\" width=\"819\" height=\"817\" src=\"https:\/\/baloessaoroque.com.br\/en\/wp-content\/uploads\/2022\/02\/Captura-de-Tela-2022-01-19-a\u0300s-10.30.45-1.png\" alt=\"Decora\u00e7\u00e3o de festa tema jardim. Mesa de bolos com bal\u00f5es.\" class=\"wp-image-10691\" srcset=\"https:\/\/baloessaoroque.com.br\/en\/wp-content\/uploads\/2022\/02\/Captura-de-Tela-2022-01-19-a\u0300s-10.30.45-1.png 819w, https:\/\/baloessaoroque.com.br\/en\/wp-content\/uploads\/2022\/02\/Captura-de-Tela-2022-01-19-a\u0300s-10.30.45-1-300x300.png 300w, https:\/\/baloessaoroque.com.br\/en\/wp-content\/uploads\/2022\/02\/Captura-de-Tela-2022-01-19-a\u0300s-10.30.45-1-150x150.png 150w, https:\/\/baloessaoroque.com.br\/en\/wp-content\/uploads\/2022\/02\/Captura-de-Tela-2022-01-19-a\u0300s-10.30.45-1-768x766.png 768w, https:\/\/baloessaoroque.com.br\/en\/wp-content\/uploads\/2022\/02\/Captura-de-Tela-2022-01-19-a\u0300s-10.30.45-1-400x399.png 400w, https:\/\/baloessaoroque.com.br\/en\/wp-content\/uploads\/2022\/02\/Captura-de-Tela-2022-01-19-a\u0300s-10.30.45-1-620x618.png 620w, https:\/\/baloessaoroque.com.br\/en\/wp-content\/uploads\/2022\/02\/Captura-de-Tela-2022-01-19-a\u0300s-10.30.45-1-600x599.png 600w, https:\/\/baloessaoroque.com.br\/en\/wp-content\/uploads\/2022\/02\/Captura-de-Tela-2022-01-19-a\u0300s-10.30.45-1-100x100.png 100w\" sizes=\"(max-width: 819px) 100vw, 819px\" \/><\/a><figcaption> Produ\u00e7\u00e3o: Viviane Furlan <\/figcaption><\/figure>\n<\/div>\n\n\n\n<div class=\"wp-block-column\">\n<figure class=\"wp-block-image size-full\"><a href=\"https:\/\/baloessaoroque.com.br\/en\/wp-content\/uploads\/2022\/02\/Captura-de-Tela-2022-01-19-a\u0300s-10.29.57-1.png\"><img loading=\"lazy\" width=\"818\" height=\"817\" src=\"https:\/\/baloessaoroque.com.br\/en\/wp-content\/uploads\/2022\/02\/Captura-de-Tela-2022-01-19-a\u0300s-10.29.57-1.png\" alt=\"\" class=\"wp-image-10703\" srcset=\"https:\/\/baloessaoroque.com.br\/en\/wp-content\/uploads\/2022\/02\/Captura-de-Tela-2022-01-19-a\u0300s-10.29.57-1.png 818w, https:\/\/baloessaoroque.com.br\/en\/wp-content\/uploads\/2022\/02\/Captura-de-Tela-2022-01-19-a\u0300s-10.29.57-1-300x300.png 300w, https:\/\/baloessaoroque.com.br\/en\/wp-content\/uploads\/2022\/02\/Captura-de-Tela-2022-01-19-a\u0300s-10.29.57-1-150x150.png 150w, https:\/\/baloessaoroque.com.br\/en\/wp-content\/uploads\/2022\/02\/Captura-de-Tela-2022-01-19-a\u0300s-10.29.57-1-768x767.png 768w, https:\/\/baloessaoroque.com.br\/en\/wp-content\/uploads\/2022\/02\/Captura-de-Tela-2022-01-19-a\u0300s-10.29.57-1-400x400.png 400w, https:\/\/baloessaoroque.com.br\/en\/wp-content\/uploads\/2022\/02\/Captura-de-Tela-2022-01-19-a\u0300s-10.29.57-1-620x619.png 620w, https:\/\/baloessaoroque.com.br\/en\/wp-content\/uploads\/2022\/02\/Captura-de-Tela-2022-01-19-a\u0300s-10.29.57-1-600x599.png 600w, https:\/\/baloessaoroque.com.br\/en\/wp-content\/uploads\/2022\/02\/Captura-de-Tela-2022-01-19-a\u0300s-10.29.57-1-100x100.png 100w\" sizes=\"(max-width: 818px) 100vw, 818px\" \/><\/a><figcaption>  Produ\u00e7\u00e3o: Viviane Furlan <\/figcaption><\/figure>\n<\/div>\n<\/div>\n\n\n\n<p>Nada melhor do que colocar em pr\u00e1tica um lindo jardim para alegrar a festa do pequeno aniversariante, n\u00e3o \u00e9 mesmo?! Ent\u00e3o confira o tutorial:<\/p>\n\n\n\n<figure class=\"wp-block-embed is-type-video is-provider-youtube wp-block-embed-youtube wp-embed-aspect-16-9 wp-has-aspect-ratio\"><div class=\"wp-block-embed__wrapper\">\n<iframe loading=\"lazy\" title=\"Decora\u00e7\u00e3o com bal\u00f5es | Tema Jardim | Bal\u00f5es S\u00e3o Roque\" width=\"500\" height=\"281\" src=\"https:\/\/www.youtube.com\/embed\/as7coNvxJmY?start=3045&#038;feature=oembed\" frameborder=\"0\" allow=\"accelerometer; autoplay; clipboard-write; encrypted-media; gyroscope; picture-in-picture\" allowfullscreen><\/iframe>\n<\/div><\/figure>\n\n\n\n<p>Conhe\u00e7a nossa sele\u00e7\u00e3o exclusiva de <a href=\"https:\/\/baloessaoroque.com.br\/en\/produto-tag\/jardim-encantado\/\" target=\"_blank\" rel=\"noreferrer noopener\">bal\u00f5es para festa Jardim<\/a>.<\/p>\n\n\n\n<h2><span class=\"ez-toc-section\" id=\"6_-_Dinossauro\"><\/span><strong>6 \u2013 Dinossauro<\/strong><span class=\"ez-toc-section-end\"><\/span><\/h2>\n\n\n\n<p>Independente da idade, dinossauros conquistam crian\u00e7as e adultos. O diferencial dessa tem\u00e1tica est\u00e1 na variedade de decora\u00e7\u00f5es que \u00e9 poss\u00edvel criar. Desde decora\u00e7\u00f5es para 1 ano, mais delicadas e com dinossauros fofos, at\u00e9 as mais ousadas para adolescentes e adultos.<\/p>\n\n\n\n<div class=\"wp-block-image\"><figure class=\"aligncenter size-full is-resized\"><a href=\"https:\/\/baloessaoroque.com.br\/en\/wp-content\/uploads\/2022\/02\/Captura-de-Tela-2022-01-19-a\u0300s-10.58.34-1.png\"><img loading=\"lazy\" src=\"https:\/\/baloessaoroque.com.br\/en\/wp-content\/uploads\/2022\/02\/Captura-de-Tela-2022-01-19-a\u0300s-10.58.34-1.png\" alt=\"Temas de anivers\u00e1rio 1 ano: Dinossauro de bal\u00f5es.\" class=\"wp-image-10692\" width=\"616\" height=\"615\" srcset=\"https:\/\/baloessaoroque.com.br\/en\/wp-content\/uploads\/2022\/02\/Captura-de-Tela-2022-01-19-a\u0300s-10.58.34-1.png 821w, https:\/\/baloessaoroque.com.br\/en\/wp-content\/uploads\/2022\/02\/Captura-de-Tela-2022-01-19-a\u0300s-10.58.34-1-300x300.png 300w, https:\/\/baloessaoroque.com.br\/en\/wp-content\/uploads\/2022\/02\/Captura-de-Tela-2022-01-19-a\u0300s-10.58.34-1-150x150.png 150w, https:\/\/baloessaoroque.com.br\/en\/wp-content\/uploads\/2022\/02\/Captura-de-Tela-2022-01-19-a\u0300s-10.58.34-1-768x767.png 768w, https:\/\/baloessaoroque.com.br\/en\/wp-content\/uploads\/2022\/02\/Captura-de-Tela-2022-01-19-a\u0300s-10.58.34-1-400x400.png 400w, https:\/\/baloessaoroque.com.br\/en\/wp-content\/uploads\/2022\/02\/Captura-de-Tela-2022-01-19-a\u0300s-10.58.34-1-620x619.png 620w, https:\/\/baloessaoroque.com.br\/en\/wp-content\/uploads\/2022\/02\/Captura-de-Tela-2022-01-19-a\u0300s-10.58.34-1-600x599.png 600w, https:\/\/baloessaoroque.com.br\/en\/wp-content\/uploads\/2022\/02\/Captura-de-Tela-2022-01-19-a\u0300s-10.58.34-1-100x100.png 100w\" sizes=\"(max-width: 616px) 100vw, 616px\" \/><\/a><figcaption>Produ\u00e7\u00e3o: Inova Bal\u00f5es <\/figcaption><\/figure><\/div>\n\n\n\n<p>Como aqui estamos falando de temas de anivers\u00e1rio de 1 ano, vale destacar que al\u00e9m de <a href=\"https:\/\/baloessaoroque.com.br\/en\/produto-tag\/dinossauro\/\" target=\"_blank\" rel=\"noreferrer noopener\">bal\u00f5es nas cores verde, laranja e marrom<\/a>, \u00e9 imprescind\u00edvel completar a montagem com toalhas verdes, folhagens, capas nas cadeiras e bonecos de dinossauro. Pode ser os pr\u00f3prios brinquedos da crian\u00e7a. E ah, n\u00e3o esque\u00e7a da personaliza\u00e7\u00e3o dos docinhos.<\/p>\n\n\n\n<div class=\"wp-block-image\"><figure class=\"aligncenter size-full\"><a href=\"https:\/\/baloessaoroque.com.br\/en\/wp-content\/uploads\/2022\/02\/dinossauro2-1.jpeg\"><img loading=\"lazy\" width=\"564\" height=\"564\" src=\"https:\/\/baloessaoroque.com.br\/en\/wp-content\/uploads\/2022\/02\/dinossauro2-1.jpeg\" alt=\"\" class=\"wp-image-10694\" srcset=\"https:\/\/baloessaoroque.com.br\/en\/wp-content\/uploads\/2022\/02\/dinossauro2-1.jpeg 564w, https:\/\/baloessaoroque.com.br\/en\/wp-content\/uploads\/2022\/02\/dinossauro2-1-300x300.jpeg 300w, https:\/\/baloessaoroque.com.br\/en\/wp-content\/uploads\/2022\/02\/dinossauro2-1-150x150.jpeg 150w, https:\/\/baloessaoroque.com.br\/en\/wp-content\/uploads\/2022\/02\/dinossauro2-1-400x400.jpeg 400w, https:\/\/baloessaoroque.com.br\/en\/wp-content\/uploads\/2022\/02\/dinossauro2-1-100x100.jpeg 100w\" sizes=\"(max-width: 564px) 100vw, 564px\" \/><\/a><figcaption>Fonte: Pinterest<\/figcaption><\/figure><\/div>\n\n\n\n<h2><span class=\"ez-toc-section\" id=\"7_-_Mickey_e_Minnie\"><\/span><strong>7 \u2013 Mickey e Minnie<\/strong><span class=\"ez-toc-section-end\"><\/span><\/h2>\n\n\n\n<p>Sem d\u00favidas, esse tema \u00e9 um dos mais cl\u00e1ssicos e pedidos do mundo! Afinal, n\u00e3o \u00e9 de hoje que o Mickey e Minnie encantam gera\u00e7\u00f5es.<\/p>\n\n\n\n<div class=\"wp-block-image\"><figure class=\"aligncenter size-full is-resized\"><a href=\"https:\/\/baloessaoroque.com.br\/en\/wp-content\/uploads\/2022\/02\/Captura-de-Tela-2022-01-19-a\u0300s-11.21.06-1.png\"><img loading=\"lazy\" src=\"https:\/\/baloessaoroque.com.br\/en\/wp-content\/uploads\/2022\/02\/Captura-de-Tela-2022-01-19-a\u0300s-11.21.06-1.png\" alt=\"Mosaico de bal\u00f5es Mickey com arranjo de bal\u00f5es para temas de anivers\u00e1rio 1 ano.\" class=\"wp-image-10695\" width=\"615\" height=\"612\" srcset=\"https:\/\/baloessaoroque.com.br\/en\/wp-content\/uploads\/2022\/02\/Captura-de-Tela-2022-01-19-a\u0300s-11.21.06-1.png 820w, https:\/\/baloessaoroque.com.br\/en\/wp-content\/uploads\/2022\/02\/Captura-de-Tela-2022-01-19-a\u0300s-11.21.06-1-300x300.png 300w, https:\/\/baloessaoroque.com.br\/en\/wp-content\/uploads\/2022\/02\/Captura-de-Tela-2022-01-19-a\u0300s-11.21.06-1-150x150.png 150w, https:\/\/baloessaoroque.com.br\/en\/wp-content\/uploads\/2022\/02\/Captura-de-Tela-2022-01-19-a\u0300s-11.21.06-1-768x764.png 768w, https:\/\/baloessaoroque.com.br\/en\/wp-content\/uploads\/2022\/02\/Captura-de-Tela-2022-01-19-a\u0300s-11.21.06-1-400x398.png 400w, https:\/\/baloessaoroque.com.br\/en\/wp-content\/uploads\/2022\/02\/Captura-de-Tela-2022-01-19-a\u0300s-11.21.06-1-620x617.png 620w, https:\/\/baloessaoroque.com.br\/en\/wp-content\/uploads\/2022\/02\/Captura-de-Tela-2022-01-19-a\u0300s-11.21.06-1-600x597.png 600w, https:\/\/baloessaoroque.com.br\/en\/wp-content\/uploads\/2022\/02\/Captura-de-Tela-2022-01-19-a\u0300s-11.21.06-1-100x100.png 100w\" sizes=\"(max-width: 615px) 100vw, 615px\" \/><\/a><figcaption> Produ\u00e7\u00e3o: Cris Conrad <\/figcaption><\/figure><\/div>\n\n\n\n<p>Voc\u00ea pode fazer apenas de um personagem, como tamb\u00e9m dos dois juntos. Com rela\u00e7\u00e3o \u00e0s cores, sinta-se \u00e0 vontade para seguir na paleta tradicional do vermelho, preto, branco e detalhes em amarelo ou ent\u00e3o escolher a sua pr\u00f3pria tabela de cores. Temos os <a href=\"https:\/\/baloessaoroque.com.br\/en\/produtos\/decorados\/9-polegadas\/orelha-de-rato-sortido\/\" target=\"_blank\" rel=\"noreferrer noopener\">bal\u00f5es orelha de rato<\/a> que s\u00e3o perfeitos para isso, mas tamb\u00e9m \u00e9 poss\u00edvel complementar com <a href=\"https:\/\/baloessaoroque.com.br\/en\/categoria-produto\/liso\/\" target=\"_blank\" rel=\"noreferrer noopener\">Liso<\/a>, <a href=\"https:\/\/baloessaoroque.com.br\/en\/categoria-produto\/metallic-ballom\/\" target=\"_blank\" rel=\"noreferrer noopener\">Metallic<\/a> e at\u00e9 com os da linha <a href=\"https:\/\/baloessaoroque.com.br\/en\/categoria-produto\/decorados\/?_sf_s=bola\" target=\"_blank\" rel=\"noreferrer noopener\">Decorados<\/a>.<\/p>\n\n\n\n<div class=\"wp-block-image\"><figure class=\"aligncenter size-full\"><a href=\"https:\/\/baloessaoroque.com.br\/en\/wp-content\/uploads\/2022\/02\/mickey-e-minnie-1.jpeg\"><img loading=\"lazy\" width=\"564\" height=\"705\" src=\"https:\/\/baloessaoroque.com.br\/en\/wp-content\/uploads\/2022\/02\/mickey-e-minnie-1.jpeg\" alt=\"\" class=\"wp-image-10696\" srcset=\"https:\/\/baloessaoroque.com.br\/en\/wp-content\/uploads\/2022\/02\/mickey-e-minnie-1.jpeg 564w, https:\/\/baloessaoroque.com.br\/en\/wp-content\/uploads\/2022\/02\/mickey-e-minnie-1-240x300.jpeg 240w, https:\/\/baloessaoroque.com.br\/en\/wp-content\/uploads\/2022\/02\/mickey-e-minnie-1-400x500.jpeg 400w\" sizes=\"(max-width: 564px) 100vw, 564px\" \/><\/a><figcaption>Fonte: Pinterest<\/figcaption><\/figure><\/div>\n\n\n\n<p>Quer aprender a fazer uma decora\u00e7\u00e3o do Mickey e Minnie? Acesse nossa <a href=\"https:\/\/www.instagram.com\/baloes.saoroque\/tv\/CU6G0DCF8VX\/?utm_medium=copy_link\" target=\"_blank\" rel=\"noreferrer noopener\">live completa no Instagram<\/a>.<\/p>\n\n\n\n<h2><span class=\"ez-toc-section\" id=\"8_-_Fundo_do_mar\"><\/span><strong>8 &#8211; Fundo do mar<\/strong><span class=\"ez-toc-section-end\"><\/span><\/h2>\n\n\n\n<p>O fundo do mar \u00e9 um tema de anivers\u00e1rio de 1 ano que permite criar um cen\u00e1rio l\u00fadico, m\u00e1gico e encantador. E quando o assunto \u00e9 <a href=\"https:\/\/www.youtube.com\/watch?v=aQr9UHfggyc\" target=\"_blank\" rel=\"noreferrer noopener\">decora\u00e7\u00e3o do mar<\/a>, os <a href=\"https:\/\/baloessaoroque.com.br\/en\/produtos\/decorados\/9-polegadas\/fundo-do-mar-sortido\/\" target=\"_blank\" rel=\"noreferrer noopener\">bal\u00f5es<\/a> s\u00e3o indispens\u00e1veis. Afinal, com eles \u00e9 poss\u00edvel criar <a href=\"https:\/\/www.youtube.com\/watch?v=Gz5XykZSaiw\" target=\"_blank\" rel=\"noreferrer noopener\">cauda de sereia<\/a>, mergulhadores, <a href=\"https:\/\/www.youtube.com\/watch?v=ozUHLw8-5DQ\" target=\"_blank\" rel=\"noreferrer noopener\">peixes<\/a>, animais marinhos e muito mais.<\/p>\n\n\n\n<div class=\"wp-block-image\"><figure class=\"aligncenter size-large is-resized\"><a href=\"https:\/\/baloessaoroque.com.br\/en\/wp-content\/uploads\/2022\/02\/IMG_4715-1-scaled.jpg\"><img src=\"https:\/\/baloessaoroque.com.br\/en\/wp-content\/uploads\/2022\/02\/IMG_4715-1-edited-scaled.jpg\" alt=\"Temas de anivers\u00e1rio 1 ano: fundo do mar. Cauda de sereia feita de bal\u00f5es metalizados.\" class=\"wp-image-10698\" width=\"512\" srcset=\"https:\/\/baloessaoroque.com.br\/en\/wp-content\/uploads\/2022\/02\/IMG_4715-1-edited-scaled.jpg 1920w, https:\/\/baloessaoroque.com.br\/en\/wp-content\/uploads\/2022\/02\/IMG_4715-1-edited-225x300.jpg 225w, https:\/\/baloessaoroque.com.br\/en\/wp-content\/uploads\/2022\/02\/IMG_4715-1-edited-768x1024.jpg 768w, https:\/\/baloessaoroque.com.br\/en\/wp-content\/uploads\/2022\/02\/IMG_4715-1-edited-1152x1536.jpg 1152w, https:\/\/baloessaoroque.com.br\/en\/wp-content\/uploads\/2022\/02\/IMG_4715-1-edited-1536x2048.jpg 1536w, https:\/\/baloessaoroque.com.br\/en\/wp-content\/uploads\/2022\/02\/IMG_4715-1-edited-400x533.jpg 400w, https:\/\/baloessaoroque.com.br\/en\/wp-content\/uploads\/2022\/02\/IMG_4715-1-edited-620x827.jpg 620w, https:\/\/baloessaoroque.com.br\/en\/wp-content\/uploads\/2022\/02\/IMG_4715-1-edited-600x800.jpg 600w\" sizes=\"(max-width: 1920px) 100vw, 1920px\" \/><\/a><figcaption>Produ\u00e7\u00e3o: Viviane Furlan<\/figcaption><\/figure><\/div>\n\n\n\n<p>Aposte nos elementos, pois eles far\u00e3o toda a diferen\u00e7a no resultado final. Voc\u00ea pode investir nas conchas, p\u00e9rolas e at\u00e9 em m\u00e1scaras de mergulho. Quanto mais detalhes, mais fiel a decora\u00e7\u00e3o ser\u00e1.<\/p>\n\n\n\n<div class=\"wp-block-image\"><figure class=\"aligncenter size-full is-resized\"><a href=\"https:\/\/baloessaoroque.com.br\/en\/wp-content\/uploads\/2022\/02\/Captura-de-Tela-2022-01-19-a\u0300s-14.47.14-1.png\"><img loading=\"lazy\" src=\"https:\/\/baloessaoroque.com.br\/en\/wp-content\/uploads\/2022\/02\/Captura-de-Tela-2022-01-19-a\u0300s-14.47.14-1.png\" alt=\"Decora\u00e7\u00e3o de festa tema fundo do mar com mergulhadores e cen\u00e1rio feito com bal\u00f5es.\" class=\"wp-image-10699\" width=\"659\" height=\"658\" srcset=\"https:\/\/baloessaoroque.com.br\/en\/wp-content\/uploads\/2022\/02\/Captura-de-Tela-2022-01-19-a\u0300s-14.47.14-1.png 878w, https:\/\/baloessaoroque.com.br\/en\/wp-content\/uploads\/2022\/02\/Captura-de-Tela-2022-01-19-a\u0300s-14.47.14-1-300x300.png 300w, https:\/\/baloessaoroque.com.br\/en\/wp-content\/uploads\/2022\/02\/Captura-de-Tela-2022-01-19-a\u0300s-14.47.14-1-150x150.png 150w, https:\/\/baloessaoroque.com.br\/en\/wp-content\/uploads\/2022\/02\/Captura-de-Tela-2022-01-19-a\u0300s-14.47.14-1-768x767.png 768w, https:\/\/baloessaoroque.com.br\/en\/wp-content\/uploads\/2022\/02\/Captura-de-Tela-2022-01-19-a\u0300s-14.47.14-1-400x400.png 400w, https:\/\/baloessaoroque.com.br\/en\/wp-content\/uploads\/2022\/02\/Captura-de-Tela-2022-01-19-a\u0300s-14.47.14-1-620x619.png 620w, https:\/\/baloessaoroque.com.br\/en\/wp-content\/uploads\/2022\/02\/Captura-de-Tela-2022-01-19-a\u0300s-14.47.14-1-600x599.png 600w, https:\/\/baloessaoroque.com.br\/en\/wp-content\/uploads\/2022\/02\/Captura-de-Tela-2022-01-19-a\u0300s-14.47.14-1-100x100.png 100w\" sizes=\"(max-width: 659px) 100vw, 659px\" \/><\/a><figcaption> Produ\u00e7\u00e3o: Fabi Vale <\/figcaption><\/figure><\/div>\n\n\n\n<p>Veja como \u00e9 f\u00e1cil fazer uma escultura de polvo com Bal\u00f5es:<\/p>\n\n\n\n<figure class=\"wp-block-embed is-type-video is-provider-youtube wp-block-embed-youtube wp-embed-aspect-16-9 wp-has-aspect-ratio\"><div class=\"wp-block-embed__wrapper\">\n<iframe loading=\"lazy\" title=\"Fa\u00e7a voc\u00ea mesmo | Escultura de Polvo com Bal\u00f5es S\u00e3o Roque\" width=\"500\" height=\"281\" src=\"https:\/\/www.youtube.com\/embed\/zzd9f5P7V1U?feature=oembed\" frameborder=\"0\" allow=\"accelerometer; autoplay; clipboard-write; encrypted-media; gyroscope; picture-in-picture\" allowfullscreen><\/iframe>\n<\/div><\/figure>\n\n\n\n<p>E para complementar ainda mais a sua decora\u00e7\u00e3o do fundo do mar, conte com os nossos bal\u00f5es 3D Metalizados exclusivos: <a href=\"https:\/\/baloessaoroque.com.br\/en\/produtos\/balao-metalizado\/3d-cavalo-marinho\/\" target=\"_blank\" rel=\"noreferrer noopener\">cavalo marinho,<\/a> <a href=\"https:\/\/baloessaoroque.com.br\/en\/produtos\/balao-metalizado\/3d-sereia\/\" target=\"_blank\" rel=\"noreferrer noopener\">sereia<\/a> e <a href=\"https:\/\/baloessaoroque.com.br\/en\/produtos\/balao-metalizado\/3d-polvo\/\" target=\"_blank\" rel=\"noreferrer noopener\">polvo<\/a>.<\/p>\n\n\n\n<h2><span class=\"ez-toc-section\" id=\"9_-_Mundo_Bita\"><\/span><strong>9 \u2013 Mundo Bita<\/strong><span class=\"ez-toc-section-end\"><\/span><\/h2>\n\n\n\n<p>Toda mam\u00e3e e papai com certeza j\u00e1 colocou um v\u00eddeo do Mundo Bita para os pequenos assistirem. Esse desenho brasileiro \u00e9 reconhecido pelas produ\u00e7\u00f5es e can\u00e7\u00f5es encantadoras que al\u00e9m de ensinarem, tamb\u00e9m acalmam. As crian\u00e7as amam!<\/p>\n\n\n\n<div class=\"wp-block-image\"><figure class=\"aligncenter size-full is-resized\"><a href=\"https:\/\/baloessaoroque.com.br\/en\/wp-content\/uploads\/2022\/02\/Captura-de-Tela-2022-01-26-a\u0300s-17.38.00-1.png\"><img loading=\"lazy\" src=\"https:\/\/baloessaoroque.com.br\/en\/wp-content\/uploads\/2022\/02\/Captura-de-Tela-2022-01-26-a\u0300s-17.38.00-1.png\" alt=\"Decora\u00e7\u00f5es de festa com tema Mundo Bita.\" class=\"wp-image-10700\" width=\"611\" height=\"613\" srcset=\"https:\/\/baloessaoroque.com.br\/en\/wp-content\/uploads\/2022\/02\/Captura-de-Tela-2022-01-26-a\u0300s-17.38.00-1.png 815w, https:\/\/baloessaoroque.com.br\/en\/wp-content\/uploads\/2022\/02\/Captura-de-Tela-2022-01-26-a\u0300s-17.38.00-1-300x300.png 300w, https:\/\/baloessaoroque.com.br\/en\/wp-content\/uploads\/2022\/02\/Captura-de-Tela-2022-01-26-a\u0300s-17.38.00-1-150x150.png 150w, https:\/\/baloessaoroque.com.br\/en\/wp-content\/uploads\/2022\/02\/Captura-de-Tela-2022-01-26-a\u0300s-17.38.00-1-768x770.png 768w, https:\/\/baloessaoroque.com.br\/en\/wp-content\/uploads\/2022\/02\/Captura-de-Tela-2022-01-26-a\u0300s-17.38.00-1-400x401.png 400w, https:\/\/baloessaoroque.com.br\/en\/wp-content\/uploads\/2022\/02\/Captura-de-Tela-2022-01-26-a\u0300s-17.38.00-1-620x622.png 620w, https:\/\/baloessaoroque.com.br\/en\/wp-content\/uploads\/2022\/02\/Captura-de-Tela-2022-01-26-a\u0300s-17.38.00-1-600x601.png 600w, https:\/\/baloessaoroque.com.br\/en\/wp-content\/uploads\/2022\/02\/Captura-de-Tela-2022-01-26-a\u0300s-17.38.00-1-100x100.png 100w\" sizes=\"(max-width: 611px) 100vw, 611px\" \/><\/a><figcaption>Produ\u00e7\u00e3o: Darlan Dias <\/figcaption><\/figure><\/div>\n\n\n\n<p>Desse modo, tamb\u00e9m \u00e9 um tema muito procurado para anivers\u00e1rios de 1 ano. As produ\u00e7\u00f5es podem ser monocrom\u00e1ticas ou coloridas, fica a crit\u00e9rio dos pais. Contudo, mesmo se utilizar somente uma paleta de cores, alguns elementos de outras cores dar\u00e3o o toque final na decora\u00e7\u00e3o.<\/p>\n\n\n\n<div class=\"wp-block-image\"><figure class=\"aligncenter size-large\"><a href=\"https:\/\/baloessaoroque.com.br\/en\/wp-content\/uploads\/2022\/02\/IMG_20210607_221502-1-scaled.jpg\"><img loading=\"lazy\" width=\"2560\" height=\"1432\" src=\"https:\/\/baloessaoroque.com.br\/en\/wp-content\/uploads\/2022\/02\/IMG_20210607_221502-1-edited-scaled.jpg\" alt=\"temas de anivers\u00e1rio 1 ano: Mundo Bita\" class=\"wp-image-10702\" srcset=\"https:\/\/baloessaoroque.com.br\/en\/wp-content\/uploads\/2022\/02\/IMG_20210607_221502-1-edited-scaled.jpg 2560w, https:\/\/baloessaoroque.com.br\/en\/wp-content\/uploads\/2022\/02\/IMG_20210607_221502-1-edited-300x168.jpg 300w, https:\/\/baloessaoroque.com.br\/en\/wp-content\/uploads\/2022\/02\/IMG_20210607_221502-1-edited-1024x573.jpg 1024w, https:\/\/baloessaoroque.com.br\/en\/wp-content\/uploads\/2022\/02\/IMG_20210607_221502-1-edited-768x429.jpg 768w, https:\/\/baloessaoroque.com.br\/en\/wp-content\/uploads\/2022\/02\/IMG_20210607_221502-1-edited-1536x859.jpg 1536w, https:\/\/baloessaoroque.com.br\/en\/wp-content\/uploads\/2022\/02\/IMG_20210607_221502-1-edited-2048x1145.jpg 2048w, https:\/\/baloessaoroque.com.br\/en\/wp-content\/uploads\/2022\/02\/IMG_20210607_221502-1-edited-400x225.jpg 400w, https:\/\/baloessaoroque.com.br\/en\/wp-content\/uploads\/2022\/02\/IMG_20210607_221502-1-edited-620x347.jpg 620w, https:\/\/baloessaoroque.com.br\/en\/wp-content\/uploads\/2022\/02\/IMG_20210607_221502-1-edited-600x336.jpg 600w\" sizes=\"(max-width: 2560px) 100vw, 2560px\" \/><\/a><figcaption>Fonte: Pinterest<\/figcaption><\/figure><\/div>\n\n\n\n<p>Agora que voc\u00ea conheceu e se inspirou em nove temas de anivers\u00e1rio de 1 ano, te convidamos a conhecer nossa linha completa de bal\u00f5es <a href=\"https:\/\/baloessaoroque.com.br\/en\/produtos\/\" target=\"_blank\" rel=\"noreferrer noopener\">aqui<\/a>. Al\u00e9m disso, temos outro conte\u00fado incr\u00edvel sobre o quanto os <a href=\"https:\/\/baloessaoroque.com.br\/en\/e-festa-entao-voce-vai-precisar-de-baloes\/\" target=\"_blank\" rel=\"noreferrer noopener\">bal\u00f5es s\u00e3o importantes para todo tipo de festa.<\/a><\/p>\n\n\n\n<p>Gostou desse conte\u00fado? Compartilhe com seus amigos e nos siga no <a href=\"https:\/\/instagram.com\/baloes.saoroque\" target=\"_blank\" rel=\"noreferrer noopener\">Instagram<\/a>, <a href=\"https:\/\/fb.com\/Baloes.SR\" target=\"_blank\" rel=\"noreferrer noopener\">Facebook<\/a>, <a href=\"https:\/\/br.pinterest.com\/baloessaoroque\/_saved\/\" target=\"_blank\" rel=\"noreferrer noopener\">Pinterest<\/a> e <a href=\"https:\/\/www.youtube.com\/channel\/UCu2txLVCYP14NhJcRq57WEQ\" target=\"_blank\" rel=\"noreferrer noopener\">YouTube<\/a> para ficar por dentro de todas as novidades.<\/p>\n","protected":false},"excerpt":{"rendered":"<p>Sum&aacute;rio 1 &#8211; Circo2 &#8211; Fazendinha3 &#8211; Ursinhos4 &#8211; Unic\u00f3rnio5 &#8211; Jardim6 \u2013 Dinossauro7 \u2013 Mickey e Minnie8 &#8211; Fundo [&hellip;]<\/p>\n","protected":false},"author":1,"featured_media":10706,"comment_status":"open","ping_status":"open","sticky":false,"template":"","format":"standard","meta":[],"categories":[22],"tags":[1929,774,858,755,852,1889,1930],"yoast_head":"<!-- This site is optimized with the Yoast SEO plugin v18.4.1 - https:\/\/yoast.com\/wordpress\/plugins\/seo\/ -->\n<title>9 Temas de anivers\u00e1rio 1 ano para se inspirar - Bal\u00f5es S\u00e3o Roque<\/title>\n<meta name=\"description\" content=\"Se voc\u00ea busca por inspira\u00e7\u00f5es de temas de anivers\u00e1rio 1 ano, est\u00e1 no lugar certo! Separamos 9 decora\u00e7\u00f5es incr\u00edveis para voc\u00ea se inspirar!\" \/>\n<meta name=\"robots\" content=\"index, follow, max-snippet:-1, max-image-preview:large, max-video-preview:-1\" \/>\n<link rel=\"canonical\" href=\"https:\/\/baloessaoroque.com.br\/en\/blog-9-temas-de-aniversario-1-ano-para-se-inspirar\/\" \/>\n<meta property=\"og:locale\" content=\"pt_BR\" \/>\n<meta property=\"og:type\" content=\"article\" \/>\n<meta property=\"og:title\" content=\"9 Temas de anivers\u00e1rio 1 ano para se inspirar - Bal\u00f5es S\u00e3o Roque\" \/>\n<meta property=\"og:description\" content=\"Se voc\u00ea busca por inspira\u00e7\u00f5es de temas de anivers\u00e1rio 1 ano, est\u00e1 no lugar certo! Separamos 9 decora\u00e7\u00f5es incr\u00edveis para voc\u00ea se inspirar!\" \/>\n<meta property=\"og:url\" content=\"https:\/\/baloessaoroque.com.br\/en\/blog-9-temas-de-aniversario-1-ano-para-se-inspirar\/\" \/>\n<meta property=\"og:site_name\" content=\"Bal\u00f5es S\u00e3o Roque\" \/>\n<meta property=\"article:published_time\" content=\"2022-02-03T17:32:34+00:00\" \/>\n<meta property=\"article:modified_time\" content=\"2022-02-25T20:41:52+00:00\" \/>\n<meta property=\"og:image\" content=\"https:\/\/baloessaoroque.com.br\/en\/wp-content\/uploads\/2022\/02\/BLOG_2801_ANIVERSARIO-1-ANO.jpg\" \/>\n\t<meta property=\"og:image:width\" content=\"1140\" \/>\n\t<meta property=\"og:image:height\" content=\"500\" \/>\n\t<meta property=\"og:image:type\" content=\"image\/jpeg\" \/>\n<meta name=\"twitter:card\" content=\"summary_large_image\" \/>\n<meta name=\"twitter:label1\" content=\"Escrito por\" \/>\n\t<meta name=\"twitter:data1\" content=\"kite\" \/>\n\t<meta name=\"twitter:label2\" content=\"Est. tempo de leitura\" \/>\n\t<meta name=\"twitter:data2\" content=\"12 minutos\" \/>\n<script type=\"application\/ld+json\" class=\"yoast-schema-graph\">{\"@context\":\"https:\/\/schema.org\",\"@graph\":[{\"@type\":\"WebSite\",\"@id\":\"https:\/\/baloessaoroque.com.br\/en\/#website\",\"url\":\"https:\/\/baloessaoroque.com.br\/en\/\",\"name\":\"Bal\u00f5es S\u00e3o Roque\",\"description\":\"Sua vida cheia de festa!\",\"potentialAction\":[{\"@type\":\"SearchAction\",\"target\":{\"@type\":\"EntryPoint\",\"urlTemplate\":\"https:\/\/baloessaoroque.com.br\/en\/?s={search_term_string}\"},\"query-input\":\"required name=search_term_string\"}],\"inLanguage\":\"pt-BR\"},{\"@type\":\"ImageObject\",\"@id\":\"https:\/\/baloessaoroque.com.br\/en\/blog-9-temas-de-aniversario-1-ano-para-se-inspirar\/#primaryimage\",\"inLanguage\":\"pt-BR\",\"url\":\"https:\/\/baloessaoroque.com.br\/en\/wp-content\/uploads\/2022\/02\/BLOG_2801_ANIVERSARIO-1-ANO.jpg\",\"contentUrl\":\"https:\/\/baloessaoroque.com.br\/en\/wp-content\/uploads\/2022\/02\/BLOG_2801_ANIVERSARIO-1-ANO.jpg\",\"width\":1140,\"height\":500,\"caption\":\"Tema festa de 1 ano\"},{\"@type\":\"WebPage\",\"@id\":\"https:\/\/baloessaoroque.com.br\/en\/blog-9-temas-de-aniversario-1-ano-para-se-inspirar\/#webpage\",\"url\":\"https:\/\/baloessaoroque.com.br\/en\/blog-9-temas-de-aniversario-1-ano-para-se-inspirar\/\",\"name\":\"9 Temas de anivers\u00e1rio 1 ano para se inspirar - Bal\u00f5es S\u00e3o Roque\",\"isPartOf\":{\"@id\":\"https:\/\/baloessaoroque.com.br\/en\/#website\"},\"primaryImageOfPage\":{\"@id\":\"https:\/\/baloessaoroque.com.br\/en\/blog-9-temas-de-aniversario-1-ano-para-se-inspirar\/#primaryimage\"},\"datePublished\":\"2022-02-03T17:32:34+00:00\",\"dateModified\":\"2022-02-25T20:41:52+00:00\",\"author\":{\"@id\":\"https:\/\/baloessaoroque.com.br\/en\/#\/schema\/person\/edf0c3d7f7d83c04c03736a851ef3c87\"},\"description\":\"Se voc\u00ea busca por inspira\u00e7\u00f5es de temas de anivers\u00e1rio 1 ano, est\u00e1 no lugar certo! Separamos 9 decora\u00e7\u00f5es incr\u00edveis para voc\u00ea se inspirar!\",\"breadcrumb\":{\"@id\":\"https:\/\/baloessaoroque.com.br\/en\/blog-9-temas-de-aniversario-1-ano-para-se-inspirar\/#breadcrumb\"},\"inLanguage\":\"pt-BR\",\"potentialAction\":[{\"@type\":\"ReadAction\",\"target\":[\"https:\/\/baloessaoroque.com.br\/en\/blog-9-temas-de-aniversario-1-ano-para-se-inspirar\/\"]}]},{\"@type\":\"BreadcrumbList\",\"@id\":\"https:\/\/baloessaoroque.com.br\/en\/blog-9-temas-de-aniversario-1-ano-para-se-inspirar\/#breadcrumb\",\"itemListElement\":[{\"@type\":\"ListItem\",\"position\":1,\"name\":\"In\u00edcio\",\"item\":\"https:\/\/baloessaoroque.com.br\/en\/\"},{\"@type\":\"ListItem\",\"position\":2,\"name\":\"9 Temas de anivers\u00e1rio 1 ano para se inspirar\"}]},{\"@type\":\"Person\",\"@id\":\"https:\/\/baloessaoroque.com.br\/en\/#\/schema\/person\/edf0c3d7f7d83c04c03736a851ef3c87\",\"name\":\"kite\",\"image\":{\"@type\":\"ImageObject\",\"@id\":\"https:\/\/baloessaoroque.com.br\/en\/#personlogo\",\"inLanguage\":\"pt-BR\",\"url\":\"https:\/\/secure.gravatar.com\/avatar\/bd19e5c9ad72206ec767e851cc016426?s=96&d=mm&r=g\",\"contentUrl\":\"https:\/\/secure.gravatar.com\/avatar\/bd19e5c9ad72206ec767e851cc016426?s=96&d=mm&r=g\",\"caption\":\"kite\"},\"sameAs\":[\"https:\/\/baloessaoroque.com.br\/en\"],\"url\":\"https:\/\/baloessaoroque.com.br\/en\/author\/kite\/\"}]}<\/script>\n<!-- \/ Yoast SEO plugin. -->","yoast_head_json":{"title":"9 Temas de anivers\u00e1rio 1 ano para se inspirar - Bal\u00f5es S\u00e3o Roque","description":"Se voc\u00ea busca por inspira\u00e7\u00f5es de temas de anivers\u00e1rio 1 ano, est\u00e1 no lugar certo! Separamos 9 decora\u00e7\u00f5es incr\u00edveis para voc\u00ea se inspirar!","robots":{"index":"index","follow":"follow","max-snippet":"max-snippet:-1","max-image-preview":"max-image-preview:large","max-video-preview":"max-video-preview:-1"},"canonical":"https:\/\/baloessaoroque.com.br\/en\/blog-9-temas-de-aniversario-1-ano-para-se-inspirar\/","og_locale":"pt_BR","og_type":"article","og_title":"9 Temas de anivers\u00e1rio 1 ano para se inspirar - Bal\u00f5es S\u00e3o Roque","og_description":"Se voc\u00ea busca por inspira\u00e7\u00f5es de temas de anivers\u00e1rio 1 ano, est\u00e1 no lugar certo! Separamos 9 decora\u00e7\u00f5es incr\u00edveis para voc\u00ea se inspirar!","og_url":"https:\/\/baloessaoroque.com.br\/en\/blog-9-temas-de-aniversario-1-ano-para-se-inspirar\/","og_site_name":"Bal\u00f5es S\u00e3o Roque","article_published_time":"2022-02-03T17:32:34+00:00","article_modified_time":"2022-02-25T20:41:52+00:00","og_image":[{"width":1140,"height":500,"url":"https:\/\/baloessaoroque.com.br\/en\/wp-content\/uploads\/2022\/02\/BLOG_2801_ANIVERSARIO-1-ANO.jpg","type":"image\/jpeg"}],"twitter_card":"summary_large_image","twitter_misc":{"Escrito por":"kite","Est. tempo de leitura":"12 minutos"},"schema":{"@context":"https:\/\/schema.org","@graph":[{"@type":"WebSite","@id":"https:\/\/baloessaoroque.com.br\/en\/#website","url":"https:\/\/baloessaoroque.com.br\/en\/","name":"Bal\u00f5es S\u00e3o Roque","description":"Sua vida cheia de festa!","potentialAction":[{"@type":"SearchAction","target":{"@type":"EntryPoint","urlTemplate":"https:\/\/baloessaoroque.com.br\/en\/?s={search_term_string}"},"query-input":"required name=search_term_string"}],"inLanguage":"pt-BR"},{"@type":"ImageObject","@id":"https:\/\/baloessaoroque.com.br\/en\/blog-9-temas-de-aniversario-1-ano-para-se-inspirar\/#primaryimage","inLanguage":"pt-BR","url":"https:\/\/baloessaoroque.com.br\/en\/wp-content\/uploads\/2022\/02\/BLOG_2801_ANIVERSARIO-1-ANO.jpg","contentUrl":"https:\/\/baloessaoroque.com.br\/en\/wp-content\/uploads\/2022\/02\/BLOG_2801_ANIVERSARIO-1-ANO.jpg","width":1140,"height":500,"caption":"Tema festa de 1 ano"},{"@type":"WebPage","@id":"https:\/\/baloessaoroque.com.br\/en\/blog-9-temas-de-aniversario-1-ano-para-se-inspirar\/#webpage","url":"https:\/\/baloessaoroque.com.br\/en\/blog-9-temas-de-aniversario-1-ano-para-se-inspirar\/","name":"9 Temas de anivers\u00e1rio 1 ano para se inspirar - Bal\u00f5es S\u00e3o Roque","isPartOf":{"@id":"https:\/\/baloessaoroque.com.br\/en\/#website"},"primaryImageOfPage":{"@id":"https:\/\/baloessaoroque.com.br\/en\/blog-9-temas-de-aniversario-1-ano-para-se-inspirar\/#primaryimage"},"datePublished":"2022-02-03T17:32:34+00:00","dateModified":"2022-02-25T20:41:52+00:00","author":{"@id":"https:\/\/baloessaoroque.com.br\/en\/#\/schema\/person\/edf0c3d7f7d83c04c03736a851ef3c87"},"description":"Se voc\u00ea busca por inspira\u00e7\u00f5es de temas de anivers\u00e1rio 1 ano, est\u00e1 no lugar certo! Separamos 9 decora\u00e7\u00f5es incr\u00edveis para voc\u00ea se inspirar!","breadcrumb":{"@id":"https:\/\/baloessaoroque.com.br\/en\/blog-9-temas-de-aniversario-1-ano-para-se-inspirar\/#breadcrumb"},"inLanguage":"pt-BR","potentialAction":[{"@type":"ReadAction","target":["https:\/\/baloessaoroque.com.br\/en\/blog-9-temas-de-aniversario-1-ano-para-se-inspirar\/"]}]},{"@type":"BreadcrumbList","@id":"https:\/\/baloessaoroque.com.br\/en\/blog-9-temas-de-aniversario-1-ano-para-se-inspirar\/#breadcrumb","itemListElement":[{"@type":"ListItem","position":1,"name":"In\u00edcio","item":"https:\/\/baloessaoroque.com.br\/en\/"},{"@type":"ListItem","position":2,"name":"9 Temas de anivers\u00e1rio 1 ano para se inspirar"}]},{"@type":"Person","@id":"https:\/\/baloessaoroque.com.br\/en\/#\/schema\/person\/edf0c3d7f7d83c04c03736a851ef3c87","name":"kite","image":{"@type":"ImageObject","@id":"https:\/\/baloessaoroque.com.br\/en\/#personlogo","inLanguage":"pt-BR","url":"https:\/\/secure.gravatar.com\/avatar\/bd19e5c9ad72206ec767e851cc016426?s=96&d=mm&r=g","contentUrl":"https:\/\/secure.gravatar.com\/avatar\/bd19e5c9ad72206ec767e851cc016426?s=96&d=mm&r=g","caption":"kite"},"sameAs":["https:\/\/baloessaoroque.com.br\/en"],"url":"https:\/\/baloessaoroque.com.br\/en\/author\/kite\/"}]}},"_links":{"self":[{"href":"https:\/\/baloessaoroque.com.br\/en\/wp-json\/wp\/v2\/posts\/10647"}],"collection":[{"href":"https:\/\/baloessaoroque.com.br\/en\/wp-json\/wp\/v2\/posts"}],"about":[{"href":"https:\/\/baloessaoroque.com.br\/en\/wp-json\/wp\/v2\/types\/post"}],"author":[{"embeddable":true,"href":"https:\/\/baloessaoroque.com.br\/en\/wp-json\/wp\/v2\/users\/1"}],"replies":[{"embeddable":true,"href":"https:\/\/baloessaoroque.com.br\/en\/wp-json\/wp\/v2\/comments?post=10647"}],"version-history":[{"count":4,"href":"https:\/\/baloessaoroque.com.br\/en\/wp-json\/wp\/v2\/posts\/10647\/revisions"}],"predecessor-version":[{"id":10844,"href":"https:\/\/baloessaoroque.com.br\/en\/wp-json\/wp\/v2\/posts\/10647\/revisions\/10844"}],"wp:featuredmedia":[{"embeddable":true,"href":"https:\/\/baloessaoroque.com.br\/en\/wp-json\/wp\/v2\/media\/10706"}],"wp:attachment":[{"href":"https:\/\/baloessaoroque.com.br\/en\/wp-json\/wp\/v2\/media?parent=10647"}],"wp:term":[{"taxonomy":"category","embeddable":true,"href":"https:\/\/baloessaoroque.com.br\/en\/wp-json\/wp\/v2\/categories?post=10647"},{"taxonomy":"post_tag","embeddable":true,"href":"https:\/\/baloessaoroque.com.br\/en\/wp-json\/wp\/v2\/tags?post=10647"}],"curies":[{"name":"wp","href":"https:\/\/api.w.org\/{rel}","templated":true}]}}