{"id":359,"date":"2020-11-24T23:50:19","date_gmt":"2020-11-25T02:50:19","guid":{"rendered":"https:\/\/baloessaoroque.com.br\/en\/?p=359"},"modified":"2022-02-04T12:47:38","modified_gmt":"2022-02-04T15:47:38","slug":"blog-por-que-e-importante-inflar-um-balao-no-tamanho-correto","status":"publish","type":"post","link":"https:\/\/baloessaoroque.com.br\/en\/blog-por-que-e-importante-inflar-um-balao-no-tamanho-correto\/","title":{"rendered":"Por que \u00e9 importante inflar um Bal\u00e3o no tamanho correto?"},"content":{"rendered":"<div id=\"ez-toc-container\" class=\"ez-toc-v2_0_18 counter-hierarchy counter-decimal\">\n<div class=\"ez-toc-title-container\">\n<p class=\"ez-toc-title\">Sum&aacute;rio<\/p>\n<span class=\"ez-toc-title-toggle\"><a class=\"ez-toc-pull-right ez-toc-btn ez-toc-btn-xs ez-toc-btn-default ez-toc-toggle\" style=\"display: none;\"><i class=\"ez-toc-glyphicon ez-toc-icon-toggle\"><\/i><\/a><\/span><\/div>\n<nav><ul class=\"ez-toc-list ez-toc-list-level-1\"><li class=\"ez-toc-page-1 ez-toc-heading-level-2\"><a class=\"ez-toc-link ez-toc-heading-1\" href=\"https:\/\/baloessaoroque.com.br\/en\/blog-por-que-e-importante-inflar-um-balao-no-tamanho-correto\/#Mas_por_que_e_tao_importante_inflar_balao_no_tamanho_correto\" title=\"Mas, por que \u00e9 t\u00e3o importante inflar bal\u00e3o no tamanho correto?\">Mas, por que \u00e9 t\u00e3o importante inflar bal\u00e3o no tamanho correto?<\/a><ul class=\"ez-toc-list-level-3\"><li class=\"ez-toc-heading-level-3\"><a class=\"ez-toc-link ez-toc-heading-2\" href=\"https:\/\/baloessaoroque.com.br\/en\/blog-por-que-e-importante-inflar-um-balao-no-tamanho-correto\/#O_que_usar_para_medir_os_baloes\" title=\"O que usar para medir os bal\u00f5es?\">O que usar para medir os bal\u00f5es?<\/a><\/li><\/ul><\/li><\/ul><\/nav><\/div>\n\n<p>Voc\u00ea j\u00e1 reparou que os bal\u00f5es (ou bexigas) de festa possuem um n\u00famero, normalmente registrado na pr\u00f3pria embalagem? Voc\u00ea sabe o que s\u00e3o esses n\u00fameros? Eles indicam qual \u00e9 o tamanho ideal que voc\u00ea deve inflar o bal\u00e3o em polegadas. Legal, n\u00e3o \u00e9?! Por exemplo, quando vemos na embalagem o n\u00famero \u201c9\u201d, significa que, ap\u00f3s inflado, este bal\u00e3o ter\u00e1 9 polegadas ou aproximadamente 23cm (cada polegada corresponde a 2,54 cm). Esse tamanho \u00e9 medido na circunfer\u00eancia do bulbo (aquela parte mais \u201cgordinha\u201d do bal\u00e3o).<\/p>\n\n\n\n<p>Podemos encontrar no mercado de bal\u00f5es diversas op\u00e7\u00f5es de tamanhos que permitem explorar ainda mais a criatividade na hora da decora\u00e7\u00e3o. Os \u2018<a href=\"https:\/\/kite.digital\/projetos\/bsrold\/blog-decoracao-com-balao-arco-desconstruido\/\" target=\"_blank\" rel=\"noreferrer noopener\">Arcos Desconstru\u00eddos\u2019<\/a>&nbsp;por exemplo, que s\u00e3o os \u201cqueridinhos do momento\u201d, podem ser compostos por bal\u00f5es de diferentes tamanhos, como os bal\u00f5es de 5 polegadas (aproximadamente 13 cm quando inflados), 7 polegadas (~18 cm), 8 polegadas (~20 cm), 11 polegadas(~28 cm) e os&nbsp;<a href=\"https:\/\/kite.digital\/projetos\/bsrold\/produtos\/formato-gigante\/\" target=\"_blank\" rel=\"noreferrer noopener\">Gigantes<\/a>&nbsp;e&nbsp;<a href=\"https:\/\/kite.digital\/projetos\/bsrold\/produtos\/super-gigante\/\" target=\"_blank\" rel=\"noreferrer noopener\">Supergigantes<\/a>&nbsp;que, respectivamente possuem 25 e 35 polegadas, ou seja, 63,5 cm e quase 90 cm; n\u00e3o s\u00e3o enormes!?<\/p>\n\n\n\n<p>J\u00e1 para o \u2018Topo de bolo\u2019, outra decora\u00e7\u00e3o que virou um \u201cboom\u201d nos anivers\u00e1rios e comemora\u00e7\u00f5es com bal\u00f5es, costuma-se utilizar modelos de 3 polegadas ou de 5 polegadas, que d\u00e3o um toque especial no momento do \u201cParab\u00e9ns\u201d.<\/p>\n\n\n\n<h2><span class=\"ez-toc-section\" id=\"Mas_por_que_e_tao_importante_inflar_balao_no_tamanho_correto\"><\/span>Mas, por que \u00e9 t\u00e3o importante inflar bal\u00e3o no tamanho correto?<span class=\"ez-toc-section-end\"><\/span><\/h2>\n\n\n\n<p>Quando o produto \u00e9 inflado acima ou abaixo da polegada indicada, algumas caracter\u00edsticas se perdem. Como o brilho das cores, solidez das cores, formatos de bal\u00f5es diferentes etc. Com isso, prejudicam o visual do bal\u00e3o e, consequentemente, comprometem a sua decora\u00e7\u00e3o. Vamos explicar com mais calma:<\/p>\n\n\n\n<blockquote class=\"wp-block-quote\"><p>No caso dos bal\u00f5es inflados muito acima da polegada informada, o produto pode perder a tonalidade da cor, ficando levemente transl\u00facido. Al\u00e9m disso, seu formato ficar\u00e1 muito \u201ccomprido\u201d, com excesso de ar, principalmente na regi\u00e3o do bico ou gargalo.<\/p><\/blockquote>\n\n\n\n<figure class=\"wp-block-image size-medium\"><img src=\"https:\/\/baloessaoroque.com.br\/en\/wp-content\/uploads\/2020\/11\/errado-225x300.jpg\" alt=\"\" class=\"wp-image-361\"\/><\/figure>\n\n\n\n<p>Bal\u00e3o 9 Polegadas inflado com 9 Polegadas (incorretamente)<\/p>\n\n\n\n<figure class=\"wp-block-image size-medium\"><img src=\"https:\/\/baloessaoroque.com.br\/en\/wp-content\/uploads\/2020\/11\/certo-225x300.jpg\" alt=\"\" class=\"wp-image-360\"\/><\/figure>\n\n\n\n<p>Bal\u00e3o 9 Polegadas inflado com 10 Polegadas (incorretamente)<\/p>\n\n\n\n<p>Outro problema muito comum dos bal\u00f5es inflados acima da polegada indicada, \u00e9 a alta sensibilidade devido \u00e0 quantidade de ar, aumentando a possibilidade de estourar. \u00c9 importante ressaltar que a principal mat\u00e9ria-prima dos bal\u00f5es de festa \u00e9 o l\u00e1tex natural e existe um limite de resist\u00eancia e flexibilidade.<\/p>\n\n\n\n<p>J\u00e1 quando o bal\u00e3o \u00e9 inflado muito abaixo do tamanho indicado (*), o produto ficar\u00e1 com uma apar\u00eancia escura em fun\u00e7\u00e3o do \u201cexcesso\u201d de l\u00e1tex aparente. Prejudicando, portanto, o visual como um todo: cor e brilho. Costumeiramente, esse excesso de l\u00e1tex aparece no topo do bal\u00e3o, deixando um aspecto de cor \u201cn\u00e3o uniforme\u201d e diferente nessa regi\u00e3o.<\/p>\n\n\n\n<blockquote class=\"wp-block-quote\"><p>(*) Vale a pena destacar que muitos decoradores na hora de inflar bal\u00e3o de l\u00e1tex, inflam com 1 polegada abaixo do tamanho indicado. Isso \u00e9 bastante compreens\u00edvel e usual para esses profissionais, pois \u00e9 o \u201climite menor aceit\u00e1vel\u201d para n\u00e3o prejudicar as cores e brilho do bal\u00e3o. Os maiores riscos s\u00e3o para produtos inflados \u201cmuito acima\u201d ou \u201cmuito abaixo\u201d da polegada citada na embalagem. Principalmente nos casos de \u201cmuito acima\u201d, pelo risco de os bal\u00f5es estourarem no manuseio (e transporte) da decora\u00e7\u00e3o para uma festa.<\/p><\/blockquote>\n\n\n\n<h3><span class=\"ez-toc-section\" id=\"O_que_usar_para_medir_os_baloes\"><\/span>O que usar para medir os bal\u00f5es?<span class=\"ez-toc-section-end\"><\/span><\/h3>\n\n\n\n<p>Para evitar as situa\u00e7\u00f5es mencionadas acima e deixar o bal\u00e3o bem bonito para a decora\u00e7\u00e3o, sugerimos ter sempre em m\u00e3os um Medidor de Bal\u00f5es.<\/p>\n\n\n\n<p>Este medidor pode ser encontrado em diversos materiais, como de papel\u00e3o ou at\u00e9 mesmo em MDF e normalmente \u00e9 vendido em lojas de festas.<\/p>\n\n\n\n<p>Dica: pesquise na internet os diversos tipos e modelos, com pre\u00e7os geralmente bem acess\u00edveis.<\/p>\n\n\n\n<p>O medidor possui um formato de caixa, com c\u00edrculos vazados nas laterais que correspondem \u00e0s polegadas do bal\u00e3o. Usar essa ferramenta \u00e9 extremamente simples! Basta inflar o bal\u00e3o e depois passar a parte do bulbo (a mais gordinha do bal\u00e3o, lembra?) no c\u00edrculo vazado do medidor. Cada c\u00edrculo corresponde \u00e0 polegada do produto. \u00c9 muito importante que o bal\u00e3o fique bem certinho no medidor. Isto \u00e9, sem sobras nas laterais e sem \u201cfor\u00e7ar\u201d a passagem no c\u00edrculo (como se estivesse raspando somente nas bordas do c\u00edrculo).<\/p>\n\n\n\n<p>Confira abaixo um v\u00eddeo mostrando como utilizar o medidor, enviado pela decoradora Fabiana Vale:<\/p>\n\n\n\n<figure class=\"wp-block-embed is-type-video is-provider-youtube wp-block-embed-youtube wp-embed-aspect-16-9 wp-has-aspect-ratio\"><div class=\"wp-block-embed__wrapper\">\n<iframe loading=\"lazy\" title=\"Como calibrar corretamente um bal\u00e3o | Fa\u00e7a voc\u00ea mesmo\" width=\"500\" height=\"281\" src=\"https:\/\/www.youtube.com\/embed\/c85KhlNquKc?feature=oembed\" frameborder=\"0\" allow=\"accelerometer; autoplay; clipboard-write; encrypted-media; gyroscope; picture-in-picture\" allowfullscreen><\/iframe>\n<\/div><\/figure>\n\n\n\n<p><em><em>E agora que voc\u00ea j\u00e1 sabe tudo sobre o tamanho dos bal\u00f5es e a import\u00e2ncia de inflar no tamanho correto, o que voc\u00ea acha de aprender\u00a0<a href=\"https:\/\/www.youtube.com\/watch?v=nAIY5NDDG6E\" target=\"_blank\" rel=\"noreferrer noopener\">\u00a0montar um medidor de bal\u00f5es caseiro?<\/a><\/em><\/em><\/p>\n\n\n\n<figure class=\"wp-block-image size-full\"><a href=\"https:\/\/lp.baloessaoroque.com.br\/ebook-12-dicas-para-decoracoes-de-baloes\" target=\"_blank\" rel=\"noopener\"><img loading=\"lazy\" width=\"860\" height=\"135\" src=\"https:\/\/baloessaoroque.com.br\/en\/wp-content\/uploads\/2020\/11\/ebook.png\" alt=\"\" class=\"wp-image-10624\" srcset=\"https:\/\/baloessaoroque.com.br\/en\/wp-content\/uploads\/2020\/11\/ebook.png 860w, https:\/\/baloessaoroque.com.br\/en\/wp-content\/uploads\/2020\/11\/ebook-300x47.png 300w, https:\/\/baloessaoroque.com.br\/en\/wp-content\/uploads\/2020\/11\/ebook-768x121.png 768w, https:\/\/baloessaoroque.com.br\/en\/wp-content\/uploads\/2020\/11\/ebook-400x63.png 400w, https:\/\/baloessaoroque.com.br\/en\/wp-content\/uploads\/2020\/11\/ebook-620x97.png 620w, https:\/\/baloessaoroque.com.br\/en\/wp-content\/uploads\/2020\/11\/ebook-600x94.png 600w\" sizes=\"(max-width: 860px) 100vw, 860px\" \/><\/a><\/figure>\n","protected":false},"excerpt":{"rendered":"<p>Sum&aacute;rio Mas, por que \u00e9 t\u00e3o importante inflar bal\u00e3o no tamanho correto?O que usar para medir os bal\u00f5es? Voc\u00ea j\u00e1 [&hellip;]<\/p>\n","protected":false},"author":2,"featured_media":4607,"comment_status":"open","ping_status":"open","sticky":false,"template":"","format":"standard","meta":[],"categories":[746],"tags":[],"yoast_head":"<!-- This site is optimized with the Yoast SEO plugin v18.4.1 - https:\/\/yoast.com\/wordpress\/plugins\/seo\/ -->\n<title>Por que \u00e9 importante inflar um Bal\u00e3o no tamanho correto?<\/title>\n<meta name=\"robots\" content=\"index, follow, max-snippet:-1, max-image-preview:large, max-video-preview:-1\" \/>\n<link rel=\"canonical\" href=\"https:\/\/baloessaoroque.com.br\/en\/blog-por-que-e-importante-inflar-um-balao-no-tamanho-correto\/\" \/>\n<meta property=\"og:locale\" content=\"pt_BR\" \/>\n<meta property=\"og:type\" content=\"article\" \/>\n<meta property=\"og:title\" content=\"Por que \u00e9 importante inflar um Bal\u00e3o no tamanho correto?\" \/>\n<meta property=\"og:description\" content=\"Sum&aacute;rio Mas, por que \u00e9 t\u00e3o importante inflar bal\u00e3o no tamanho correto?O que usar para medir os bal\u00f5es? Voc\u00ea j\u00e1 [&hellip;]\" \/>\n<meta property=\"og:url\" content=\"https:\/\/baloessaoroque.com.br\/en\/blog-por-que-e-importante-inflar-um-balao-no-tamanho-correto\/\" \/>\n<meta property=\"og:site_name\" content=\"Bal\u00f5es S\u00e3o Roque\" \/>\n<meta property=\"article:published_time\" content=\"2020-11-25T02:50:19+00:00\" \/>\n<meta property=\"article:modified_time\" content=\"2022-02-04T15:47:38+00:00\" \/>\n<meta property=\"og:image\" content=\"https:\/\/baloessaoroque.com.br\/en\/wp-content\/uploads\/2020\/11\/capa_balao.jpg\" \/>\n\t<meta property=\"og:image:width\" content=\"1140\" \/>\n\t<meta property=\"og:image:height\" content=\"500\" \/>\n\t<meta property=\"og:image:type\" content=\"image\/jpeg\" \/>\n<meta name=\"twitter:card\" content=\"summary_large_image\" \/>\n<meta name=\"twitter:label1\" content=\"Escrito por\" \/>\n\t<meta name=\"twitter:data1\" content=\"Bal\u00f5es\" \/>\n\t<meta name=\"twitter:label2\" content=\"Est. tempo de leitura\" \/>\n\t<meta name=\"twitter:data2\" content=\"5 minutos\" \/>\n<script type=\"application\/ld+json\" class=\"yoast-schema-graph\">{\"@context\":\"https:\/\/schema.org\",\"@graph\":[{\"@type\":\"WebSite\",\"@id\":\"https:\/\/baloessaoroque.com.br\/en\/#website\",\"url\":\"https:\/\/baloessaoroque.com.br\/en\/\",\"name\":\"Bal\u00f5es S\u00e3o Roque\",\"description\":\"Sua vida cheia de festa!\",\"potentialAction\":[{\"@type\":\"SearchAction\",\"target\":{\"@type\":\"EntryPoint\",\"urlTemplate\":\"https:\/\/baloessaoroque.com.br\/en\/?s={search_term_string}\"},\"query-input\":\"required name=search_term_string\"}],\"inLanguage\":\"pt-BR\"},{\"@type\":\"ImageObject\",\"@id\":\"https:\/\/baloessaoroque.com.br\/en\/blog-por-que-e-importante-inflar-um-balao-no-tamanho-correto\/#primaryimage\",\"inLanguage\":\"pt-BR\",\"url\":\"https:\/\/baloessaoroque.com.br\/en\/wp-content\/uploads\/2020\/11\/capa_balao.jpg\",\"contentUrl\":\"https:\/\/baloessaoroque.com.br\/en\/wp-content\/uploads\/2020\/11\/capa_balao.jpg\",\"width\":1140,\"height\":500},{\"@type\":\"WebPage\",\"@id\":\"https:\/\/baloessaoroque.com.br\/en\/blog-por-que-e-importante-inflar-um-balao-no-tamanho-correto\/#webpage\",\"url\":\"https:\/\/baloessaoroque.com.br\/en\/blog-por-que-e-importante-inflar-um-balao-no-tamanho-correto\/\",\"name\":\"Por que \u00e9 importante inflar um Bal\u00e3o no tamanho correto?\",\"isPartOf\":{\"@id\":\"https:\/\/baloessaoroque.com.br\/en\/#website\"},\"primaryImageOfPage\":{\"@id\":\"https:\/\/baloessaoroque.com.br\/en\/blog-por-que-e-importante-inflar-um-balao-no-tamanho-correto\/#primaryimage\"},\"datePublished\":\"2020-11-25T02:50:19+00:00\",\"dateModified\":\"2022-02-04T15:47:38+00:00\",\"author\":{\"@id\":\"https:\/\/baloessaoroque.com.br\/en\/#\/schema\/person\/7ff5a7f4f517018c4b9dadee4fd7cb0c\"},\"breadcrumb\":{\"@id\":\"https:\/\/baloessaoroque.com.br\/en\/blog-por-que-e-importante-inflar-um-balao-no-tamanho-correto\/#breadcrumb\"},\"inLanguage\":\"pt-BR\",\"potentialAction\":[{\"@type\":\"ReadAction\",\"target\":[\"https:\/\/baloessaoroque.com.br\/en\/blog-por-que-e-importante-inflar-um-balao-no-tamanho-correto\/\"]}]},{\"@type\":\"BreadcrumbList\",\"@id\":\"https:\/\/baloessaoroque.com.br\/en\/blog-por-que-e-importante-inflar-um-balao-no-tamanho-correto\/#breadcrumb\",\"itemListElement\":[{\"@type\":\"ListItem\",\"position\":1,\"name\":\"In\u00edcio\",\"item\":\"https:\/\/baloessaoroque.com.br\/en\/\"},{\"@type\":\"ListItem\",\"position\":2,\"name\":\"Por que \u00e9 importante inflar um Bal\u00e3o no tamanho correto?\"}]},{\"@type\":\"Person\",\"@id\":\"https:\/\/baloessaoroque.com.br\/en\/#\/schema\/person\/7ff5a7f4f517018c4b9dadee4fd7cb0c\",\"name\":\"Bal\u00f5es\",\"image\":{\"@type\":\"ImageObject\",\"@id\":\"https:\/\/baloessaoroque.com.br\/en\/#personlogo\",\"inLanguage\":\"pt-BR\",\"url\":\"https:\/\/secure.gravatar.com\/avatar\/a66f55f500065686f90d83cab8aa6ee9?s=96&d=mm&r=g\",\"contentUrl\":\"https:\/\/secure.gravatar.com\/avatar\/a66f55f500065686f90d83cab8aa6ee9?s=96&d=mm&r=g\",\"caption\":\"Bal\u00f5es\"},\"url\":\"https:\/\/baloessaoroque.com.br\/en\/author\/dev\/\"}]}<\/script>\n<!-- \/ Yoast SEO plugin. -->","yoast_head_json":{"title":"Por que \u00e9 importante inflar um Bal\u00e3o no tamanho correto?","robots":{"index":"index","follow":"follow","max-snippet":"max-snippet:-1","max-image-preview":"max-image-preview:large","max-video-preview":"max-video-preview:-1"},"canonical":"https:\/\/baloessaoroque.com.br\/en\/blog-por-que-e-importante-inflar-um-balao-no-tamanho-correto\/","og_locale":"pt_BR","og_type":"article","og_title":"Por que \u00e9 importante inflar um Bal\u00e3o no tamanho correto?","og_description":"Sum&aacute;rio Mas, por que \u00e9 t\u00e3o importante inflar bal\u00e3o no tamanho correto?O que usar para medir os bal\u00f5es? Voc\u00ea j\u00e1 [&hellip;]","og_url":"https:\/\/baloessaoroque.com.br\/en\/blog-por-que-e-importante-inflar-um-balao-no-tamanho-correto\/","og_site_name":"Bal\u00f5es S\u00e3o Roque","article_published_time":"2020-11-25T02:50:19+00:00","article_modified_time":"2022-02-04T15:47:38+00:00","og_image":[{"width":1140,"height":500,"url":"https:\/\/baloessaoroque.com.br\/en\/wp-content\/uploads\/2020\/11\/capa_balao.jpg","type":"image\/jpeg"}],"twitter_card":"summary_large_image","twitter_misc":{"Escrito por":"Bal\u00f5es","Est. tempo de leitura":"5 minutos"},"schema":{"@context":"https:\/\/schema.org","@graph":[{"@type":"WebSite","@id":"https:\/\/baloessaoroque.com.br\/en\/#website","url":"https:\/\/baloessaoroque.com.br\/en\/","name":"Bal\u00f5es S\u00e3o Roque","description":"Sua vida cheia de festa!","potentialAction":[{"@type":"SearchAction","target":{"@type":"EntryPoint","urlTemplate":"https:\/\/baloessaoroque.com.br\/en\/?s={search_term_string}"},"query-input":"required name=search_term_string"}],"inLanguage":"pt-BR"},{"@type":"ImageObject","@id":"https:\/\/baloessaoroque.com.br\/en\/blog-por-que-e-importante-inflar-um-balao-no-tamanho-correto\/#primaryimage","inLanguage":"pt-BR","url":"https:\/\/baloessaoroque.com.br\/en\/wp-content\/uploads\/2020\/11\/capa_balao.jpg","contentUrl":"https:\/\/baloessaoroque.com.br\/en\/wp-content\/uploads\/2020\/11\/capa_balao.jpg","width":1140,"height":500},{"@type":"WebPage","@id":"https:\/\/baloessaoroque.com.br\/en\/blog-por-que-e-importante-inflar-um-balao-no-tamanho-correto\/#webpage","url":"https:\/\/baloessaoroque.com.br\/en\/blog-por-que-e-importante-inflar-um-balao-no-tamanho-correto\/","name":"Por que \u00e9 importante inflar um Bal\u00e3o no tamanho correto?","isPartOf":{"@id":"https:\/\/baloessaoroque.com.br\/en\/#website"},"primaryImageOfPage":{"@id":"https:\/\/baloessaoroque.com.br\/en\/blog-por-que-e-importante-inflar-um-balao-no-tamanho-correto\/#primaryimage"},"datePublished":"2020-11-25T02:50:19+00:00","dateModified":"2022-02-04T15:47:38+00:00","author":{"@id":"https:\/\/baloessaoroque.com.br\/en\/#\/schema\/person\/7ff5a7f4f517018c4b9dadee4fd7cb0c"},"breadcrumb":{"@id":"https:\/\/baloessaoroque.com.br\/en\/blog-por-que-e-importante-inflar-um-balao-no-tamanho-correto\/#breadcrumb"},"inLanguage":"pt-BR","potentialAction":[{"@type":"ReadAction","target":["https:\/\/baloessaoroque.com.br\/en\/blog-por-que-e-importante-inflar-um-balao-no-tamanho-correto\/"]}]},{"@type":"BreadcrumbList","@id":"https:\/\/baloessaoroque.com.br\/en\/blog-por-que-e-importante-inflar-um-balao-no-tamanho-correto\/#breadcrumb","itemListElement":[{"@type":"ListItem","position":1,"name":"In\u00edcio","item":"https:\/\/baloessaoroque.com.br\/en\/"},{"@type":"ListItem","position":2,"name":"Por que \u00e9 importante inflar um Bal\u00e3o no tamanho correto?"}]},{"@type":"Person","@id":"https:\/\/baloessaoroque.com.br\/en\/#\/schema\/person\/7ff5a7f4f517018c4b9dadee4fd7cb0c","name":"Bal\u00f5es","image":{"@type":"ImageObject","@id":"https:\/\/baloessaoroque.com.br\/en\/#personlogo","inLanguage":"pt-BR","url":"https:\/\/secure.gravatar.com\/avatar\/a66f55f500065686f90d83cab8aa6ee9?s=96&d=mm&r=g","contentUrl":"https:\/\/secure.gravatar.com\/avatar\/a66f55f500065686f90d83cab8aa6ee9?s=96&d=mm&r=g","caption":"Bal\u00f5es"},"url":"https:\/\/baloessaoroque.com.br\/en\/author\/dev\/"}]}},"_links":{"self":[{"href":"https:\/\/baloessaoroque.com.br\/en\/wp-json\/wp\/v2\/posts\/359"}],"collection":[{"href":"https:\/\/baloessaoroque.com.br\/en\/wp-json\/wp\/v2\/posts"}],"about":[{"href":"https:\/\/baloessaoroque.com.br\/en\/wp-json\/wp\/v2\/types\/post"}],"author":[{"embeddable":true,"href":"https:\/\/baloessaoroque.com.br\/en\/wp-json\/wp\/v2\/users\/2"}],"replies":[{"embeddable":true,"href":"https:\/\/baloessaoroque.com.br\/en\/wp-json\/wp\/v2\/comments?post=359"}],"version-history":[{"count":3,"href":"https:\/\/baloessaoroque.com.br\/en\/wp-json\/wp\/v2\/posts\/359\/revisions"}],"predecessor-version":[{"id":10626,"href":"https:\/\/baloessaoroque.com.br\/en\/wp-json\/wp\/v2\/posts\/359\/revisions\/10626"}],"wp:featuredmedia":[{"embeddable":true,"href":"https:\/\/baloessaoroque.com.br\/en\/wp-json\/wp\/v2\/media\/4607"}],"wp:attachment":[{"href":"https:\/\/baloessaoroque.com.br\/en\/wp-json\/wp\/v2\/media?parent=359"}],"wp:term":[{"taxonomy":"category","embeddable":true,"href":"https:\/\/baloessaoroque.com.br\/en\/wp-json\/wp\/v2\/categories?post=359"},{"taxonomy":"post_tag","embeddable":true,"href":"https:\/\/baloessaoroque.com.br\/en\/wp-json\/wp\/v2\/tags?post=359"}],"curies":[{"name":"wp","href":"https:\/\/api.w.org\/{rel}","templated":true}]}}