{"id":4208,"date":"2021-01-25T11:35:48","date_gmt":"2021-01-25T14:35:48","guid":{"rendered":"https:\/\/baloessaoroque.com.br\/en\/?p=4208"},"modified":"2022-02-04T12:53:52","modified_gmt":"2022-02-04T15:53:52","slug":"blog-conheca-as-tendencias-em-decoracao-de-festas-para-2021","status":"publish","type":"post","link":"https:\/\/baloessaoroque.com.br\/en\/blog-conheca-as-tendencias-em-decoracao-de-festas-para-2021\/","title":{"rendered":"Conhe\u00e7a as tend\u00eancias em decora\u00e7\u00e3o de festas para 2021"},"content":{"rendered":"<div id=\"ez-toc-container\" class=\"ez-toc-v2_0_18 counter-hierarchy counter-decimal\">\n<div class=\"ez-toc-title-container\">\n<p class=\"ez-toc-title\">Sum&aacute;rio<\/p>\n<span class=\"ez-toc-title-toggle\"><a class=\"ez-toc-pull-right ez-toc-btn ez-toc-btn-xs ez-toc-btn-default ez-toc-toggle\" style=\"display: none;\"><i class=\"ez-toc-glyphicon ez-toc-icon-toggle\"><\/i><\/a><\/span><\/div>\n<nav><ul class=\"ez-toc-list ez-toc-list-level-1\"><li class=\"ez-toc-page-1 ez-toc-heading-level-2\"><a class=\"ez-toc-link ez-toc-heading-1\" href=\"https:\/\/baloessaoroque.com.br\/en\/blog-conheca-as-tendencias-em-decoracao-de-festas-para-2021\/#Decoracao_de_casamento_com_baloes\" title=\"Decora\u00e7\u00e3o de casamento com bal\u00f5es&nbsp;\">Decora\u00e7\u00e3o de casamento com bal\u00f5es&nbsp;<\/a><\/li><li class=\"ez-toc-page-1 ez-toc-heading-level-2\"><a class=\"ez-toc-link ez-toc-heading-2\" href=\"https:\/\/baloessaoroque.com.br\/en\/blog-conheca-as-tendencias-em-decoracao-de-festas-para-2021\/#Utilize_as_cores_do_ano_em_sua_decoracao\" title=\"Utilize as cores do ano em sua decora\u00e7\u00e3o&nbsp;\">Utilize as cores do ano em sua decora\u00e7\u00e3o&nbsp;<\/a><\/li><li class=\"ez-toc-page-1 ez-toc-heading-level-2\"><a class=\"ez-toc-link ez-toc-heading-3\" href=\"https:\/\/baloessaoroque.com.br\/en\/blog-conheca-as-tendencias-em-decoracao-de-festas-para-2021\/#Cores_aposte_em_tons_pasteis\" title=\"Cores: aposte em tons pasteis&nbsp;\">Cores: aposte em tons pasteis&nbsp;<\/a><\/li><li class=\"ez-toc-page-1 ez-toc-heading-level-2\"><a class=\"ez-toc-link ez-toc-heading-4\" href=\"https:\/\/baloessaoroque.com.br\/en\/blog-conheca-as-tendencias-em-decoracao-de-festas-para-2021\/#Tons_terrosos\" title=\"Tons terrosos:&nbsp;\">Tons terrosos:&nbsp;<\/a><\/li><li class=\"ez-toc-page-1 ez-toc-heading-level-2\"><a class=\"ez-toc-link ez-toc-heading-5\" href=\"https:\/\/baloessaoroque.com.br\/en\/blog-conheca-as-tendencias-em-decoracao-de-festas-para-2021\/#Tie_Dye\" title=\"Tie Dye:&nbsp;\">Tie Dye:&nbsp;<\/a><\/li><li class=\"ez-toc-page-1 ez-toc-heading-level-2\"><a class=\"ez-toc-link ez-toc-heading-6\" href=\"https:\/\/baloessaoroque.com.br\/en\/blog-conheca-as-tendencias-em-decoracao-de-festas-para-2021\/#Tons_neutros\" title=\"Tons neutros\">Tons neutros<\/a><\/li><\/ul><\/nav><\/div>\n\n<p>Pensando sempre em sair na frente e oferecer o que h\u00e1 de mais promissor no mercado de decora\u00e7\u00e3o de festas, a Bal\u00f5es S\u00e3o Roque est\u00e1 sempre de olho no que promete ser tend\u00eancia, durante todo o ano.<\/p>\n\n\n\n<p>E como n\u00e3o poderia deixar de ser, n\u00f3s j\u00e1 colhemos diversas informa\u00e7\u00f5es para te deixar a par do que deve fazer sucesso quando se trata de decora\u00e7\u00e3o de festas para 2021. E j\u00e1 podemos te adiantar que envolve muita cor e estilo!&nbsp;<\/p>\n\n\n\n<p>Ent\u00e3o preparamos um conte\u00fado completo para voc\u00ea que deseja ficar por dentro de tudo do universo da decora\u00e7\u00e3o de festas e eventos para este ano. Prepare o caderno de anota\u00e7\u00f5es, pois as dicas que daremos poder\u00e3o te ajudar a ter ideias incr\u00edveis para suas cria\u00e7\u00f5es.&nbsp;<\/p>\n\n\n\n<h2><span class=\"ez-toc-section\" id=\"Decoracao_de_casamento_com_baloes\"><\/span>Decora\u00e7\u00e3o de casamento com bal\u00f5es&nbsp;<span class=\"ez-toc-section-end\"><\/span><\/h2>\n\n\n\n<p>Para reaquecer o mercado, uma grande tend\u00eancia em festas para 2021 ser\u00e1 a decora\u00e7\u00e3o de casamento com bal\u00f5es. Esta decora\u00e7\u00e3o j\u00e1 \u00e9 muito utilizada em outros pa\u00edses e est\u00e1 ganhando cada vez mais espa\u00e7o aqui no Brasil.<\/p>\n\n\n\n<p>Muito do seu sucesso mundial se deve ao quanto esse tipo de decora\u00e7\u00e3o tem evolu\u00eddo, deixando de lado o antigo estigma de decora\u00e7\u00e3o infantil. Sofisticados e modernos, os bal\u00f5es atraem aten\u00e7\u00e3o por conta da versatilidade que oferecem, contribuindo com a constru\u00e7\u00e3o de cen\u00e1rios mais intimistas at\u00e9 grandes produ\u00e7\u00f5es.<\/p>\n\n\n\n<p>Bastante utilizados ao redor do planeta, os bal\u00f5es s\u00e3o uma forte tend\u00eancia que o Brasil est\u00e1 agregando aos seus costumes, especialmente em decora\u00e7\u00f5es para festas adultas, como casamentos e pr\u00e9-weddings.<\/p>\n\n\n\n<p>Nesse sentido, os <strong>arcos desconstru\u00eddos<\/strong> s\u00e3o \u00f3timas op\u00e7\u00f5es, j\u00e1 que outra grande tend\u00eancia para 2021 s\u00e3o as festas ao ar livre. Eles podem ser utilizados para compor o altar, \u00e1rea de convidados, recep\u00e7\u00e3o ou a mesa de bolo. Assim, voc\u00ea pode produzir festas criativas, aliando o uso de bal\u00f5es ao de flores &#8211; outra tend\u00eancia bastante em alta.&nbsp;<\/p>\n\n\n\n<p><a href=\"https:\/\/agenciadenoticias.ibge.gov.br\/agencia-sala-de-imprensa\/2013-agencia-de-noticias\/releases\/29646-registro-civil-2019-numero-de-registros-de-casamentos-diminui-2-7-em-relacao-a-2018#:~:text=N%C3%BAmero%20de%20casamentos%20cai%202,entre%20pessoas%20do%20mesmo%20sexo.\" target=\"_blank\" rel=\"noreferrer noopener\">Segundo o IBGE<\/a>, por ano \u00e9 realizado cerca de 1,1 milh\u00e3o de casamentos em nosso pa\u00eds. Um mercado lucrativo, no qual voc\u00ea pode apostar com o uso de decora\u00e7\u00f5es com arcos desconstru\u00eddos e arranjos de bal\u00f5es.\u00a0<\/p>\n\n\n\n<figure class=\"wp-block-image\"><img src=\"https:\/\/lh6.googleusercontent.com\/fxBsBGwfJUYeiZsu0miQqqmgYDL7NCF-PsSa_H4OEqm6qESBwv96o4ccJ362dXPMg7wpXAJluJtwauEqe63sZPKGmkQ7A3HfjjaFBN4guTnBfodc-CL9iMwdTRoYGE2I1MlJlD0z\" alt=\"Rec\u00e9m-casados est\u00e3o em frente a um arco de bal\u00f5es \"\/><\/figure>\n\n\n\n<p>Cr\u00e9ditos: <a href=\"https:\/\/br.pinterest.com\/pin\/351140102199113333\/\" target=\"_blank\" rel=\"noreferrer noopener\">https:\/\/br.pinterest.com\/pin\/351140102199113333\/<\/a><\/p>\n\n\n\n<p>Outra grande aposta para o ano que vem s\u00e3o os Arcos desconstru\u00eddos, que ajudam a compor um cen\u00e1rio incr\u00edvel para a produ\u00e7\u00e3o do pre-weeding do casal. Invista tamb\u00e9m em arranjos com bal\u00f5es e toda sua versatilidade, e consiga ao final um resultado que vai garantir que suas fotografias se transformem em algo m\u00e1gico.&nbsp;<\/p>\n\n\n\n<figure class=\"wp-block-image\"><img src=\"https:\/\/lh3.googleusercontent.com\/eKcoUDPoQG06ZF32dC9-dWSKgsLImre8-1VMNoK8o6ZJE564mtxxy1UXB2VTTDAhg3rzwum9EyAS49fQ5hXZkoNqVPgoh_ECwVmsLxAebT1vUDY8DCZdR2UTqps6oWjkrmSeytfC\" alt=\"uma mulher est\u00e1 em p\u00e9 segurando diversos bal\u00f5es enquanto um homem a olha sentado no ch\u00e3o\"\/><\/figure>\n\n\n\n<p>cr\u00e9ditos: <a href=\"https:\/\/br.pinterest.com\/pin\/367043438377764902\/\" target=\"_blank\" rel=\"noreferrer noopener\">https:\/\/br.pinterest.com\/pin\/367043438377764902\/<\/a><\/p>\n\n\n\n<h2><span class=\"ez-toc-section\" id=\"Utilize_as_cores_do_ano_em_sua_decoracao\"><\/span>Utilize as cores do ano em sua decora\u00e7\u00e3o&nbsp;<span class=\"ez-toc-section-end\"><\/span><\/h2>\n\n\n\n<p>Todos os anos, a Pantone, uma empresa que oferece um sistema de padr\u00e3o de cores de modo geral, anuncia a cor que ser\u00e1 tend\u00eancia do ano. Algo que ajuda a inspirar artistas e designers de todas as \u00e1reas, seja em moda, decora\u00e7\u00e3o e at\u00e9 mesmo o nosso querido ramo de festas. <a href=\"https:\/\/casacor.abril.com.br\/noticias\/duas-cores-pantone-2021\/\" target=\"_blank\" rel=\"noreferrer noopener\">Para o ano de 2021, a marca selecionou 2 cores<\/a>: amarelo e cinza, precisamente, do \u201cIlluminating\u201d, um tom de amarelo vibrante, e como o nome sugere, ser\u00e1 um amarelo iluminado. O cinza \u201cUltimate Gray\u201d vem com o conceito de balancear o conceito de otimismo e for\u00e7a.<br><br>A <a href=\"https:\/\/baloessaoroque.com.br\/en\/public\/baloes\" target=\"_blank\" rel=\"noreferrer noopener\">Bal\u00f5es S\u00e3o Roque conta com modelos<\/a> nas cores amarelo citrino e cinza, que s\u00e3o bastante semelhantes \u00e0s colora\u00e7\u00f5es apontadas como tend\u00eancia. Assim, voc\u00ea consegue equilibrar em sua festa todo o frescor e otimismo das cores, \u00e0 qualidade que s\u00f3 a BSR consegue oferecer em seus produtos.<\/p>\n\n\n\n<p><br><br><img loading=\"lazy\" width=\"300\" height=\"300\" src=\"https:\/\/lh5.googleusercontent.com\/hI4joyEPzyHZSLJRFTayxeSmS1dRUHTuBu2z7LlDFOslbkKp3uE3nM-Or5wmvg1GLAopc8PTM6odahpqqZhF5q5OboqJVK39rLU5-2PCiIWqJvkbS4jXbcgMhZ_LlVthPsCj-yhZ\"><br>Cr\u00e9ditos: <a href=\"https:\/\/www.pantone.com.br\/cor-do-ano-2021\/\" target=\"_blank\" rel=\"noreferrer noopener\">https:\/\/www.pantone.com.br\/cor-do-ano-2021\/<br><\/a><\/p>\n\n\n\n<h2><span class=\"ez-toc-section\" id=\"Cores_aposte_em_tons_pasteis\"><\/span>Cores: aposte em tons pasteis&nbsp;<span class=\"ez-toc-section-end\"><\/span><\/h2>\n\n\n\n<p>Os tons pasteis continuar\u00e3o em alta no pr\u00f3ximo ano e a combina\u00e7\u00e3o de paletas poder\u00e1 ser uma grande aposta em decora\u00e7\u00e3o de festas.&nbsp;<\/p>\n\n\n\n<p>Para ajudar voc\u00ea a preparar as melhores decora\u00e7\u00f5es, temos em nosso cat\u00e1logo a linha de bal\u00f5es <a href=\"https:\/\/baloessaoroque.com.br\/en\/categoria-produto\/candy-color\/\" target=\"_blank\" rel=\"noreferrer noopener\">Candy Color<\/a>, que j\u00e1 caiu no gosto do p\u00fablico. Composta de tonalidades suaves e toques delicados, al\u00e9m de serem ideais para trabalhos com bal\u00f5es duplos, est\u00e1 sendo muito requisitada para compor temas diversos, como safari, por exemplo.<\/p>\n\n\n\n<p>Voc\u00ea poder\u00e1 se inspirar em temas tropicais intercalando com flores rom\u00e2nticas.<\/p>\n\n\n\n<figure class=\"wp-block-image\"><img src=\"https:\/\/lh5.googleusercontent.com\/8fgyrcdRn8YVu_DwCgaBPRofQhfQiucaw5PfnMs5y6EMY48TtdwaWOHDPkNvRF7Pwibmuue_yYQ5vs31MBukXhmRqc-0lAJ5FUsaaaRmrlnB8azN3j7MCBa4rTNuyF8O4jxziZBl\" alt=\"Bal\u00f5es de diversas cores est\u00e3o armados na parede. Em uma pequena mesa h\u00e1 um bolo de tr\u00eas andares, o bolo \u00e9 colorido e em seu topo h\u00e1 uma vela em formato de uma menina e outra em um formato de n\u00famero 8\"\/><\/figure>\n\n\n\n<figure class=\"wp-block-image\"><img src=\"https:\/\/lh4.googleusercontent.com\/X_-dq6GY2frPvyk8x3P4qycdVZweApF8swI_fWNI8EGWOISszg4lu6AL0uBy-GPAC1kdqqjugzEQSTJIbTyYv_1yg4QE-dvUrtzcoXLwZVxYE_-ZxVwqQtLQiehG_VdC9KlA7-IG\" alt=\"Arco repleto de bal\u00f5es coloridos. Na frente h\u00e1 mesas em formato de troncos de madeira sustentando uma decora\u00e7\u00e3o de mesa que cont\u00e9m doces, flores e alguns ursos de pel\u00facia.\"\/><\/figure>\n\n\n\n<p>cr\u00e9ditos: <a href=\"https:\/\/www.instagram.com\/p\/CIRmRq8JPaG\/\" target=\"_blank\" rel=\"noreferrer noopener\">https:\/\/www.instagram.com\/p\/CIRmRq8JPaG\/<br><\/a><\/p>\n\n\n\n<h2><span class=\"ez-toc-section\" id=\"Tons_terrosos\"><\/span>Tons terrosos:&nbsp;<span class=\"ez-toc-section-end\"><\/span><\/h2>\n\n\n\n<p>Os grandes nomes do universo da moda j\u00e1 deram um spoiler da tend\u00eancia que dominar\u00e1 principalmente a primavera\/ver\u00e3o de 2021.&nbsp;<\/p>\n\n\n\n<p>Os tons terrosos podem compor a decora\u00e7\u00e3o de festas, dando um ar de naturalidade e suavidade ao ambiente, bem como uma sensa\u00e7\u00e3o de calmaria e tranquilidade.<\/p>\n\n\n\n<p>Perfeita para espa\u00e7os ao ar livre, esta paleta de cores tem tudo para arrasar em 2021. Abaixo, separamos algumas dicas de tons que voc\u00ea encontra na Bal\u00f5es S\u00e3o Roque, e com as quais pode criar combina\u00e7\u00f5es incr\u00edveis:<\/p>\n\n\n\n<ul><li>Caf\u00e9 Brasil;<\/li><li>Laranja Mandarim;<\/li><li>Mocha;<\/li><li>Amarelo Sol;&nbsp;<\/li><li>Verde Militar;<\/li><li>Verde Musgo.<\/li><\/ul>\n\n\n\n<figure class=\"wp-block-image\"><img src=\"https:\/\/lh4.googleusercontent.com\/d1sPmEH9gNn_7DgL02h1HObDFjcCIXd5Y6htDUtx44UvrYiZlYPhybTSCSegkzwa9y29UVSJauBM4IyILnvl57xntoSPHoTyy4m5oqi0l9VXiQe8KWNnAr39NdLiREnf0WAeBUxH\" alt=\"Um arco de bal\u00f5es com cores: marrom, verde musgo e bege, formando um arco tem\u00e1tico de saf\u00e1ri. H\u00e1 tamb\u00e9m a presen\u00e7a de animais de pel\u00facia como elefante e girafa.\"\/><\/figure>\n\n\n\n<p>cr\u00e9ditos: <a href=\"https:\/\/br.pinterest.com\/pin\/546131892319498493\/\" target=\"_blank\" rel=\"noreferrer noopener\">https:\/\/br.pinterest.com\/pin\/546131892319498493\/<\/a>&nbsp;<\/p>\n\n\n\n<figure class=\"wp-block-image\"><img src=\"https:\/\/lh6.googleusercontent.com\/vnTGFDnmMFdXcSGBbHttaXCkJa5gVQx1ycCPS0fYUhFeELHPFWTRcb4vPzNfrrIiptJ93-JFHVc-TMGC6N1kxfE307jOf-ButgZPm_6i7tmSXTmbl69qiSy6qzkMU8zCZLuGlNLc\" alt=\"Arco de bal\u00f5es de diversos tamanhos e cores, comp\u00f5e uma decora\u00e7\u00e3o com o tema de saf\u00e1ri. H\u00e1 animais como girafa e le\u00e3o.\"\/><\/figure>\n\n\n\n<p>cr\u00e9ditos: <a href=\"https:\/\/br.pinterest.com\/pin\/353673376994486578\/\" target=\"_blank\" rel=\"noreferrer noopener\">https:\/\/br.pinterest.com\/pin\/353673376994486578\/<\/a>&nbsp;<\/p>\n\n\n\n<h2><span class=\"ez-toc-section\" id=\"Tie_Dye\"><\/span>Tie Dye:&nbsp;<span class=\"ez-toc-section-end\"><\/span><\/h2>\n\n\n\n<p>Se a dica anterior foi sobre cores naturais e calmas, esta dica ser\u00e1 bem diferente.&nbsp;<\/p>\n\n\n\n<p>A febre do Tie Dye continua viv\u00edssima em 2021! Uma moda dos anos 60-70 que voltou com tudo para deixar suas festas ainda mais coloridas.&nbsp;<\/p>\n\n\n\n<p>Nascida no movimento hippie, e com forte liga\u00e7\u00e3o a contracultura, o <a href=\"https:\/\/elle.com.br\/moda\/tie-dye-a-historia-da-estampa-que-voltou-com-tudo-e-que-pode-fazer-em-casa\/tie-dye-como-fazer-em-casa\" target=\"_blank\" rel=\"noreferrer noopener\">Tie Dye<\/a> \u00e9 uma estampa artesanal cujo nome quer dizer, literalmente \u201camarre e tinja\u201d. Popularizada nas imagens de artistas americanos como Janis Joplin e Joe Cocker, voltou com for\u00e7a ap\u00f3s o per\u00edodo de quarentena, e promete fazer muito sucesso em festas por todo o mundo.<\/p>\n\n\n\n<p>A mistura de cores est\u00e1 liberada, voc\u00ea poder\u00e1 brincar com arcos desconstru\u00eddos e decora\u00e7\u00e3o de mesa. E vale dizer ainda que mesmo que tenha nascido voltada para o uso de cores fortes, se adaptou tamb\u00e9m ao uso de tons past\u00e9is nas decora\u00e7\u00f5es, muito queridos pelo p\u00fablico.<\/p>\n\n\n\n<figure class=\"wp-block-image\"><img src=\"https:\/\/lh4.googleusercontent.com\/EH29-irV4GLnm6a1kch5ffwCSDREdnsfBG_hE1FWVhRFBE5wUue-8pdgNoTIln_ZIMMeGWSQBAnPdsIQqzCUfNVS3cAuJUasto91SInqONMUSALaTwv89gZt1CIOfpgvNm0fF0Pj\" alt=\"Bal\u00f5es de diversas cores est\u00e3o presentes na parede, na frente h\u00e1 cerca de 5 mini mesas, todas com decora\u00e7\u00e3o de c\u00e2meras e flores. \"\/><\/figure>\n\n\n\n<p>cr\u00e9ditos: <a href=\"https:\/\/br.pinterest.com\/pin\/92112754868896206\/\" target=\"_blank\" rel=\"noreferrer noopener\">https:\/\/br.pinterest.com\/pin\/92112754868896206\/<\/a>&nbsp;<\/p>\n\n\n\n<h2><span class=\"ez-toc-section\" id=\"Tons_neutros\"><\/span>Tons neutros<span class=\"ez-toc-section-end\"><\/span><\/h2>\n\n\n\n<p>Esta tend\u00eancia \u00e9 para as pessoas que curtem decora\u00e7\u00e3o de festa mais clean, sem deixar de lado a eleg\u00e2ncia e o estilo.&nbsp;<\/p>\n\n\n\n<p>Os tons neutros s\u00e3o atemporais, por isso podem compor de forma cl\u00e1ssica. A paleta de cores neutras \u00e9 composta por branco, preto e cinza.&nbsp;<\/p>\n\n\n\n<figure class=\"wp-block-image\"><img src=\"https:\/\/lh3.googleusercontent.com\/5GKyt0p13pgRpHv79z0Yab6sRuUOe-o5cphzBxvDDB-1UMR2NblYNfY-KBlaaPv0F3uvD7D8T1dzzUfUtUfo_uDizLyVKc_52evceKHKQe7Duvin0N9H4ajIKLEyW406ylIRI6Vs\" alt=\"No ch\u00e3o h\u00e1 um beb\u00ea sorridente dentro de um avi\u00e3o feio de papel\u00e3o, ao fundo h\u00e1 uma mesa de doces e bolo.\"\/><\/figure>\n\n\n\n<p>Agora que voc\u00ea sabe o que ser\u00e1 tend\u00eancia em 2021, que tal acompanhar nossas dicas de decora\u00e7\u00e3o envolvendo bal\u00f5es? <a href=\"https:\/\/www.youtube.com\/channel\/UCu2txLVCYP14NhJcRq57WEQ\" target=\"_blank\" rel=\"noreferrer noopener\">Em nosso canal no YouTube<\/a> voc\u00ea encontra tutoriais que poder\u00e3o te inspirar em sua pr\u00f3xima comemora\u00e7\u00e3o.&nbsp;<\/p>\n\n\n\n<p>N\u00e3o esque\u00e7a de compartilhar conosco o resultado de suas decora\u00e7\u00f5es! Desejamos a voc\u00ea um \u00f3timo ano, repleto de boas festas e muita harmonia.<\/p>\n","protected":false},"excerpt":{"rendered":"<p>Sum&aacute;rio Decora\u00e7\u00e3o de casamento com bal\u00f5es&nbsp;Utilize as cores do ano em sua decora\u00e7\u00e3o&nbsp;Cores: aposte em tons pasteis&nbsp;Tons terrosos:&nbsp;Tie Dye:&nbsp;Tons neutros [&hellip;]<\/p>\n","protected":false},"author":1,"featured_media":4610,"comment_status":"open","ping_status":"open","sticky":false,"template":"","format":"standard","meta":[],"categories":[29],"tags":[774,773,776,775],"yoast_head":"<!-- This site is optimized with the Yoast SEO plugin v18.4.1 - https:\/\/yoast.com\/wordpress\/plugins\/seo\/ -->\n<title>Decora\u00e7\u00e3o de festas: Tend\u00eancias para 2021 - Bal\u00f5es S\u00e3o Roque<\/title>\n<meta name=\"description\" content=\"Saber o que ser\u00e1 tend\u00eancia no ano \u00e9 muito importante no mercado de decora\u00e7\u00e3o de festas. Descubra agora as tend\u00eancias em decora\u00e7\u00e3o para 2021\" \/>\n<meta name=\"robots\" content=\"index, follow, max-snippet:-1, max-image-preview:large, max-video-preview:-1\" \/>\n<link rel=\"canonical\" href=\"https:\/\/baloessaoroque.com.br\/en\/blog-conheca-as-tendencias-em-decoracao-de-festas-para-2021\/\" \/>\n<meta property=\"og:locale\" content=\"pt_BR\" \/>\n<meta property=\"og:type\" content=\"article\" \/>\n<meta property=\"og:title\" content=\"Decora\u00e7\u00e3o de festas: Tend\u00eancias para 2021 - Bal\u00f5es S\u00e3o Roque\" \/>\n<meta property=\"og:description\" content=\"Saber o que ser\u00e1 tend\u00eancia no ano \u00e9 muito importante no mercado de decora\u00e7\u00e3o de festas. Descubra agora as tend\u00eancias em decora\u00e7\u00e3o para 2021\" \/>\n<meta property=\"og:url\" content=\"https:\/\/baloessaoroque.com.br\/en\/blog-conheca-as-tendencias-em-decoracao-de-festas-para-2021\/\" \/>\n<meta property=\"og:site_name\" content=\"Bal\u00f5es S\u00e3o Roque\" \/>\n<meta property=\"article:published_time\" content=\"2021-01-25T14:35:48+00:00\" \/>\n<meta property=\"article:modified_time\" content=\"2022-02-04T15:53:52+00:00\" \/>\n<meta property=\"og:image\" content=\"https:\/\/baloessaoroque.com.br\/en\/wp-content\/uploads\/2021\/01\/capa_tendencia.jpg\" \/>\n\t<meta property=\"og:image:width\" content=\"1140\" \/>\n\t<meta property=\"og:image:height\" content=\"500\" \/>\n\t<meta property=\"og:image:type\" content=\"image\/jpeg\" \/>\n<meta name=\"twitter:card\" content=\"summary_large_image\" \/>\n<meta name=\"twitter:label1\" content=\"Escrito por\" \/>\n\t<meta name=\"twitter:data1\" content=\"kite\" \/>\n\t<meta name=\"twitter:label2\" content=\"Est. tempo de leitura\" \/>\n\t<meta name=\"twitter:data2\" content=\"8 minutos\" \/>\n<script type=\"application\/ld+json\" class=\"yoast-schema-graph\">{\"@context\":\"https:\/\/schema.org\",\"@graph\":[{\"@type\":\"WebSite\",\"@id\":\"https:\/\/baloessaoroque.com.br\/en\/#website\",\"url\":\"https:\/\/baloessaoroque.com.br\/en\/\",\"name\":\"Bal\u00f5es S\u00e3o Roque\",\"description\":\"Sua vida cheia de festa!\",\"potentialAction\":[{\"@type\":\"SearchAction\",\"target\":{\"@type\":\"EntryPoint\",\"urlTemplate\":\"https:\/\/baloessaoroque.com.br\/en\/?s={search_term_string}\"},\"query-input\":\"required name=search_term_string\"}],\"inLanguage\":\"pt-BR\"},{\"@type\":\"ImageObject\",\"@id\":\"https:\/\/baloessaoroque.com.br\/en\/blog-conheca-as-tendencias-em-decoracao-de-festas-para-2021\/#primaryimage\",\"inLanguage\":\"pt-BR\",\"url\":\"https:\/\/baloessaoroque.com.br\/en\/wp-content\/uploads\/2021\/01\/capa_tendencia.jpg\",\"contentUrl\":\"https:\/\/baloessaoroque.com.br\/en\/wp-content\/uploads\/2021\/01\/capa_tendencia.jpg\",\"width\":1140,\"height\":500},{\"@type\":\"WebPage\",\"@id\":\"https:\/\/baloessaoroque.com.br\/en\/blog-conheca-as-tendencias-em-decoracao-de-festas-para-2021\/#webpage\",\"url\":\"https:\/\/baloessaoroque.com.br\/en\/blog-conheca-as-tendencias-em-decoracao-de-festas-para-2021\/\",\"name\":\"Decora\u00e7\u00e3o de festas: Tend\u00eancias para 2021 - Bal\u00f5es S\u00e3o Roque\",\"isPartOf\":{\"@id\":\"https:\/\/baloessaoroque.com.br\/en\/#website\"},\"primaryImageOfPage\":{\"@id\":\"https:\/\/baloessaoroque.com.br\/en\/blog-conheca-as-tendencias-em-decoracao-de-festas-para-2021\/#primaryimage\"},\"datePublished\":\"2021-01-25T14:35:48+00:00\",\"dateModified\":\"2022-02-04T15:53:52+00:00\",\"author\":{\"@id\":\"https:\/\/baloessaoroque.com.br\/en\/#\/schema\/person\/edf0c3d7f7d83c04c03736a851ef3c87\"},\"description\":\"Saber o que ser\u00e1 tend\u00eancia no ano \u00e9 muito importante no mercado de decora\u00e7\u00e3o de festas. Descubra agora as tend\u00eancias em decora\u00e7\u00e3o para 2021\",\"breadcrumb\":{\"@id\":\"https:\/\/baloessaoroque.com.br\/en\/blog-conheca-as-tendencias-em-decoracao-de-festas-para-2021\/#breadcrumb\"},\"inLanguage\":\"pt-BR\",\"potentialAction\":[{\"@type\":\"ReadAction\",\"target\":[\"https:\/\/baloessaoroque.com.br\/en\/blog-conheca-as-tendencias-em-decoracao-de-festas-para-2021\/\"]}]},{\"@type\":\"BreadcrumbList\",\"@id\":\"https:\/\/baloessaoroque.com.br\/en\/blog-conheca-as-tendencias-em-decoracao-de-festas-para-2021\/#breadcrumb\",\"itemListElement\":[{\"@type\":\"ListItem\",\"position\":1,\"name\":\"In\u00edcio\",\"item\":\"https:\/\/baloessaoroque.com.br\/en\/\"},{\"@type\":\"ListItem\",\"position\":2,\"name\":\"Conhe\u00e7a as tend\u00eancias em decora\u00e7\u00e3o de festas para 2021\"}]},{\"@type\":\"Person\",\"@id\":\"https:\/\/baloessaoroque.com.br\/en\/#\/schema\/person\/edf0c3d7f7d83c04c03736a851ef3c87\",\"name\":\"kite\",\"image\":{\"@type\":\"ImageObject\",\"@id\":\"https:\/\/baloessaoroque.com.br\/en\/#personlogo\",\"inLanguage\":\"pt-BR\",\"url\":\"https:\/\/secure.gravatar.com\/avatar\/bd19e5c9ad72206ec767e851cc016426?s=96&d=mm&r=g\",\"contentUrl\":\"https:\/\/secure.gravatar.com\/avatar\/bd19e5c9ad72206ec767e851cc016426?s=96&d=mm&r=g\",\"caption\":\"kite\"},\"sameAs\":[\"https:\/\/baloessaoroque.com.br\/en\"],\"url\":\"https:\/\/baloessaoroque.com.br\/en\/author\/kite\/\"}]}<\/script>\n<!-- \/ Yoast SEO plugin. -->","yoast_head_json":{"title":"Decora\u00e7\u00e3o de festas: Tend\u00eancias para 2021 - Bal\u00f5es S\u00e3o Roque","description":"Saber o que ser\u00e1 tend\u00eancia no ano \u00e9 muito importante no mercado de decora\u00e7\u00e3o de festas. Descubra agora as tend\u00eancias em decora\u00e7\u00e3o para 2021","robots":{"index":"index","follow":"follow","max-snippet":"max-snippet:-1","max-image-preview":"max-image-preview:large","max-video-preview":"max-video-preview:-1"},"canonical":"https:\/\/baloessaoroque.com.br\/en\/blog-conheca-as-tendencias-em-decoracao-de-festas-para-2021\/","og_locale":"pt_BR","og_type":"article","og_title":"Decora\u00e7\u00e3o de festas: Tend\u00eancias para 2021 - Bal\u00f5es S\u00e3o Roque","og_description":"Saber o que ser\u00e1 tend\u00eancia no ano \u00e9 muito importante no mercado de decora\u00e7\u00e3o de festas. Descubra agora as tend\u00eancias em decora\u00e7\u00e3o para 2021","og_url":"https:\/\/baloessaoroque.com.br\/en\/blog-conheca-as-tendencias-em-decoracao-de-festas-para-2021\/","og_site_name":"Bal\u00f5es S\u00e3o Roque","article_published_time":"2021-01-25T14:35:48+00:00","article_modified_time":"2022-02-04T15:53:52+00:00","og_image":[{"width":1140,"height":500,"url":"https:\/\/baloessaoroque.com.br\/en\/wp-content\/uploads\/2021\/01\/capa_tendencia.jpg","type":"image\/jpeg"}],"twitter_card":"summary_large_image","twitter_misc":{"Escrito por":"kite","Est. tempo de leitura":"8 minutos"},"schema":{"@context":"https:\/\/schema.org","@graph":[{"@type":"WebSite","@id":"https:\/\/baloessaoroque.com.br\/en\/#website","url":"https:\/\/baloessaoroque.com.br\/en\/","name":"Bal\u00f5es S\u00e3o Roque","description":"Sua vida cheia de festa!","potentialAction":[{"@type":"SearchAction","target":{"@type":"EntryPoint","urlTemplate":"https:\/\/baloessaoroque.com.br\/en\/?s={search_term_string}"},"query-input":"required name=search_term_string"}],"inLanguage":"pt-BR"},{"@type":"ImageObject","@id":"https:\/\/baloessaoroque.com.br\/en\/blog-conheca-as-tendencias-em-decoracao-de-festas-para-2021\/#primaryimage","inLanguage":"pt-BR","url":"https:\/\/baloessaoroque.com.br\/en\/wp-content\/uploads\/2021\/01\/capa_tendencia.jpg","contentUrl":"https:\/\/baloessaoroque.com.br\/en\/wp-content\/uploads\/2021\/01\/capa_tendencia.jpg","width":1140,"height":500},{"@type":"WebPage","@id":"https:\/\/baloessaoroque.com.br\/en\/blog-conheca-as-tendencias-em-decoracao-de-festas-para-2021\/#webpage","url":"https:\/\/baloessaoroque.com.br\/en\/blog-conheca-as-tendencias-em-decoracao-de-festas-para-2021\/","name":"Decora\u00e7\u00e3o de festas: Tend\u00eancias para 2021 - Bal\u00f5es S\u00e3o Roque","isPartOf":{"@id":"https:\/\/baloessaoroque.com.br\/en\/#website"},"primaryImageOfPage":{"@id":"https:\/\/baloessaoroque.com.br\/en\/blog-conheca-as-tendencias-em-decoracao-de-festas-para-2021\/#primaryimage"},"datePublished":"2021-01-25T14:35:48+00:00","dateModified":"2022-02-04T15:53:52+00:00","author":{"@id":"https:\/\/baloessaoroque.com.br\/en\/#\/schema\/person\/edf0c3d7f7d83c04c03736a851ef3c87"},"description":"Saber o que ser\u00e1 tend\u00eancia no ano \u00e9 muito importante no mercado de decora\u00e7\u00e3o de festas. Descubra agora as tend\u00eancias em decora\u00e7\u00e3o para 2021","breadcrumb":{"@id":"https:\/\/baloessaoroque.com.br\/en\/blog-conheca-as-tendencias-em-decoracao-de-festas-para-2021\/#breadcrumb"},"inLanguage":"pt-BR","potentialAction":[{"@type":"ReadAction","target":["https:\/\/baloessaoroque.com.br\/en\/blog-conheca-as-tendencias-em-decoracao-de-festas-para-2021\/"]}]},{"@type":"BreadcrumbList","@id":"https:\/\/baloessaoroque.com.br\/en\/blog-conheca-as-tendencias-em-decoracao-de-festas-para-2021\/#breadcrumb","itemListElement":[{"@type":"ListItem","position":1,"name":"In\u00edcio","item":"https:\/\/baloessaoroque.com.br\/en\/"},{"@type":"ListItem","position":2,"name":"Conhe\u00e7a as tend\u00eancias em decora\u00e7\u00e3o de festas para 2021"}]},{"@type":"Person","@id":"https:\/\/baloessaoroque.com.br\/en\/#\/schema\/person\/edf0c3d7f7d83c04c03736a851ef3c87","name":"kite","image":{"@type":"ImageObject","@id":"https:\/\/baloessaoroque.com.br\/en\/#personlogo","inLanguage":"pt-BR","url":"https:\/\/secure.gravatar.com\/avatar\/bd19e5c9ad72206ec767e851cc016426?s=96&d=mm&r=g","contentUrl":"https:\/\/secure.gravatar.com\/avatar\/bd19e5c9ad72206ec767e851cc016426?s=96&d=mm&r=g","caption":"kite"},"sameAs":["https:\/\/baloessaoroque.com.br\/en"],"url":"https:\/\/baloessaoroque.com.br\/en\/author\/kite\/"}]}},"_links":{"self":[{"href":"https:\/\/baloessaoroque.com.br\/en\/wp-json\/wp\/v2\/posts\/4208"}],"collection":[{"href":"https:\/\/baloessaoroque.com.br\/en\/wp-json\/wp\/v2\/posts"}],"about":[{"href":"https:\/\/baloessaoroque.com.br\/en\/wp-json\/wp\/v2\/types\/post"}],"author":[{"embeddable":true,"href":"https:\/\/baloessaoroque.com.br\/en\/wp-json\/wp\/v2\/users\/1"}],"replies":[{"embeddable":true,"href":"https:\/\/baloessaoroque.com.br\/en\/wp-json\/wp\/v2\/comments?post=4208"}],"version-history":[{"count":1,"href":"https:\/\/baloessaoroque.com.br\/en\/wp-json\/wp\/v2\/posts\/4208\/revisions"}],"predecessor-version":[{"id":10407,"href":"https:\/\/baloessaoroque.com.br\/en\/wp-json\/wp\/v2\/posts\/4208\/revisions\/10407"}],"wp:featuredmedia":[{"embeddable":true,"href":"https:\/\/baloessaoroque.com.br\/en\/wp-json\/wp\/v2\/media\/4610"}],"wp:attachment":[{"href":"https:\/\/baloessaoroque.com.br\/en\/wp-json\/wp\/v2\/media?parent=4208"}],"wp:term":[{"taxonomy":"category","embeddable":true,"href":"https:\/\/baloessaoroque.com.br\/en\/wp-json\/wp\/v2\/categories?post=4208"},{"taxonomy":"post_tag","embeddable":true,"href":"https:\/\/baloessaoroque.com.br\/en\/wp-json\/wp\/v2\/tags?post=4208"}],"curies":[{"name":"wp","href":"https:\/\/api.w.org\/{rel}","templated":true}]}}