{"id":4910,"date":"2021-03-09T16:52:39","date_gmt":"2021-03-09T19:52:39","guid":{"rendered":"https:\/\/baloessaoroque.com.br\/en\/?p=4910"},"modified":"2022-02-04T12:53:33","modified_gmt":"2022-02-04T15:53:33","slug":"blog-e-festa-entao-voce-vai-precisar-de-baloes","status":"publish","type":"post","link":"https:\/\/baloessaoroque.com.br\/en\/blog-e-festa-entao-voce-vai-precisar-de-baloes\/","title":{"rendered":"Planejando um evento? Ent\u00e3o voc\u00ea precisa de bal\u00f5es de festa"},"content":{"rendered":"<div id=\"ez-toc-container\" class=\"ez-toc-v2_0_18 counter-hierarchy counter-decimal\">\n<div class=\"ez-toc-title-container\">\n<p class=\"ez-toc-title\">Sum&aacute;rio<\/p>\n<span class=\"ez-toc-title-toggle\"><a class=\"ez-toc-pull-right ez-toc-btn ez-toc-btn-xs ez-toc-btn-default ez-toc-toggle\" style=\"display: none;\"><i class=\"ez-toc-glyphicon ez-toc-icon-toggle\"><\/i><\/a><\/span><\/div>\n<nav><ul class=\"ez-toc-list ez-toc-list-level-1\"><li class=\"ez-toc-page-1 ez-toc-heading-level-2\"><a class=\"ez-toc-link ez-toc-heading-1\" href=\"https:\/\/baloessaoroque.com.br\/en\/blog-e-festa-entao-voce-vai-precisar-de-baloes\/#Baloes_de_festa_para_sair_do_comum\" title=\"Bal\u00f5es de festa para sair do comum\">Bal\u00f5es de festa para sair do comum<\/a><ul class=\"ez-toc-list-level-3\"><li class=\"ez-toc-heading-level-3\"><a class=\"ez-toc-link ez-toc-heading-2\" href=\"https:\/\/baloessaoroque.com.br\/en\/blog-e-festa-entao-voce-vai-precisar-de-baloes\/#1_-_Linha_Perolado\" title=\"1 \u2013 Linha Perolado\">1 \u2013 Linha Perolado<\/a><\/li><li class=\"ez-toc-page-1 ez-toc-heading-level-3\"><a class=\"ez-toc-link ez-toc-heading-3\" href=\"https:\/\/baloessaoroque.com.br\/en\/blog-e-festa-entao-voce-vai-precisar-de-baloes\/#2_-_Linha_Metallic\" title=\"2 &#8211; Linha Metallic\">2 &#8211; Linha Metallic<\/a><\/li><li class=\"ez-toc-page-1 ez-toc-heading-level-3\"><a class=\"ez-toc-link ez-toc-heading-4\" href=\"https:\/\/baloessaoroque.com.br\/en\/blog-e-festa-entao-voce-vai-precisar-de-baloes\/#3_-_Baloes_de_festa_Neon\" title=\"3 &#8211; Bal\u00f5es de festa Neon\">3 &#8211; Bal\u00f5es de festa Neon<\/a><\/li><li class=\"ez-toc-page-1 ez-toc-heading-level-3\"><a class=\"ez-toc-link ez-toc-heading-5\" href=\"https:\/\/baloessaoroque.com.br\/en\/blog-e-festa-entao-voce-vai-precisar-de-baloes\/#4_-_Linha_Candy_Colors\" title=\"4 &#8211; Linha Candy Colors\">4 &#8211; Linha Candy Colors<\/a><\/li><li class=\"ez-toc-page-1 ez-toc-heading-level-3\"><a class=\"ez-toc-link ez-toc-heading-6\" href=\"https:\/\/baloessaoroque.com.br\/en\/blog-e-festa-entao-voce-vai-precisar-de-baloes\/#5_-_Baloes_de_festa_com_formatos_diferentes\" title=\"5 &#8211; Bal\u00f5es de festa com formatos diferentes\">5 &#8211; Bal\u00f5es de festa com formatos diferentes<\/a><\/li><\/ul><\/li><li class=\"ez-toc-page-1 ez-toc-heading-level-2\"><a class=\"ez-toc-link ez-toc-heading-7\" href=\"https:\/\/baloessaoroque.com.br\/en\/blog-e-festa-entao-voce-vai-precisar-de-baloes\/#Invista_nos_arranjos_de_baloes_de_festa\" title=\"Invista nos arranjos de bal\u00f5es de festa\">Invista nos arranjos de bal\u00f5es de festa<\/a><ul class=\"ez-toc-list-level-3\"><li class=\"ez-toc-heading-level-3\"><a class=\"ez-toc-link ez-toc-heading-8\" href=\"https:\/\/baloessaoroque.com.br\/en\/blog-e-festa-entao-voce-vai-precisar-de-baloes\/#Arranjo_de_mesa\" title=\"Arranjo de mesa\">Arranjo de mesa<\/a><\/li><li class=\"ez-toc-page-1 ez-toc-heading-level-3\"><a class=\"ez-toc-link ez-toc-heading-9\" href=\"https:\/\/baloessaoroque.com.br\/en\/blog-e-festa-entao-voce-vai-precisar-de-baloes\/#Baloes_no_teto\" title=\"Bal\u00f5es no teto\">Bal\u00f5es no teto<\/a><\/li><\/ul><\/li><li class=\"ez-toc-page-1 ez-toc-heading-level-2\"><a class=\"ez-toc-link ez-toc-heading-10\" href=\"https:\/\/baloessaoroque.com.br\/en\/blog-e-festa-entao-voce-vai-precisar-de-baloes\/#Misturando_linhas_de_baloes_de_festa\" title=\"Misturando linhas de bal\u00f5es de festa\">Misturando linhas de bal\u00f5es de festa<\/a><\/li><li class=\"ez-toc-page-1 ez-toc-heading-level-2\"><a class=\"ez-toc-link ez-toc-heading-11\" href=\"https:\/\/baloessaoroque.com.br\/en\/blog-e-festa-entao-voce-vai-precisar-de-baloes\/#Gas_helio_para_encher_baloes_de_festa_seguranca_em_primeiro_lugar\" title=\"G\u00e1s h\u00e9lio para encher bal\u00f5es de festa: seguran\u00e7a em primeiro lugar\">G\u00e1s h\u00e9lio para encher bal\u00f5es de festa: seguran\u00e7a em primeiro lugar<\/a><\/li><li class=\"ez-toc-page-1 ez-toc-heading-level-2\"><a class=\"ez-toc-link ez-toc-heading-12\" href=\"https:\/\/baloessaoroque.com.br\/en\/blog-e-festa-entao-voce-vai-precisar-de-baloes\/#Escolha_uma_marca_responsavel_e_atualizada\" title=\"Escolha uma marca respons\u00e1vel e atualizada\">Escolha uma marca respons\u00e1vel e atualizada<\/a><\/li><\/ul><\/nav><\/div>\n\n<p>Seja em <a href=\"https:\/\/baloessaoroque.com.br\/en\/cha-revelacao-saiba-como-fazer-uma-decoracao-simples\/\" target=\"_blank\" rel=\"noreferrer noopener\">ch\u00e1 revela\u00e7\u00e3o<\/a>, despedida de solteira, <a href=\"https:\/\/baloessaoroque.com.br\/en\/festa-de-halloween-como-fazer-uma-decoracao-criativa\/\" target=\"_blank\" rel=\"noreferrer noopener\">halloween<\/a>, <a href=\"https:\/\/baloessaoroque.com.br\/en\/decoracao-dia-das-criancas-dicas-para-arrasar-com-a-garotada\/\" target=\"_blank\" rel=\"noreferrer noopener\">dia das crian\u00e7as<\/a> ou anivers\u00e1rios, comemora\u00e7\u00e3o \u00e9 sin\u00f4nimo de decora\u00e7\u00e3o com bal\u00f5es de festa! Assim como a m\u00fasica ambiente, eles harmonizam, alegram e d\u00e3o outra cara \u00e0s celebra\u00e7\u00f5es \u2013 ainda mais se voc\u00ea explorar as v\u00e1rias op\u00e7\u00f5es de linhas e propostas com tonalidades diferentes.<\/p>\n\n\n\n<p>Sabemos que devido \u00e0 quantidade de comemora\u00e7\u00f5es dentro de um ano, \u00e9 normal que novas ideias fiquem escassas. E se voc\u00ea \u00e9 do tipo de pessoa que faz quest\u00e3o de n\u00e3o deixar nenhuma data comemorativa passar em branco ou tem medo de repetir alguma decora\u00e7\u00e3o, continue a leitura desse post, pois separamos os principais bal\u00f5es de festa que far\u00e3o voc\u00ea inovar na hora de montar a sua festa!<\/p>\n\n\n\n<h2><span class=\"ez-toc-section\" id=\"Baloes_de_festa_para_sair_do_comum\"><\/span><strong>Bal\u00f5es de festa para sair do comum<\/strong><span class=\"ez-toc-section-end\"><\/span><\/h2>\n\n\n\n<p>A primeira coisa que voc\u00ea deve saber \u00e9 que para causar impacto em suas comemora\u00e7\u00f5es, \u00e9 preciso apostar sem medo em novos modelos de bal\u00f5es de festa. E para te ajudar, listamos 5 linhas que s\u00e3o sucesso de vendas aqui na Bal\u00f5es S\u00e3o Roque.<\/p>\n\n\n\n<h3><span class=\"ez-toc-section\" id=\"1_-_Linha_Perolado\"><\/span><strong>1 \u2013 Linha Perolado<\/strong><span class=\"ez-toc-section-end\"><\/span><\/h3>\n\n\n\n<p>Os bal\u00f5es de festa da <a href=\"https:\/\/baloessaoroque.com.br\/en\/categoria-produto\/perolado\/\" target=\"_blank\" rel=\"noreferrer noopener\">Linha Perolado<\/a> contemplam tons mais claros e com brilhos sutis que exaltam classe e sofistica\u00e7\u00e3o nas decora\u00e7\u00f5es de cunho rom\u00e2ntico, como <a href=\"https:\/\/baloessaoroque.com.br\/en\/blog-decoracoes-de-festa-casamento\/\" target=\"_blank\" rel=\"noreferrer noopener\">casamentos<\/a> e bodas.<\/p>\n\n\n\n<div class=\"wp-block-image\"><figure class=\"aligncenter size-large is-resized\"><a href=\"https:\/\/baloessaoroque.com.br\/en\/wp-content\/uploads\/2022\/02\/RMJ43719-scaled.jpg\"><img loading=\"lazy\" src=\"https:\/\/baloessaoroque.com.br\/en\/wp-content\/uploads\/2022\/02\/RMJ43719-683x1024.jpg\" alt=\"arco desconstru\u00eddo de bal\u00f5es de festa perolados\" class=\"wp-image-10629\" width=\"411\" height=\"617\" srcset=\"https:\/\/baloessaoroque.com.br\/en\/wp-content\/uploads\/2022\/02\/RMJ43719-683x1024.jpg 683w, https:\/\/baloessaoroque.com.br\/en\/wp-content\/uploads\/2022\/02\/RMJ43719-200x300.jpg 200w, https:\/\/baloessaoroque.com.br\/en\/wp-content\/uploads\/2022\/02\/RMJ43719-768x1152.jpg 768w, https:\/\/baloessaoroque.com.br\/en\/wp-content\/uploads\/2022\/02\/RMJ43719-1024x1536.jpg 1024w, https:\/\/baloessaoroque.com.br\/en\/wp-content\/uploads\/2022\/02\/RMJ43719-1365x2048.jpg 1365w, https:\/\/baloessaoroque.com.br\/en\/wp-content\/uploads\/2022\/02\/RMJ43719-400x600.jpg 400w, https:\/\/baloessaoroque.com.br\/en\/wp-content\/uploads\/2022\/02\/RMJ43719-600x900.jpg 600w, https:\/\/baloessaoroque.com.br\/en\/wp-content\/uploads\/2022\/02\/RMJ43719-scaled.jpg 1707w\" sizes=\"(max-width: 411px) 100vw, 411px\" \/><\/a><figcaption>Produ\u00e7\u00e3o: Viviane Furlan<\/figcaption><\/figure><\/div>\n\n\n\n<p>Al\u00e9m disso, tamb\u00e9m s\u00e3o muito procurados pelas mam\u00e3es e papais para comemora\u00e7\u00f5es de <a href=\"https:\/\/baloessaoroque.com.br\/en\/blog-3-maneiras-criativas-de-decoracao-para-batizado-com-baloes\/\" target=\"_blank\" rel=\"noreferrer noopener\">batizados<\/a>, primeiro aninho e ch\u00e1 revela\u00e7\u00e3o. A mistura de diversas cores peroladas garante um ambiente calmo e minimalista, mas claro, com o brilho que toda comemora\u00e7\u00e3o merece!<\/p>\n\n\n\n<h3><span class=\"ez-toc-section\" id=\"2_-_Linha_Metallic\"><\/span><strong>2 &#8211; Linha Metallic<\/strong><span class=\"ez-toc-section-end\"><\/span><\/h3>\n\n\n\n<p>Os bal\u00f5es de festa da <a href=\"https:\/\/baloessaoroque.com.br\/en\/categoria-produto\/metallic-ballom\/\" target=\"_blank\" rel=\"noreferrer noopener\">Linha Metallic<\/a> s\u00e3o considerados um dos maiores sucessos do mercado de decora\u00e7\u00e3o atual. Isso porque o brilho e a ousadia do metal garantem glamour e sofistica\u00e7\u00e3o para a sua decora\u00e7\u00e3o.<\/p>\n\n\n\n<div class=\"wp-block-image\"><figure class=\"aligncenter size-large is-resized\"><a href=\"https:\/\/baloessaoroque.com.br\/en\/wp-content\/uploads\/2022\/02\/RMJ43732-scaled.jpg\"><img loading=\"lazy\" src=\"https:\/\/baloessaoroque.com.br\/en\/wp-content\/uploads\/2022\/02\/RMJ43732-1024x683.jpg\" alt=\"bal\u00f5es metallic\" class=\"wp-image-10630\" width=\"590\" height=\"393\" srcset=\"https:\/\/baloessaoroque.com.br\/en\/wp-content\/uploads\/2022\/02\/RMJ43732-1024x683.jpg 1024w, https:\/\/baloessaoroque.com.br\/en\/wp-content\/uploads\/2022\/02\/RMJ43732-300x200.jpg 300w, https:\/\/baloessaoroque.com.br\/en\/wp-content\/uploads\/2022\/02\/RMJ43732-768x512.jpg 768w, https:\/\/baloessaoroque.com.br\/en\/wp-content\/uploads\/2022\/02\/RMJ43732-1536x1024.jpg 1536w, https:\/\/baloessaoroque.com.br\/en\/wp-content\/uploads\/2022\/02\/RMJ43732-2048x1365.jpg 2048w, https:\/\/baloessaoroque.com.br\/en\/wp-content\/uploads\/2022\/02\/RMJ43732-400x267.jpg 400w, https:\/\/baloessaoroque.com.br\/en\/wp-content\/uploads\/2022\/02\/RMJ43732-620x413.jpg 620w, https:\/\/baloessaoroque.com.br\/en\/wp-content\/uploads\/2022\/02\/RMJ43732-600x400.jpg 600w\" sizes=\"(max-width: 590px) 100vw, 590px\" \/><\/a><\/figure><\/div>\n\n\n\n<p>As tonalidades refinadas e arrojadas refletem muito poder e riqueza, caracter\u00edsticas que aumentam a procura para <a href=\"https:\/\/baloessaoroque.com.br\/en\/blog-temas-de-decoracao-de-aniversario-simples-para-homens\/\" target=\"_blank\" rel=\"noreferrer noopener\">anivers\u00e1rios de adultos<\/a>, halloween, inaugura\u00e7\u00f5es e festas de formatura.<\/p>\n\n\n\n<h3><span class=\"ez-toc-section\" id=\"3_-_Baloes_de_festa_Neon\"><\/span><strong>3 &#8211; Bal\u00f5es de festa Neon<\/strong><span class=\"ez-toc-section-end\"><\/span><\/h3>\n\n\n\n<p>Os bal\u00f5es da <a href=\"https:\/\/baloessaoroque.com.br\/en\/categoria-produto\/neon\/\" target=\"_blank\" rel=\"noreferrer noopener\">Linha Neon<\/a> s\u00e3o muito requisitados por aqueles que desejam inovar em uma decora\u00e7\u00e3o reluzente! O poder das cores deixa as festas mais alegres e coloridas, principalmente se expostos na luz negra. \u00a0<\/p>\n\n\n\n<div class=\"wp-block-image\"><figure class=\"aligncenter size-large is-resized\"><a href=\"https:\/\/baloessaoroque.com.br\/en\/wp-content\/uploads\/2022\/02\/DSCF1533-scaled.jpg\"><img src=\"https:\/\/baloessaoroque.com.br\/en\/wp-content\/uploads\/2022\/02\/DSCF1533-edited-1-scaled.jpg\" alt=\"bal\u00f5es neon para festa \" class=\"wp-image-10633\" width=\"448\" srcset=\"https:\/\/baloessaoroque.com.br\/en\/wp-content\/uploads\/2022\/02\/DSCF1533-edited-1-scaled.jpg 2557w, https:\/\/baloessaoroque.com.br\/en\/wp-content\/uploads\/2022\/02\/DSCF1533-edited-1-300x300.jpg 300w, https:\/\/baloessaoroque.com.br\/en\/wp-content\/uploads\/2022\/02\/DSCF1533-edited-1-1024x1024.jpg 1024w, https:\/\/baloessaoroque.com.br\/en\/wp-content\/uploads\/2022\/02\/DSCF1533-edited-1-150x150.jpg 150w, https:\/\/baloessaoroque.com.br\/en\/wp-content\/uploads\/2022\/02\/DSCF1533-edited-1-768x769.jpg 768w, https:\/\/baloessaoroque.com.br\/en\/wp-content\/uploads\/2022\/02\/DSCF1533-edited-1-1534x1536.jpg 1534w, https:\/\/baloessaoroque.com.br\/en\/wp-content\/uploads\/2022\/02\/DSCF1533-edited-1-2046x2048.jpg 2046w, https:\/\/baloessaoroque.com.br\/en\/wp-content\/uploads\/2022\/02\/DSCF1533-edited-1-400x400.jpg 400w, https:\/\/baloessaoroque.com.br\/en\/wp-content\/uploads\/2022\/02\/DSCF1533-edited-1-620x621.jpg 620w, https:\/\/baloessaoroque.com.br\/en\/wp-content\/uploads\/2022\/02\/DSCF1533-edited-1-600x601.jpg 600w, https:\/\/baloessaoroque.com.br\/en\/wp-content\/uploads\/2022\/02\/DSCF1533-edited-1-100x100.jpg 100w\" sizes=\"(max-width: 2557px) 100vw, 2557px\" \/><\/a><\/figure><\/div>\n\n\n\n<p>Al\u00e9m disso, o neon \u00e9 uma tend\u00eancia forte que nunca sai de moda, seja em festa de crian\u00e7as, adolescentes ou adultos. Pode apostar sem medo!<\/p>\n\n\n\n<h3><span class=\"ez-toc-section\" id=\"4_-_Linha_Candy_Colors\"><\/span><strong>4 &#8211; Linha Candy Colors<\/strong><span class=\"ez-toc-section-end\"><\/span><\/h3>\n\n\n\n<p>A <a href=\"https:\/\/baloessaoroque.com.br\/en\/categoria-produto\/candy-colors\/\" target=\"_blank\" rel=\"noreferrer noopener\">linha Candy Colors<\/a> traz uma paleta de cores bem clarinhas, suaves e delicadas que conquistam o p\u00fablico cada vez mais. Ideal para comemora\u00e7\u00f5es infantis como primeiro anivers\u00e1rio, ch\u00e1 revela\u00e7\u00e3o, ch\u00e1 de beb\u00ea etc.<\/p>\n\n\n\n<div class=\"wp-block-image\"><figure class=\"aligncenter size-large is-resized\"><a href=\"https:\/\/baloessaoroque.com.br\/en\/wp-content\/uploads\/2022\/02\/RMJ43641-scaled.jpg\"><img loading=\"lazy\" src=\"https:\/\/baloessaoroque.com.br\/en\/wp-content\/uploads\/2022\/02\/RMJ43641-1024x683.jpg\" alt=\"bal\u00f5es de festa candy collor - cora\u00e7\u00e3o de bal\u00f5es pop-it \" class=\"wp-image-10634\" width=\"554\" height=\"369\" srcset=\"https:\/\/baloessaoroque.com.br\/en\/wp-content\/uploads\/2022\/02\/RMJ43641-1024x683.jpg 1024w, https:\/\/baloessaoroque.com.br\/en\/wp-content\/uploads\/2022\/02\/RMJ43641-300x200.jpg 300w, https:\/\/baloessaoroque.com.br\/en\/wp-content\/uploads\/2022\/02\/RMJ43641-768x512.jpg 768w, https:\/\/baloessaoroque.com.br\/en\/wp-content\/uploads\/2022\/02\/RMJ43641-1536x1024.jpg 1536w, https:\/\/baloessaoroque.com.br\/en\/wp-content\/uploads\/2022\/02\/RMJ43641-2048x1365.jpg 2048w, https:\/\/baloessaoroque.com.br\/en\/wp-content\/uploads\/2022\/02\/RMJ43641-400x267.jpg 400w, https:\/\/baloessaoroque.com.br\/en\/wp-content\/uploads\/2022\/02\/RMJ43641-620x413.jpg 620w, https:\/\/baloessaoroque.com.br\/en\/wp-content\/uploads\/2022\/02\/RMJ43641-600x400.jpg 600w\" sizes=\"(max-width: 554px) 100vw, 554px\" \/><\/a><\/figure><\/div>\n\n\n\n<p>O principal diferencial dos bal\u00f5es de festa Candy Colors \u00e9 a possibilidade de trabalhar com bal\u00f5es \u00fanicos, sem a necessidade de utilizar a t\u00e9cnica dos bal\u00f5es duplos, em que muitas decoradoras colocavam o bal\u00e3o de cor quente dentro da cor branca para chegar em tonalidades suaves.<\/p>\n\n\n\n<h3><span class=\"ez-toc-section\" id=\"5_-_Baloes_de_festa_com_formatos_diferentes\"><\/span><strong>5 &#8211; Bal\u00f5es de festa com formatos diferentes<\/strong><span class=\"ez-toc-section-end\"><\/span><\/h3>\n\n\n\n<p>Se voc\u00ea pensa que os bal\u00f5es de festa se limitam apenas ao cl\u00e1ssico formato redondo, est\u00e1 completamente enganado(a). Atualmente, os bal\u00f5es em <a href=\"https:\/\/baloessaoroque.com.br\/en\/categoria-produto\/formatos-especiais\/\" target=\"_blank\" rel=\"noreferrer noopener\">formatos especiais<\/a> conquistam cada vez mais espa\u00e7o.<\/p>\n\n\n\n<div class=\"wp-block-image\"><figure class=\"aligncenter size-large is-resized\"><a href=\"https:\/\/baloessaoroque.com.br\/en\/wp-content\/uploads\/2022\/02\/IMG_6909-scaled.jpg\"><img loading=\"lazy\" src=\"https:\/\/baloessaoroque.com.br\/en\/wp-content\/uploads\/2022\/02\/IMG_6909-1024x683.jpg\" alt=\"Bal\u00f5es de festa canudos\" class=\"wp-image-10635\" width=\"512\" height=\"341\" srcset=\"https:\/\/baloessaoroque.com.br\/en\/wp-content\/uploads\/2022\/02\/IMG_6909-1024x683.jpg 1024w, https:\/\/baloessaoroque.com.br\/en\/wp-content\/uploads\/2022\/02\/IMG_6909-300x200.jpg 300w, https:\/\/baloessaoroque.com.br\/en\/wp-content\/uploads\/2022\/02\/IMG_6909-768x512.jpg 768w, https:\/\/baloessaoroque.com.br\/en\/wp-content\/uploads\/2022\/02\/IMG_6909-1536x1024.jpg 1536w, https:\/\/baloessaoroque.com.br\/en\/wp-content\/uploads\/2022\/02\/IMG_6909-2048x1365.jpg 2048w, https:\/\/baloessaoroque.com.br\/en\/wp-content\/uploads\/2022\/02\/IMG_6909-400x267.jpg 400w, https:\/\/baloessaoroque.com.br\/en\/wp-content\/uploads\/2022\/02\/IMG_6909-620x413.jpg 620w, https:\/\/baloessaoroque.com.br\/en\/wp-content\/uploads\/2022\/02\/IMG_6909-600x400.jpg 600w\" sizes=\"(max-width: 512px) 100vw, 512px\" \/><\/a><\/figure><\/div>\n\n\n\n<p>Os mais conhecidos s\u00e3o os <a href=\"https:\/\/baloessaoroque.com.br\/en\/categoria-produto\/formatos-especiais\/?_sf_s=160\" target=\"_blank\" rel=\"noreferrer noopener\">bal\u00f5es canudos 160<\/a> e <a href=\"https:\/\/baloessaoroque.com.br\/en\/categoria-produto\/formatos-especiais\/?_sf_s=260\" target=\"_blank\" rel=\"noreferrer noopener\">260<\/a> que possuem espessura ideal para trabalhos com esculturas e tor\u00e7\u00f5es em geral, como la\u00e7os, molduras, animais e entre outros.<\/p>\n\n\n\n<div class=\"wp-block-image\"><figure class=\"aligncenter size-large is-resized\"><a href=\"https:\/\/baloessaoroque.com.br\/en\/wp-content\/uploads\/2022\/02\/DSCF6993-scaled.jpg\"><img loading=\"lazy\" src=\"https:\/\/baloessaoroque.com.br\/en\/wp-content\/uploads\/2022\/02\/DSCF6993-683x1024.jpg\" alt=\"Bal\u00f5es de festa: arranjo de cora\u00e7\u00f5es\" class=\"wp-image-10636\" width=\"391\" height=\"586\" srcset=\"https:\/\/baloessaoroque.com.br\/en\/wp-content\/uploads\/2022\/02\/DSCF6993-683x1024.jpg 683w, https:\/\/baloessaoroque.com.br\/en\/wp-content\/uploads\/2022\/02\/DSCF6993-200x300.jpg 200w, https:\/\/baloessaoroque.com.br\/en\/wp-content\/uploads\/2022\/02\/DSCF6993-768x1152.jpg 768w, https:\/\/baloessaoroque.com.br\/en\/wp-content\/uploads\/2022\/02\/DSCF6993-1024x1536.jpg 1024w, https:\/\/baloessaoroque.com.br\/en\/wp-content\/uploads\/2022\/02\/DSCF6993-1365x2048.jpg 1365w, https:\/\/baloessaoroque.com.br\/en\/wp-content\/uploads\/2022\/02\/DSCF6993-400x600.jpg 400w, https:\/\/baloessaoroque.com.br\/en\/wp-content\/uploads\/2022\/02\/DSCF6993-600x900.jpg 600w, https:\/\/baloessaoroque.com.br\/en\/wp-content\/uploads\/2022\/02\/DSCF6993-scaled.jpg 1707w\" sizes=\"(max-width: 391px) 100vw, 391px\" \/><\/a><figcaption>Produ\u00e7\u00e3o: Viviane Furlan<\/figcaption><\/figure><\/div>\n\n\n\n<p>Al\u00e9m do mais, os <a href=\"https:\/\/baloessaoroque.com.br\/en\/produtos\/?_sf_s=coracao\" target=\"_blank\" rel=\"noreferrer noopener\">bal\u00f5es em formatos de cora\u00e7\u00e3o<\/a>, por exemplo, s\u00e3o os mais utilizados em celebra\u00e7\u00f5es afetivas como o Dia das M\u00e3es, renova\u00e7\u00e3o de votos e Dia do Namorados.<\/p>\n\n\n\n<h2><span class=\"ez-toc-section\" id=\"Invista_nos_arranjos_de_baloes_de_festa\"><\/span><strong>Invista nos arranjos de bal\u00f5es de festa<\/strong><span class=\"ez-toc-section-end\"><\/span><\/h2>\n\n\n\n<p>A procura por arranjos de bal\u00f5es tem aumentado consideravelmente, visto que essa \u00e9 uma op\u00e7\u00e3o que serve tanto para presentear, quanto para decorar a mesa, criar espa\u00e7os instagram\u00e1veis e at\u00e9 espalhar pelo teto. A seguir, apresentamos mais algumas ideias:<\/p>\n\n\n\n<h3><span class=\"ez-toc-section\" id=\"Arranjo_de_mesa\"><\/span><strong>Arranjo de mesa<\/strong><span class=\"ez-toc-section-end\"><\/span><\/h3>\n\n\n\n<p>Do almo\u00e7o ou jantar intimista aos eventos com bastante convidados, aposte nos arranjos de mesa em tamanho m\u00e9dio. O arranjo minimalista costuma surpreender e brilhar os olhos dos presentes.<\/p>\n\n\n\n<figure class=\"wp-block-gallery columns-2 is-cropped\"><ul class=\"blocks-gallery-grid\"><li class=\"blocks-gallery-item\"><figure><a href=\"https:\/\/baloessaoroque.com.br\/en\/wp-content\/uploads\/2021\/03\/0003-BALOES-SAO-ROQUE-VIVIANE-FURLAN-RONALD-MENNEL-FOTO-FILME-SP-Editar-1-scaled.jpg\"><img loading=\"lazy\" width=\"1024\" height=\"1024\" src=\"https:\/\/baloessaoroque.com.br\/en\/wp-content\/uploads\/2021\/03\/0003-BALOES-SAO-ROQUE-VIVIANE-FURLAN-RONALD-MENNEL-FOTO-FILME-SP-Editar-1-1024x1024.jpg\" alt=\"\" data-id=\"10639\" data-full-url=\"https:\/\/baloessaoroque.com.br\/en\/wp-content\/uploads\/2021\/03\/0003-BALOES-SAO-ROQUE-VIVIANE-FURLAN-RONALD-MENNEL-FOTO-FILME-SP-Editar-1-scaled.jpg\" data-link=\"https:\/\/baloessaoroque.com.br\/en\/e-festa-entao-voce-vai-precisar-de-baloes\/ronald-mennel-mennel-com-br-37\/\" class=\"wp-image-10639\" srcset=\"https:\/\/baloessaoroque.com.br\/en\/wp-content\/uploads\/2021\/03\/0003-BALOES-SAO-ROQUE-VIVIANE-FURLAN-RONALD-MENNEL-FOTO-FILME-SP-Editar-1-1024x1024.jpg 1024w, https:\/\/baloessaoroque.com.br\/en\/wp-content\/uploads\/2021\/03\/0003-BALOES-SAO-ROQUE-VIVIANE-FURLAN-RONALD-MENNEL-FOTO-FILME-SP-Editar-1-300x300.jpg 300w, https:\/\/baloessaoroque.com.br\/en\/wp-content\/uploads\/2021\/03\/0003-BALOES-SAO-ROQUE-VIVIANE-FURLAN-RONALD-MENNEL-FOTO-FILME-SP-Editar-1-150x150.jpg 150w, https:\/\/baloessaoroque.com.br\/en\/wp-content\/uploads\/2021\/03\/0003-BALOES-SAO-ROQUE-VIVIANE-FURLAN-RONALD-MENNEL-FOTO-FILME-SP-Editar-1-768x768.jpg 768w, https:\/\/baloessaoroque.com.br\/en\/wp-content\/uploads\/2021\/03\/0003-BALOES-SAO-ROQUE-VIVIANE-FURLAN-RONALD-MENNEL-FOTO-FILME-SP-Editar-1-1536x1536.jpg 1536w, https:\/\/baloessaoroque.com.br\/en\/wp-content\/uploads\/2021\/03\/0003-BALOES-SAO-ROQUE-VIVIANE-FURLAN-RONALD-MENNEL-FOTO-FILME-SP-Editar-1-2048x2048.jpg 2048w, https:\/\/baloessaoroque.com.br\/en\/wp-content\/uploads\/2021\/03\/0003-BALOES-SAO-ROQUE-VIVIANE-FURLAN-RONALD-MENNEL-FOTO-FILME-SP-Editar-1-400x400.jpg 400w, https:\/\/baloessaoroque.com.br\/en\/wp-content\/uploads\/2021\/03\/0003-BALOES-SAO-ROQUE-VIVIANE-FURLAN-RONALD-MENNEL-FOTO-FILME-SP-Editar-1-620x620.jpg 620w, https:\/\/baloessaoroque.com.br\/en\/wp-content\/uploads\/2021\/03\/0003-BALOES-SAO-ROQUE-VIVIANE-FURLAN-RONALD-MENNEL-FOTO-FILME-SP-Editar-1-600x600.jpg 600w, https:\/\/baloessaoroque.com.br\/en\/wp-content\/uploads\/2021\/03\/0003-BALOES-SAO-ROQUE-VIVIANE-FURLAN-RONALD-MENNEL-FOTO-FILME-SP-Editar-1-100x100.jpg 100w\" sizes=\"(max-width: 1024px) 100vw, 1024px\" \/><\/a><figcaption class=\"blocks-gallery-item__caption\">Produ\u00e7\u00e3o: Viviane Furlan<\/figcaption><\/figure><\/li><li class=\"blocks-gallery-item\"><figure><a href=\"https:\/\/baloessaoroque.com.br\/en\/wp-content\/uploads\/2021\/03\/0002-BALOES-SAO-ROQUE-VIVIANE-FURLAN-RONALD-MENNEL-FOTO-FILME-SP-Editar-1-scaled.jpg\"><img loading=\"lazy\" width=\"1024\" height=\"1024\" src=\"https:\/\/baloessaoroque.com.br\/en\/wp-content\/uploads\/2021\/03\/0002-BALOES-SAO-ROQUE-VIVIANE-FURLAN-RONALD-MENNEL-FOTO-FILME-SP-Editar-1-1024x1024.jpg\" alt=\"\" data-id=\"10637\" data-full-url=\"https:\/\/baloessaoroque.com.br\/en\/wp-content\/uploads\/2021\/03\/0002-BALOES-SAO-ROQUE-VIVIANE-FURLAN-RONALD-MENNEL-FOTO-FILME-SP-Editar-1-scaled.jpg\" data-link=\"https:\/\/baloessaoroque.com.br\/en\/e-festa-entao-voce-vai-precisar-de-baloes\/ronald-mennel-mennel-com-br-35\/\" class=\"wp-image-10637\" srcset=\"https:\/\/baloessaoroque.com.br\/en\/wp-content\/uploads\/2021\/03\/0002-BALOES-SAO-ROQUE-VIVIANE-FURLAN-RONALD-MENNEL-FOTO-FILME-SP-Editar-1-1024x1024.jpg 1024w, https:\/\/baloessaoroque.com.br\/en\/wp-content\/uploads\/2021\/03\/0002-BALOES-SAO-ROQUE-VIVIANE-FURLAN-RONALD-MENNEL-FOTO-FILME-SP-Editar-1-300x300.jpg 300w, https:\/\/baloessaoroque.com.br\/en\/wp-content\/uploads\/2021\/03\/0002-BALOES-SAO-ROQUE-VIVIANE-FURLAN-RONALD-MENNEL-FOTO-FILME-SP-Editar-1-150x150.jpg 150w, https:\/\/baloessaoroque.com.br\/en\/wp-content\/uploads\/2021\/03\/0002-BALOES-SAO-ROQUE-VIVIANE-FURLAN-RONALD-MENNEL-FOTO-FILME-SP-Editar-1-768x768.jpg 768w, https:\/\/baloessaoroque.com.br\/en\/wp-content\/uploads\/2021\/03\/0002-BALOES-SAO-ROQUE-VIVIANE-FURLAN-RONALD-MENNEL-FOTO-FILME-SP-Editar-1-1536x1536.jpg 1536w, https:\/\/baloessaoroque.com.br\/en\/wp-content\/uploads\/2021\/03\/0002-BALOES-SAO-ROQUE-VIVIANE-FURLAN-RONALD-MENNEL-FOTO-FILME-SP-Editar-1-2048x2048.jpg 2048w, https:\/\/baloessaoroque.com.br\/en\/wp-content\/uploads\/2021\/03\/0002-BALOES-SAO-ROQUE-VIVIANE-FURLAN-RONALD-MENNEL-FOTO-FILME-SP-Editar-1-400x400.jpg 400w, https:\/\/baloessaoroque.com.br\/en\/wp-content\/uploads\/2021\/03\/0002-BALOES-SAO-ROQUE-VIVIANE-FURLAN-RONALD-MENNEL-FOTO-FILME-SP-Editar-1-620x620.jpg 620w, https:\/\/baloessaoroque.com.br\/en\/wp-content\/uploads\/2021\/03\/0002-BALOES-SAO-ROQUE-VIVIANE-FURLAN-RONALD-MENNEL-FOTO-FILME-SP-Editar-1-600x600.jpg 600w, https:\/\/baloessaoroque.com.br\/en\/wp-content\/uploads\/2021\/03\/0002-BALOES-SAO-ROQUE-VIVIANE-FURLAN-RONALD-MENNEL-FOTO-FILME-SP-Editar-1-100x100.jpg 100w\" sizes=\"(max-width: 1024px) 100vw, 1024px\" \/><\/a><figcaption class=\"blocks-gallery-item__caption\">Produ\u00e7\u00e3o: Viviane Furlan<\/figcaption><\/figure><\/li><\/ul><\/figure>\n\n\n\n<p>Caso ache a ideia extravagante, descontrua: utilize os bal\u00f5es de 5 polegadas, que s\u00e3o pequenininhos e monte mini arranjos com ou sem g\u00e1s h\u00e9lio.<\/p>\n\n\n\n<h3><span class=\"ez-toc-section\" id=\"Baloes_no_teto\"><\/span><strong>Bal\u00f5es no teto<\/strong><span class=\"ez-toc-section-end\"><\/span><\/h3>\n\n\n\n<p>A decora\u00e7\u00e3o com bal\u00f5es no teto cria um clima de afeto, surpresa, harmonia e intimidade. \u00c9 muito utilizada em comemora\u00e7\u00f5es como r\u00e9veillon, bodas, anivers\u00e1rio de namoro, 15 anos, dia dos namorados e \u00e9 claro, onde mais a criatividade permitir.<\/p>\n\n\n\n<div class=\"wp-block-image\"><figure class=\"aligncenter size-large is-resized\"><a href=\"https:\/\/baloessaoroque.com.br\/en\/wp-content\/uploads\/2022\/02\/IMG_6212-scaled.jpg\"><img loading=\"lazy\" src=\"https:\/\/baloessaoroque.com.br\/en\/wp-content\/uploads\/2022\/02\/IMG_6212-1024x683.jpg\" alt=\"\" class=\"wp-image-10640\" width=\"615\" height=\"410\" srcset=\"https:\/\/baloessaoroque.com.br\/en\/wp-content\/uploads\/2022\/02\/IMG_6212-1024x683.jpg 1024w, https:\/\/baloessaoroque.com.br\/en\/wp-content\/uploads\/2022\/02\/IMG_6212-300x200.jpg 300w, https:\/\/baloessaoroque.com.br\/en\/wp-content\/uploads\/2022\/02\/IMG_6212-768x512.jpg 768w, https:\/\/baloessaoroque.com.br\/en\/wp-content\/uploads\/2022\/02\/IMG_6212-1536x1024.jpg 1536w, https:\/\/baloessaoroque.com.br\/en\/wp-content\/uploads\/2022\/02\/IMG_6212-2048x1365.jpg 2048w, https:\/\/baloessaoroque.com.br\/en\/wp-content\/uploads\/2022\/02\/IMG_6212-400x267.jpg 400w, https:\/\/baloessaoroque.com.br\/en\/wp-content\/uploads\/2022\/02\/IMG_6212-620x413.jpg 620w, https:\/\/baloessaoroque.com.br\/en\/wp-content\/uploads\/2022\/02\/IMG_6212-600x400.jpg 600w\" sizes=\"(max-width: 615px) 100vw, 615px\" \/><\/a><\/figure><\/div>\n\n\n\n<p>\u00c9 o momento ideal para combinar diversas linhas de bal\u00f5es de festa, em diferentes formatos, como o de cora\u00e7\u00e3o com os perolados e muito mais que falaremos no pr\u00f3ximo t\u00f3pico.<\/p>\n\n\n\n<p><\/p>\n\n\n\n<h2><span class=\"ez-toc-section\" id=\"Misturando_linhas_de_baloes_de_festa\"><\/span><strong>Misturando linhas de bal\u00f5es de festa<\/strong><span class=\"ez-toc-section-end\"><\/span><\/h2>\n\n\n\n<p>A t\u00e9cnica dos bal\u00f5es duplos consiste em criar cores exclusivas. Isto \u00e9, voc\u00ea coloca um bal\u00e3o de uma cor dentro de outro diferente e com isso, surge uma nova tonalidade. Como o exemplo abaixo:<\/p>\n\n\n\n<p class=\"has-text-align-center\"><a href=\"https:\/\/baloessaoroque.com.br\/en\/categoria-produto\/cristal\/?_sft_pa_cor=violeta-purpura\" target=\"_blank\" rel=\"noreferrer noopener\">Violeta P\u00farpura Cristal<\/a> + <a href=\"https:\/\/baloessaoroque.com.br\/en\/categoria-produto\/metallic-ballom\/?_sft_pa_cor=prateado\" target=\"_blank\" rel=\"noreferrer noopener\">Prateado Metallic<\/a><\/p>\n\n\n\n<figure class=\"wp-block-gallery aligncenter columns-2 is-cropped\"><ul class=\"blocks-gallery-grid\"><li class=\"blocks-gallery-item\"><figure><a href=\"https:\/\/baloessaoroque.com.br\/en\/wp-content\/uploads\/2021\/03\/WhatsApp-Image-2021-09-27-at-13.35.59-4.jpeg\"><img loading=\"lazy\" width=\"766\" height=\"1024\" src=\"https:\/\/baloessaoroque.com.br\/en\/wp-content\/uploads\/2021\/03\/WhatsApp-Image-2021-09-27-at-13.35.59-4-766x1024.jpeg\" alt=\"\" data-id=\"10641\" data-full-url=\"https:\/\/baloessaoroque.com.br\/en\/wp-content\/uploads\/2021\/03\/WhatsApp-Image-2021-09-27-at-13.35.59-4.jpeg\" data-link=\"https:\/\/baloessaoroque.com.br\/en\/e-festa-entao-voce-vai-precisar-de-baloes\/whatsapp-image-2021-09-27-at-13-35-59-4\/\" class=\"wp-image-10641\" srcset=\"https:\/\/baloessaoroque.com.br\/en\/wp-content\/uploads\/2021\/03\/WhatsApp-Image-2021-09-27-at-13.35.59-4-766x1024.jpeg 766w, https:\/\/baloessaoroque.com.br\/en\/wp-content\/uploads\/2021\/03\/WhatsApp-Image-2021-09-27-at-13.35.59-4-225x300.jpeg 225w, https:\/\/baloessaoroque.com.br\/en\/wp-content\/uploads\/2021\/03\/WhatsApp-Image-2021-09-27-at-13.35.59-4-768x1026.jpeg 768w, https:\/\/baloessaoroque.com.br\/en\/wp-content\/uploads\/2021\/03\/WhatsApp-Image-2021-09-27-at-13.35.59-4-400x534.jpeg 400w, https:\/\/baloessaoroque.com.br\/en\/wp-content\/uploads\/2021\/03\/WhatsApp-Image-2021-09-27-at-13.35.59-4-620x828.jpeg 620w, https:\/\/baloessaoroque.com.br\/en\/wp-content\/uploads\/2021\/03\/WhatsApp-Image-2021-09-27-at-13.35.59-4-600x802.jpeg 600w, https:\/\/baloessaoroque.com.br\/en\/wp-content\/uploads\/2021\/03\/WhatsApp-Image-2021-09-27-at-13.35.59-4.jpeg 958w\" sizes=\"(max-width: 766px) 100vw, 766px\" \/><\/a><\/figure><\/li><li class=\"blocks-gallery-item\"><figure><a href=\"https:\/\/baloessaoroque.com.br\/en\/wp-content\/uploads\/2021\/03\/WhatsApp-Image-2021-09-27-at-13.36.00-1.jpeg\"><img loading=\"lazy\" width=\"766\" height=\"1024\" src=\"https:\/\/baloessaoroque.com.br\/en\/wp-content\/uploads\/2021\/03\/WhatsApp-Image-2021-09-27-at-13.36.00-1-766x1024.jpeg\" alt=\"\" data-id=\"10642\" data-full-url=\"https:\/\/baloessaoroque.com.br\/en\/wp-content\/uploads\/2021\/03\/WhatsApp-Image-2021-09-27-at-13.36.00-1.jpeg\" data-link=\"https:\/\/baloessaoroque.com.br\/en\/e-festa-entao-voce-vai-precisar-de-baloes\/whatsapp-image-2021-09-27-at-13-36-00-1\/\" class=\"wp-image-10642\" srcset=\"https:\/\/baloessaoroque.com.br\/en\/wp-content\/uploads\/2021\/03\/WhatsApp-Image-2021-09-27-at-13.36.00-1-766x1024.jpeg 766w, https:\/\/baloessaoroque.com.br\/en\/wp-content\/uploads\/2021\/03\/WhatsApp-Image-2021-09-27-at-13.36.00-1-225x300.jpeg 225w, https:\/\/baloessaoroque.com.br\/en\/wp-content\/uploads\/2021\/03\/WhatsApp-Image-2021-09-27-at-13.36.00-1-768x1026.jpeg 768w, https:\/\/baloessaoroque.com.br\/en\/wp-content\/uploads\/2021\/03\/WhatsApp-Image-2021-09-27-at-13.36.00-1-400x534.jpeg 400w, https:\/\/baloessaoroque.com.br\/en\/wp-content\/uploads\/2021\/03\/WhatsApp-Image-2021-09-27-at-13.36.00-1-620x828.jpeg 620w, https:\/\/baloessaoroque.com.br\/en\/wp-content\/uploads\/2021\/03\/WhatsApp-Image-2021-09-27-at-13.36.00-1-600x802.jpeg 600w, https:\/\/baloessaoroque.com.br\/en\/wp-content\/uploads\/2021\/03\/WhatsApp-Image-2021-09-27-at-13.36.00-1.jpeg 958w\" sizes=\"(max-width: 766px) 100vw, 766px\" \/><\/a><\/figure><\/li><\/ul><\/figure>\n\n\n\n<p>Voc\u00ea pode ver como colocar em pr\u00e1tica neste <a href=\"https:\/\/www.instagram.com\/p\/CZKWT5NlUSU\/\" target=\"_blank\" rel=\"noreferrer noopener\">v\u00eddeo aqui<\/a>.<\/p>\n\n\n\n<h2><span class=\"ez-toc-section\" id=\"Gas_helio_para_encher_baloes_de_festa_seguranca_em_primeiro_lugar\"><\/span><strong>G\u00e1s h\u00e9lio para encher bal\u00f5es de festa: seguran\u00e7a em primeiro lugar<\/strong><span class=\"ez-toc-section-end\"><\/span><\/h2>\n\n\n\n<p>Para que os bal\u00f5es fiquem suspensos no ar, voc\u00ea deve saber que devem ser inflados com o g\u00e1s h\u00e9lio, certo? O material nobre \u00e9 seguro, inofensivo e inerte, ou seja, n\u00e3o apresenta nenhuma rea\u00e7\u00e3o qu\u00edmica, n\u00e3o \u00e9 t\u00f3xico, n\u00e3o tem cor e nem cheiro.<\/p>\n\n\n\n<p>Entretanto, \u00e9 de extrema import\u00e2ncia analisar a proced\u00eancia e fornecedor do g\u00e1s h\u00e9lio. Dessa forma, alugue o cilindro de uma empresa confi\u00e1vel. Pense consciente e evite poss\u00edveis transtornos para voc\u00ea e seus convidados!<\/p>\n\n\n\n<h2><span class=\"ez-toc-section\" id=\"Escolha_uma_marca_responsavel_e_atualizada\"><\/span><strong>Escolha uma marca respons\u00e1vel e atualizada<\/strong><span class=\"ez-toc-section-end\"><\/span><\/h2>\n\n\n\n<p>Contar com uma marca de bal\u00f5es de festa reconhecida no mercado far\u00e1 voc\u00ea alcan\u00e7ar um resultado singular em sua decora\u00e7\u00e3o.<\/p>\n\n\n\n<p>Em 68 anos de hist\u00f3ria, a <a href=\"https:\/\/baloessaoroque.com.br\/en\/\" target=\"_blank\" rel=\"noreferrer noopener\">Bal\u00f5es S\u00e3o Roque<\/a> se reinventa diariamente para que voc\u00ea tenha a melhor experi\u00eancia com bal\u00f5es. Prezamos sempre pela inova\u00e7\u00e3o e qualidade de nossos produtos. Prova disso \u00e9 que voc\u00ea pode encontrar nossos bal\u00f5es pertinho de voc\u00ea, em lojas de artigos de festas, armarinhos, atacados de festas, etc. Estamos presentes em mais de 8 mil pontos de venda espalhados por todo o Brasil. Contudo, tamb\u00e9m \u00e9 poss\u00edvel adquirir nossos bal\u00f5es de festa atrav\u00e9s das plataformas de Marketplace: <a href=\"https:\/\/www.submarino.com.br\/busca\/baloes-sao-roque?chave_search=acterm\" target=\"_blank\" rel=\"noreferrer noopener\">Submarino<\/a>, <a href=\"https:\/\/www.shoptime.com.br\/busca\/baloes-sao-roque?rc=bal%C3%B5es+s%C3%A3o+roque\" target=\"_blank\" rel=\"noreferrer noopener\">Shoptime<\/a> e <a href=\"https:\/\/www.americanas.com.br\/busca\/baloes-sao-roque\" target=\"_blank\" rel=\"noreferrer noopener\">Americanas<\/a> \u2013 acesse os sites e boas compras!<\/p>\n\n\n\n<figure class=\"wp-block-pullquote\"><blockquote><p><a href=\"https:\/\/baloessaoroque.com.br\/en\/5-motivos-para-voce-escolher-a-baloes-sao-roque\/\" target=\"_blank\" rel=\"noreferrer noopener\">CONFIRA 5 MOTIVOS PARA VOC\u00ca ESCOLHER A BAL\u00d5ES S\u00c3O ROQUE<\/a><\/p><\/blockquote><\/figure>\n\n\n\n<p>Continue acompanhando nossos canais digitais: <a href=\"https:\/\/fb.com\/Baloes.SR\" target=\"_blank\" rel=\"noreferrer noopener\">Facebook<\/a>, <a href=\"https:\/\/instagram.com\/baloes.saoroque\" target=\"_blank\" rel=\"noreferrer noopener\">Instagram<\/a>, <a href=\"https:\/\/br.pinterest.com\/baloessaoroque\/_saved\/\" target=\"_blank\" rel=\"noreferrer noopener\">Pinterest<\/a> e <a href=\"https:\/\/www.youtube.com\/channel\/UCu2txLVCYP14NhJcRq57WEQ\" target=\"_blank\" rel=\"noreferrer noopener\">YouTube<\/a> para ficar sempre por dentro de conte\u00fados e dicas que sem d\u00favidas, enriquecer\u00e3o ainda mais a sua experi\u00eancia com bal\u00f5es e decora\u00e7\u00f5es tem\u00e1ticas!<\/p>\n","protected":false},"excerpt":{"rendered":"<p>Sum&aacute;rio Bal\u00f5es de festa para sair do comum1 \u2013 Linha Perolado2 &#8211; Linha Metallic3 &#8211; Bal\u00f5es de festa Neon4 &#8211; [&hellip;]<\/p>\n","protected":false},"author":1,"featured_media":4913,"comment_status":"open","ping_status":"open","sticky":false,"template":"","format":"standard","meta":[],"categories":[22,746],"tags":[850,777,852,778,851],"yoast_head":"<!-- This site is optimized with the Yoast SEO plugin v18.4.1 - https:\/\/yoast.com\/wordpress\/plugins\/seo\/ -->\n<title>Planejando um evento? Ent\u00e3o voc\u00ea precisa de bal\u00f5es de festa<\/title>\n<meta name=\"description\" content=\"Independente do evento, comemora\u00e7\u00e3o \u00e9 sin\u00f4nimo de decora\u00e7\u00e3o com bal\u00f5es de festa! Neste blog, separamos os bal\u00f5es que est\u00e3o em alta e que fa...\" \/>\n<meta name=\"robots\" content=\"index, follow, max-snippet:-1, max-image-preview:large, max-video-preview:-1\" \/>\n<link rel=\"canonical\" href=\"https:\/\/baloessaoroque.com.br\/en\/blog-e-festa-entao-voce-vai-precisar-de-baloes\/\" \/>\n<meta property=\"og:locale\" content=\"pt_BR\" \/>\n<meta property=\"og:type\" content=\"article\" \/>\n<meta property=\"og:title\" content=\"Planejando um evento? Ent\u00e3o voc\u00ea precisa de bal\u00f5es de festa\" \/>\n<meta property=\"og:description\" content=\"Independente do evento, comemora\u00e7\u00e3o \u00e9 sin\u00f4nimo de decora\u00e7\u00e3o com bal\u00f5es de festa! Neste blog, separamos os bal\u00f5es que est\u00e3o em alta e que fa...\" \/>\n<meta property=\"og:url\" content=\"https:\/\/baloessaoroque.com.br\/en\/blog-e-festa-entao-voce-vai-precisar-de-baloes\/\" \/>\n<meta property=\"og:site_name\" content=\"Bal\u00f5es S\u00e3o Roque\" \/>\n<meta property=\"article:published_time\" content=\"2021-03-09T19:52:39+00:00\" \/>\n<meta property=\"article:modified_time\" content=\"2022-02-04T15:53:33+00:00\" \/>\n<meta property=\"og:image\" content=\"https:\/\/baloessaoroque.com.br\/en\/wp-content\/uploads\/2021\/03\/ST_BLOG-2_0903_E-FESTA_1140x500.jpg\" \/>\n\t<meta property=\"og:image:width\" content=\"1140\" \/>\n\t<meta property=\"og:image:height\" content=\"500\" \/>\n\t<meta property=\"og:image:type\" content=\"image\/jpeg\" \/>\n<meta name=\"twitter:card\" content=\"summary_large_image\" \/>\n<meta name=\"twitter:label1\" content=\"Escrito por\" \/>\n\t<meta name=\"twitter:data1\" content=\"kite\" \/>\n\t<meta name=\"twitter:label2\" content=\"Est. tempo de leitura\" \/>\n\t<meta name=\"twitter:data2\" content=\"8 minutos\" \/>\n<script type=\"application\/ld+json\" class=\"yoast-schema-graph\">{\"@context\":\"https:\/\/schema.org\",\"@graph\":[{\"@type\":\"WebSite\",\"@id\":\"https:\/\/baloessaoroque.com.br\/en\/#website\",\"url\":\"https:\/\/baloessaoroque.com.br\/en\/\",\"name\":\"Bal\u00f5es S\u00e3o Roque\",\"description\":\"Sua vida cheia de festa!\",\"potentialAction\":[{\"@type\":\"SearchAction\",\"target\":{\"@type\":\"EntryPoint\",\"urlTemplate\":\"https:\/\/baloessaoroque.com.br\/en\/?s={search_term_string}\"},\"query-input\":\"required name=search_term_string\"}],\"inLanguage\":\"pt-BR\"},{\"@type\":\"ImageObject\",\"@id\":\"https:\/\/baloessaoroque.com.br\/en\/blog-e-festa-entao-voce-vai-precisar-de-baloes\/#primaryimage\",\"inLanguage\":\"pt-BR\",\"url\":\"https:\/\/baloessaoroque.com.br\/en\/wp-content\/uploads\/2021\/03\/ST_BLOG-2_0903_E-FESTA_1140x500.jpg\",\"contentUrl\":\"https:\/\/baloessaoroque.com.br\/en\/wp-content\/uploads\/2021\/03\/ST_BLOG-2_0903_E-FESTA_1140x500.jpg\",\"width\":1140,\"height\":500},{\"@type\":\"WebPage\",\"@id\":\"https:\/\/baloessaoroque.com.br\/en\/blog-e-festa-entao-voce-vai-precisar-de-baloes\/#webpage\",\"url\":\"https:\/\/baloessaoroque.com.br\/en\/blog-e-festa-entao-voce-vai-precisar-de-baloes\/\",\"name\":\"Planejando um evento? Ent\u00e3o voc\u00ea precisa de bal\u00f5es de festa\",\"isPartOf\":{\"@id\":\"https:\/\/baloessaoroque.com.br\/en\/#website\"},\"primaryImageOfPage\":{\"@id\":\"https:\/\/baloessaoroque.com.br\/en\/blog-e-festa-entao-voce-vai-precisar-de-baloes\/#primaryimage\"},\"datePublished\":\"2021-03-09T19:52:39+00:00\",\"dateModified\":\"2022-02-04T15:53:33+00:00\",\"author\":{\"@id\":\"https:\/\/baloessaoroque.com.br\/en\/#\/schema\/person\/edf0c3d7f7d83c04c03736a851ef3c87\"},\"description\":\"Independente do evento, comemora\u00e7\u00e3o \u00e9 sin\u00f4nimo de decora\u00e7\u00e3o com bal\u00f5es de festa! Neste blog, separamos os bal\u00f5es que est\u00e3o em alta e que fa...\",\"breadcrumb\":{\"@id\":\"https:\/\/baloessaoroque.com.br\/en\/blog-e-festa-entao-voce-vai-precisar-de-baloes\/#breadcrumb\"},\"inLanguage\":\"pt-BR\",\"potentialAction\":[{\"@type\":\"ReadAction\",\"target\":[\"https:\/\/baloessaoroque.com.br\/en\/blog-e-festa-entao-voce-vai-precisar-de-baloes\/\"]}]},{\"@type\":\"BreadcrumbList\",\"@id\":\"https:\/\/baloessaoroque.com.br\/en\/blog-e-festa-entao-voce-vai-precisar-de-baloes\/#breadcrumb\",\"itemListElement\":[{\"@type\":\"ListItem\",\"position\":1,\"name\":\"In\u00edcio\",\"item\":\"https:\/\/baloessaoroque.com.br\/en\/\"},{\"@type\":\"ListItem\",\"position\":2,\"name\":\"Planejando um evento? Ent\u00e3o voc\u00ea precisa de bal\u00f5es de festa\"}]},{\"@type\":\"Person\",\"@id\":\"https:\/\/baloessaoroque.com.br\/en\/#\/schema\/person\/edf0c3d7f7d83c04c03736a851ef3c87\",\"name\":\"kite\",\"image\":{\"@type\":\"ImageObject\",\"@id\":\"https:\/\/baloessaoroque.com.br\/en\/#personlogo\",\"inLanguage\":\"pt-BR\",\"url\":\"https:\/\/secure.gravatar.com\/avatar\/bd19e5c9ad72206ec767e851cc016426?s=96&d=mm&r=g\",\"contentUrl\":\"https:\/\/secure.gravatar.com\/avatar\/bd19e5c9ad72206ec767e851cc016426?s=96&d=mm&r=g\",\"caption\":\"kite\"},\"sameAs\":[\"https:\/\/baloessaoroque.com.br\/en\"],\"url\":\"https:\/\/baloessaoroque.com.br\/en\/author\/kite\/\"}]}<\/script>\n<!-- \/ Yoast SEO plugin. -->","yoast_head_json":{"title":"Planejando um evento? Ent\u00e3o voc\u00ea precisa de bal\u00f5es de festa","description":"Independente do evento, comemora\u00e7\u00e3o \u00e9 sin\u00f4nimo de decora\u00e7\u00e3o com bal\u00f5es de festa! Neste blog, separamos os bal\u00f5es que est\u00e3o em alta e que fa...","robots":{"index":"index","follow":"follow","max-snippet":"max-snippet:-1","max-image-preview":"max-image-preview:large","max-video-preview":"max-video-preview:-1"},"canonical":"https:\/\/baloessaoroque.com.br\/en\/blog-e-festa-entao-voce-vai-precisar-de-baloes\/","og_locale":"pt_BR","og_type":"article","og_title":"Planejando um evento? Ent\u00e3o voc\u00ea precisa de bal\u00f5es de festa","og_description":"Independente do evento, comemora\u00e7\u00e3o \u00e9 sin\u00f4nimo de decora\u00e7\u00e3o com bal\u00f5es de festa! Neste blog, separamos os bal\u00f5es que est\u00e3o em alta e que fa...","og_url":"https:\/\/baloessaoroque.com.br\/en\/blog-e-festa-entao-voce-vai-precisar-de-baloes\/","og_site_name":"Bal\u00f5es S\u00e3o Roque","article_published_time":"2021-03-09T19:52:39+00:00","article_modified_time":"2022-02-04T15:53:33+00:00","og_image":[{"width":1140,"height":500,"url":"https:\/\/baloessaoroque.com.br\/en\/wp-content\/uploads\/2021\/03\/ST_BLOG-2_0903_E-FESTA_1140x500.jpg","type":"image\/jpeg"}],"twitter_card":"summary_large_image","twitter_misc":{"Escrito por":"kite","Est. tempo de leitura":"8 minutos"},"schema":{"@context":"https:\/\/schema.org","@graph":[{"@type":"WebSite","@id":"https:\/\/baloessaoroque.com.br\/en\/#website","url":"https:\/\/baloessaoroque.com.br\/en\/","name":"Bal\u00f5es S\u00e3o Roque","description":"Sua vida cheia de festa!","potentialAction":[{"@type":"SearchAction","target":{"@type":"EntryPoint","urlTemplate":"https:\/\/baloessaoroque.com.br\/en\/?s={search_term_string}"},"query-input":"required name=search_term_string"}],"inLanguage":"pt-BR"},{"@type":"ImageObject","@id":"https:\/\/baloessaoroque.com.br\/en\/blog-e-festa-entao-voce-vai-precisar-de-baloes\/#primaryimage","inLanguage":"pt-BR","url":"https:\/\/baloessaoroque.com.br\/en\/wp-content\/uploads\/2021\/03\/ST_BLOG-2_0903_E-FESTA_1140x500.jpg","contentUrl":"https:\/\/baloessaoroque.com.br\/en\/wp-content\/uploads\/2021\/03\/ST_BLOG-2_0903_E-FESTA_1140x500.jpg","width":1140,"height":500},{"@type":"WebPage","@id":"https:\/\/baloessaoroque.com.br\/en\/blog-e-festa-entao-voce-vai-precisar-de-baloes\/#webpage","url":"https:\/\/baloessaoroque.com.br\/en\/blog-e-festa-entao-voce-vai-precisar-de-baloes\/","name":"Planejando um evento? Ent\u00e3o voc\u00ea precisa de bal\u00f5es de festa","isPartOf":{"@id":"https:\/\/baloessaoroque.com.br\/en\/#website"},"primaryImageOfPage":{"@id":"https:\/\/baloessaoroque.com.br\/en\/blog-e-festa-entao-voce-vai-precisar-de-baloes\/#primaryimage"},"datePublished":"2021-03-09T19:52:39+00:00","dateModified":"2022-02-04T15:53:33+00:00","author":{"@id":"https:\/\/baloessaoroque.com.br\/en\/#\/schema\/person\/edf0c3d7f7d83c04c03736a851ef3c87"},"description":"Independente do evento, comemora\u00e7\u00e3o \u00e9 sin\u00f4nimo de decora\u00e7\u00e3o com bal\u00f5es de festa! Neste blog, separamos os bal\u00f5es que est\u00e3o em alta e que fa...","breadcrumb":{"@id":"https:\/\/baloessaoroque.com.br\/en\/blog-e-festa-entao-voce-vai-precisar-de-baloes\/#breadcrumb"},"inLanguage":"pt-BR","potentialAction":[{"@type":"ReadAction","target":["https:\/\/baloessaoroque.com.br\/en\/blog-e-festa-entao-voce-vai-precisar-de-baloes\/"]}]},{"@type":"BreadcrumbList","@id":"https:\/\/baloessaoroque.com.br\/en\/blog-e-festa-entao-voce-vai-precisar-de-baloes\/#breadcrumb","itemListElement":[{"@type":"ListItem","position":1,"name":"In\u00edcio","item":"https:\/\/baloessaoroque.com.br\/en\/"},{"@type":"ListItem","position":2,"name":"Planejando um evento? Ent\u00e3o voc\u00ea precisa de bal\u00f5es de festa"}]},{"@type":"Person","@id":"https:\/\/baloessaoroque.com.br\/en\/#\/schema\/person\/edf0c3d7f7d83c04c03736a851ef3c87","name":"kite","image":{"@type":"ImageObject","@id":"https:\/\/baloessaoroque.com.br\/en\/#personlogo","inLanguage":"pt-BR","url":"https:\/\/secure.gravatar.com\/avatar\/bd19e5c9ad72206ec767e851cc016426?s=96&d=mm&r=g","contentUrl":"https:\/\/secure.gravatar.com\/avatar\/bd19e5c9ad72206ec767e851cc016426?s=96&d=mm&r=g","caption":"kite"},"sameAs":["https:\/\/baloessaoroque.com.br\/en"],"url":"https:\/\/baloessaoroque.com.br\/en\/author\/kite\/"}]}},"_links":{"self":[{"href":"https:\/\/baloessaoroque.com.br\/en\/wp-json\/wp\/v2\/posts\/4910"}],"collection":[{"href":"https:\/\/baloessaoroque.com.br\/en\/wp-json\/wp\/v2\/posts"}],"about":[{"href":"https:\/\/baloessaoroque.com.br\/en\/wp-json\/wp\/v2\/types\/post"}],"author":[{"embeddable":true,"href":"https:\/\/baloessaoroque.com.br\/en\/wp-json\/wp\/v2\/users\/1"}],"replies":[{"embeddable":true,"href":"https:\/\/baloessaoroque.com.br\/en\/wp-json\/wp\/v2\/comments?post=4910"}],"version-history":[{"count":3,"href":"https:\/\/baloessaoroque.com.br\/en\/wp-json\/wp\/v2\/posts\/4910\/revisions"}],"predecessor-version":[{"id":10646,"href":"https:\/\/baloessaoroque.com.br\/en\/wp-json\/wp\/v2\/posts\/4910\/revisions\/10646"}],"wp:featuredmedia":[{"embeddable":true,"href":"https:\/\/baloessaoroque.com.br\/en\/wp-json\/wp\/v2\/media\/4913"}],"wp:attachment":[{"href":"https:\/\/baloessaoroque.com.br\/en\/wp-json\/wp\/v2\/media?parent=4910"}],"wp:term":[{"taxonomy":"category","embeddable":true,"href":"https:\/\/baloessaoroque.com.br\/en\/wp-json\/wp\/v2\/categories?post=4910"},{"taxonomy":"post_tag","embeddable":true,"href":"https:\/\/baloessaoroque.com.br\/en\/wp-json\/wp\/v2\/tags?post=4910"}],"curies":[{"name":"wp","href":"https:\/\/api.w.org\/{rel}","templated":true}]}}