{"id":5774,"date":"2021-05-24T16:06:24","date_gmt":"2021-05-24T19:06:24","guid":{"rendered":"https:\/\/baloessaoroque.com.br\/en\/?p=5774"},"modified":"2022-01-06T17:03:31","modified_gmt":"2022-01-06T20:03:31","slug":"blog-tendencias-baloes-personalizados","status":"publish","type":"post","link":"https:\/\/baloessaoroque.com.br\/en\/blog-tendencias-baloes-personalizados\/","title":{"rendered":"5 tend\u00eancias de Bal\u00f5es Personalizados para festas"},"content":{"rendered":"<div id=\"ez-toc-container\" class=\"ez-toc-v2_0_18 counter-hierarchy counter-decimal\">\n<div class=\"ez-toc-title-container\">\n<p class=\"ez-toc-title\">Sum&aacute;rio<\/p>\n<span class=\"ez-toc-title-toggle\"><a class=\"ez-toc-pull-right ez-toc-btn ez-toc-btn-xs ez-toc-btn-default ez-toc-toggle\" style=\"display: none;\"><i class=\"ez-toc-glyphicon ez-toc-icon-toggle\"><\/i><\/a><\/span><\/div>\n<nav><ul class=\"ez-toc-list ez-toc-list-level-1\"><li class=\"ez-toc-page-1 ez-toc-heading-level-2\"><a class=\"ez-toc-link ez-toc-heading-1\" href=\"https:\/\/baloessaoroque.com.br\/en\/blog-tendencias-baloes-personalizados\/#1_-_Baloes_personalizados_com_confetes\" title=\"1 \u2013 Bal\u00f5es personalizados com confetes\">1 \u2013 Bal\u00f5es personalizados com confetes<\/a><ul class=\"ez-toc-list-level-3\"><li class=\"ez-toc-heading-level-3\"><a class=\"ez-toc-link ez-toc-heading-2\" href=\"https:\/\/baloessaoroque.com.br\/en\/blog-tendencias-baloes-personalizados\/#2_-_Personalizacao_com_adesivos\" title=\"2 \u2013 Personaliza\u00e7\u00e3o com adesivos\">2 \u2013 Personaliza\u00e7\u00e3o com adesivos<\/a><ul class=\"ez-toc-list-level-4\"><li class=\"ez-toc-heading-level-4\"><a class=\"ez-toc-link ez-toc-heading-3\" href=\"https:\/\/baloessaoroque.com.br\/en\/blog-tendencias-baloes-personalizados\/#Tutorial\" title=\"Tutorial:\">Tutorial:<\/a><\/li><\/ul><\/li><li class=\"ez-toc-page-1 ez-toc-heading-level-3\"><a class=\"ez-toc-link ez-toc-heading-4\" href=\"https:\/\/baloessaoroque.com.br\/en\/blog-tendencias-baloes-personalizados\/#3_-_Lettering_em_Baloes\" title=\"3 \u2013 Lettering em Bal\u00f5es\">3 \u2013 Lettering em Bal\u00f5es<\/a><\/li><li class=\"ez-toc-page-1 ez-toc-heading-level-3\"><a class=\"ez-toc-link ez-toc-heading-5\" href=\"https:\/\/baloessaoroque.com.br\/en\/blog-tendencias-baloes-personalizados\/#4_-_Baloes_dentro_de_outro\" title=\"4 \u2013 Bal\u00f5es dentro de outro\">4 \u2013 Bal\u00f5es dentro de outro<\/a><\/li><li class=\"ez-toc-page-1 ez-toc-heading-level-3\"><a class=\"ez-toc-link ez-toc-heading-6\" href=\"https:\/\/baloessaoroque.com.br\/en\/blog-tendencias-baloes-personalizados\/#5_-_Tule\" title=\"5 \u2013 Tule\">5 \u2013 Tule<\/a><\/li><\/ul><\/li><li class=\"ez-toc-page-1 ez-toc-heading-level-2\"><a class=\"ez-toc-link ez-toc-heading-7\" href=\"https:\/\/baloessaoroque.com.br\/en\/blog-tendencias-baloes-personalizados\/#Baloes_personalizados_precisa_ser_com_produtos_de_qualidade\" title=\"Bal\u00f5es personalizados precisa ser com produtos de qualidade\">Bal\u00f5es personalizados precisa ser com produtos de qualidade<\/a><\/li><\/ul><\/nav><\/div>\n\n<p>N\u00e3o importa o tema da celebra\u00e7\u00e3o, bal\u00f5es transformam o visual de qualquer decora\u00e7\u00e3o e encantam crian\u00e7as e adultos. Mas, se voc\u00ea busca por produtos exclusivos, a grande aposta do momento s\u00e3o os Bal\u00f5es Personalizados, que como o pr\u00f3prio nome diz, s\u00e3o feitos \u201csob encomenda\u201d.<\/p>\n\n\n\n<div style=\"height:37px\" aria-hidden=\"true\" class=\"wp-block-spacer\"><\/div>\n\n\n\n<p>Eles chegam com a proposta de tornar as datas comemorativas mais afetivas e \u00fanicas, pois toda a personaliza\u00e7\u00e3o \u00e9 feita de acordo com a prefer\u00eancia do dono da celebra\u00e7\u00e3o. S\u00e3o diversas op\u00e7\u00f5es que atendem a todos os gostos. Voc\u00ea pode personalizar com o seu nome, a sua idade, uma frase que goste e muitas outras op\u00e7\u00f5es que apresentaremos ao longo deste artigo.<\/p>\n\n\n\n<div style=\"height:37px\" aria-hidden=\"true\" class=\"wp-block-spacer\"><\/div>\n\n\n\n<p>Os bal\u00f5es personalizados ca\u00edram no gosto dos apaixonados por festas h\u00e1 um tempo, mas, com as restri\u00e7\u00f5es de aglomera\u00e7\u00e3o durante a pandemia, a busca aumentou ainda mais e ganhou destaque.<\/p>\n\n\n\n<div style=\"height:37px\" aria-hidden=\"true\" class=\"wp-block-spacer\"><\/div>\n\n\n\n<p>Esses produtos se tornaram uma \u00f3tima op\u00e7\u00e3o para presentear aqueles entes e amigos queridos, j\u00e1 que n\u00e3o poder\u00edamos estar juntos. Com isso, muitas lojas, atacados de artigos de festas e decoradores se adaptaram para o formato \u201ctakeway\u201d ou \u201cdelivery de bal\u00f5es\u201d, entregando buqu\u00eas personalizados conforme gosto do cliente. Muitas, inclusive, adaptaram seus espa\u00e7os criando um modelo de \u201cesta\u00e7\u00e3o de bal\u00f5es\u201d, onde atendem esta demanda de forma mais eficiente.<\/p>\n\n\n\n<div style=\"height:37px\" aria-hidden=\"true\" class=\"wp-block-spacer\"><\/div>\n\n\n\n<p>Esse formato de entrega de bal\u00f5es personalizados j\u00e1 era conhecido no universo de bal\u00f5es, mas, ganhou notoriedade nos \u00faltimos meses, mantendo, portanto, o mercado de festas aquecido.<\/p>\n\n\n\n<div style=\"height:37px\" aria-hidden=\"true\" class=\"wp-block-spacer\"><\/div>\n\n\n\n<p>Houve procura para diversas celebra\u00e7\u00f5es como P\u00e1scoa, anivers\u00e1rios, charreatas &#8211; comemora\u00e7\u00f5es de ch\u00e1s de beb\u00ea ou de cozinha dentro de carros para manter distanciamento social- dia das m\u00e3es, bodas de casamento e entre outras celebra\u00e7\u00f5es.<\/p>\n\n\n\n<div style=\"height:37px\" aria-hidden=\"true\" class=\"wp-block-spacer\"><\/div>\n\n\n\n<p>Bom, agora que voc\u00ea sabe que os Bal\u00f5es Personalizados s\u00e3o um sucesso no mundo das decora\u00e7\u00f5es e vieram para ficar, confira 5 tend\u00eancias que deixar\u00e3o sua festa ainda mais incr\u00edvel e \u00fanica:<\/p>\n\n\n\n<h2><span class=\"ez-toc-section\" id=\"1_-_Baloes_personalizados_com_confetes\"><\/span><strong>1 \u2013 Bal\u00f5es personalizados com confetes<\/strong><span class=\"ez-toc-section-end\"><\/span><\/h2>\n\n\n\n<p>Os confetes s\u00e3o, sem d\u00favidas, uma das personaliza\u00e7\u00f5es de bal\u00f5es mais procuradas atualmente. \u00c9 f\u00e1cil de fazer, com baixo custo e o mercado de festas ainda oferece op\u00e7\u00f5es de confetes para todos os gostos.<\/p>\n\n\n\n<div style=\"height:37px\" aria-hidden=\"true\" class=\"wp-block-spacer\"><\/div>\n\n\n\n<p>Existem confetes em formatos redondos, quadrados, cora\u00e7\u00f5es, estrelas e em diversos tamanhos e cores, inclusive hologr\u00e1ficos.<\/p>\n\n\n\n<div style=\"height:37px\" aria-hidden=\"true\" class=\"wp-block-spacer\"><\/div>\n\n\n\n<p>Os materiais mais procurados s\u00e3o os metalizados brilhantes e os de seda com acabamento fosco que tamb\u00e9m garantem um lindo visual.<\/p>\n\n\n\n<div style=\"height:37px\" aria-hidden=\"true\" class=\"wp-block-spacer\"><\/div>\n\n\n\n<p>Para os mais adeptos \u00e0 sustentabilidade, existe um jeito de elaborar o pr\u00f3prio confete de maneira simples e sem gastar nada, utilizando apenas folhas secas. Basta apanhar folhas e p\u00e9talas secas que ca\u00edram no ch\u00e3o e usar um furador de papel ou tesoura para produzir seus confetes. Caso as folhas n\u00e3o estejam secas o suficiente, deixe-as desidratarem no sol, mas em hip\u00f3tese alguma arranque-as, pegue somente as que ca\u00edram.<\/p>\n\n\n\n<div style=\"height:37px\" aria-hidden=\"true\" class=\"wp-block-spacer\"><\/div>\n\n\n\n<p>Uma d\u00favida muito comum sobre os <a href=\"https:\/\/baloessaoroque.com.br\/en\/produtos\/?_sf_s=confetti\" target=\"_blank\" rel=\"noreferrer noopener\">bal\u00f5es personalizados com confetes <\/a>\u00e9 justamente como fazer o material \u201cgrudar\u201d e se espalhar nos bal\u00f5es. Portanto, daremos uma dica de ouro! <\/p>\n\n\n\n<div style=\"height:37px\" aria-hidden=\"true\" class=\"wp-block-spacer\"><\/div>\n\n\n\n<p>Uma t\u00e9cnica muito utilizada \u00e9 esfregar o bal\u00e3o j\u00e1 com confete dentro \u00e0 uma pe\u00e7a de roupa, uma flanela ou at\u00e9 mesmo no cabelo. Estranho n\u00e9? Mas isso gera uma eletricidade est\u00e1tica que far\u00e1 com que os confetes fiquem bem espalhados e por toda \u201cparede\u201d do bal\u00e3o, causando um efeito visual encantador. Um dos modelos de bal\u00f5es mais procurados para fazer essa personaliza\u00e7\u00e3o s\u00e3o os transparentes, pois garantem uma visibilidade melhor do efeito. <\/p>\n\n\n\n<div style=\"height:37px\" aria-hidden=\"true\" class=\"wp-block-spacer\"><\/div>\n\n\n\n<p>Existem diversas op\u00e7\u00f5es de tamanho desse produto no mercado, ficando \u00e0 sua escolha qual personalizar\u00e1. Por exemplo, o de 5 polegadas personalizado \u00e9 muito utilizado para decorar bolos como topo de bolo ou \u201ctop cakes\u201d, j\u00e1 o de 11 polegadas personalizado \u00e9 usado para compor um Arranjo de bal\u00f5es, por exemplo.<\/p>\n\n\n\n<figure class=\"wp-block-image size-large is-resized\"><a href=\"https:\/\/baloessaoroque.com.br\/en\/wp-content\/uploads\/2021\/05\/a77c4f92fdd810cf7d441113f7164e8a.jpg\"><img loading=\"lazy\" src=\"https:\/\/baloessaoroque.com.br\/en\/wp-content\/uploads\/2021\/05\/a77c4f92fdd810cf7d441113f7164e8a.jpg\" alt=\"5 tend\u00eancias de bal\u00f5es personalizados\" class=\"wp-image-5778\" width=\"442\" height=\"512\" srcset=\"https:\/\/baloessaoroque.com.br\/en\/wp-content\/uploads\/2021\/05\/a77c4f92fdd810cf7d441113f7164e8a.jpg 563w, https:\/\/baloessaoroque.com.br\/en\/wp-content\/uploads\/2021\/05\/a77c4f92fdd810cf7d441113f7164e8a-259x300.jpg 259w, https:\/\/baloessaoroque.com.br\/en\/wp-content\/uploads\/2021\/05\/a77c4f92fdd810cf7d441113f7164e8a-400x463.jpg 400w\" sizes=\"(max-width: 442px) 100vw, 442px\" \/><\/a><\/figure>\n\n\n\n<h3><span class=\"ez-toc-section\" id=\"2_-_Personalizacao_com_adesivos\"><\/span><strong>2 \u2013 Personaliza\u00e7\u00e3o com adesivos<\/strong><span class=\"ez-toc-section-end\"><\/span><\/h3>\n\n\n\n<p>Outra ideia criativa para bal\u00f5es personalizados \u00e9 utilizar adesivos customizados com nomes, frases, idades e diversos outros desenhos.<\/p>\n\n\n\n<div style=\"height:37px\" aria-hidden=\"true\" class=\"wp-block-spacer\"><\/div>\n\n\n\n<p><strong>Existem duas principais maneiras de fazer isso:<\/strong><\/p>\n\n\n\n<p>A primeira \u00e9 utilizando impressoras de corte de papel vinil, modo mais sofisticado e indicado principalmente para as pessoas que querem investir na profissionaliza\u00e7\u00e3o nessa \u00e1rea de personaliza\u00e7\u00e3o de bal\u00f5es. A fun\u00e7\u00e3o dessa ferramenta \u00e9 cortar o papel vinil para formar o adesivo.<\/p>\n\n\n\n<div style=\"height:37px\" aria-hidden=\"true\" class=\"wp-block-spacer\"><\/div>\n\n\n\n<p>A segunda forma \u00e9 utilizando papel contact e\/ou uma outra forma \u00e9 utilizando o pr\u00f3prio papel vinil. A diferen\u00e7a destas duas formas para a primeira \u00e9 que, nas duas \u00faltimas o recorte do adesivo \u00e9 feito 100% manualmente. S\u00e3o op\u00e7\u00f5es indicadas para quem n\u00e3o tem impressora em casa e n\u00e3o pretende investir em uma m\u00e1quina de recorte profissional. Ficou curioso como funciona? Ent\u00e3o, agora n\u00f3s vamos te ensinar o passo a passo para voc\u00ea come\u00e7ar agora personalizar seus bal\u00f5es!<\/p>\n\n\n\n<div style=\"height:37px\" aria-hidden=\"true\" class=\"wp-block-spacer\"><\/div>\n\n\n\n<p>Voc\u00ea vai precisar de papel A4, l\u00e1pis, carbono, papel contact ou vinil, fita crepe ou adesiva, tesoura e um computador.<\/p>\n\n\n\n<h4><span class=\"ez-toc-section\" id=\"Tutorial\"><\/span>Tutorial:<span class=\"ez-toc-section-end\"><\/span><\/h4>\n\n\n\n<p>1\u00ba passo: Escreva o nome ou palavra com o tamanho e fonte desejada em uma ferramenta de edi\u00e7\u00e3o de imagem no seu computador, como o Power Point e Paint ou ent\u00e3o \u00e9 poss\u00edvel optar por plataformas de design como o <a href=\"https:\/\/www.canva.com\/pt_br\/\" target=\"_blank\" rel=\"noreferrer noopener\">canva<\/a>;<\/p>\n\n\n\n<div style=\"height:37px\" aria-hidden=\"true\" class=\"wp-block-spacer\"><\/div>\n\n\n\n<p>2\u00ba passo: Pegue uma folha de caderno ou uma A4, coloque sobre a tela do computador e fa\u00e7a o contorno da palavra;<\/p>\n\n\n\n<div style=\"height:37px\" aria-hidden=\"true\" class=\"wp-block-spacer\"><\/div>\n\n\n\n<p>3\u00ba passo: Contorne a palavra sobre o papel carbono;<\/p>\n\n\n\n<div style=\"height:37px\" aria-hidden=\"true\" class=\"wp-block-spacer\"><\/div>\n\n\n\n<p>4\u00ba passo: Abra o papel contact do lado branco. Coloque o papel carbono em cima do papel contact aberto. Pegue a folha com a palavra e vire-a ao contr\u00e1rio, ou seja, de modo que a palavra fique de tr\u00e1s para a frente e coloque sobre o carbono. Contorne a palavra ao contr\u00e1rio;<\/p>\n\n\n\n<div style=\"height:37px\" aria-hidden=\"true\" class=\"wp-block-spacer\"><\/div>\n\n\n\n<p>5\u00ba passo: Agora que voc\u00ea transferiu a palavra para o papel contact, recorte-a;<\/p>\n\n\n\n<div style=\"height:37px\" aria-hidden=\"true\" class=\"wp-block-spacer\"><\/div>\n\n\n\n<p>6\u00ba passo: Pegue a fita crepe ou adesiva, tire o excesso de cola (voc\u00ea pode fazer isso aplicando na m\u00e3o) e coloque sobre a palavra recortada. Retire a parte branca do papel contact e cole no bal\u00e3o. Retire a fita com cautela e pronto! Caso queira visualizar esse tutorial, confira o <a href=\"https:\/\/www.youtube.com\/watch?v=hN2-0gu6t2k\" target=\"_blank\" rel=\"noreferrer noopener\">v\u00eddeo<\/a> no YouTube.<\/p>\n\n\n\n<figure class=\"wp-block-image size-large is-resized\"><a href=\"https:\/\/baloessaoroque.com.br\/en\/wp-content\/uploads\/2021\/05\/WhatsApp-Image-2021-05-24-at-15.21.51.jpeg\"><img loading=\"lazy\" src=\"https:\/\/baloessaoroque.com.br\/en\/wp-content\/uploads\/2021\/05\/WhatsApp-Image-2021-05-24-at-15.21.51-682x1024.jpeg\" alt=\"5 tend\u00eancias de bal\u00f5es personalizados\" class=\"wp-image-5780\" width=\"434\" height=\"653\" srcset=\"https:\/\/baloessaoroque.com.br\/en\/wp-content\/uploads\/2021\/05\/WhatsApp-Image-2021-05-24-at-15.21.51-682x1024.jpeg 682w, https:\/\/baloessaoroque.com.br\/en\/wp-content\/uploads\/2021\/05\/WhatsApp-Image-2021-05-24-at-15.21.51-200x300.jpeg 200w\" sizes=\"(max-width: 434px) 100vw, 434px\" \/><\/a><\/figure>\n\n\n\n<h3><span class=\"ez-toc-section\" id=\"3_-_Lettering_em_Baloes\"><\/span><strong>3 \u2013 Lettering em Bal\u00f5es<\/strong><span class=\"ez-toc-section-end\"><\/span><\/h3>\n\n\n\n<p>Uma terceira forma criativa de personalizar os bal\u00f5es \u00e9 aplicando as t\u00e9cnicas de Lettering. Mas, o que \u00e9 lettering afinal? Essa t\u00e9cnica pode ser traduzida de forma f\u00e1cil e clara como \u201ca arte de desenhar letras\u201d. Isso mesmo, s\u00e3o letras bem trabalhadas que resultam em uma bela arte feita \u00e0 m\u00e3o. Essa tend\u00eancia tem se expandido rapidamente e hoje j\u00e1 encontramos em canecas, camisetas, paredes e claro, nos bal\u00f5es!<\/p>\n\n\n\n<div style=\"height:37px\" aria-hidden=\"true\" class=\"wp-block-spacer\"><\/div>\n\n\n\n<p>Para fazer a sua pr\u00f3pria personaliza\u00e7\u00e3o utilizando essa t\u00e9cnica, voc\u00ea vai precisar de canetas pr\u00f3prias para escrever em bal\u00f5es, de prefer\u00eancia permanentes.<\/p>\n\n\n\n<div style=\"height:37px\" aria-hidden=\"true\" class=\"wp-block-spacer\"><\/div>\n\n\n\n<p>Comece elaborando um rascunho da escrita que quer personalizar em um papel. Depois de pronto, fa\u00e7a o lettering no bal\u00e3o inflado. Se voc\u00ea n\u00e3o possui curso e nem habilidades de caligrafia, busque por inspira\u00e7\u00f5es e letras na internet, imprima e copie diversas vezes. Atualmente, existem diversos cursos online de lettering.<\/p>\n\n\n\n<div style=\"height:37px\" aria-hidden=\"true\" class=\"wp-block-spacer\"><\/div>\n\n\n\n<p>Se interessou por esta t\u00e9cnica e quer saber mais? Temos um <a href=\"https:\/\/www.youtube.com\/watch?v=sc9piHhy_gA\" target=\"_blank\" rel=\"noreferrer noopener\">tutorial exclusivo<\/a> de como fazer lettering em bal\u00f5es, dispon\u00edvel em nosso canal do Youtube.<\/p>\n\n\n\n<figure class=\"wp-block-image size-large is-resized\"><a href=\"https:\/\/baloessaoroque.com.br\/en\/wp-content\/uploads\/2021\/05\/7dec718c5ffa20cda47bee7d29f69a1e.jpg\"><img loading=\"lazy\" src=\"https:\/\/baloessaoroque.com.br\/en\/wp-content\/uploads\/2021\/05\/7dec718c5ffa20cda47bee7d29f69a1e-1024x1024.jpg\" alt=\"\" class=\"wp-image-5782\" width=\"523\" height=\"523\" srcset=\"https:\/\/baloessaoroque.com.br\/en\/wp-content\/uploads\/2021\/05\/7dec718c5ffa20cda47bee7d29f69a1e-1024x1024.jpg 1024w, https:\/\/baloessaoroque.com.br\/en\/wp-content\/uploads\/2021\/05\/7dec718c5ffa20cda47bee7d29f69a1e-300x300.jpg 300w, https:\/\/baloessaoroque.com.br\/en\/wp-content\/uploads\/2021\/05\/7dec718c5ffa20cda47bee7d29f69a1e-150x150.jpg 150w, https:\/\/baloessaoroque.com.br\/en\/wp-content\/uploads\/2021\/05\/7dec718c5ffa20cda47bee7d29f69a1e-768x768.jpg 768w, https:\/\/baloessaoroque.com.br\/en\/wp-content\/uploads\/2021\/05\/7dec718c5ffa20cda47bee7d29f69a1e-400x400.jpg 400w, https:\/\/baloessaoroque.com.br\/en\/wp-content\/uploads\/2021\/05\/7dec718c5ffa20cda47bee7d29f69a1e-620x620.jpg 620w, https:\/\/baloessaoroque.com.br\/en\/wp-content\/uploads\/2021\/05\/7dec718c5ffa20cda47bee7d29f69a1e-600x600.jpg 600w, https:\/\/baloessaoroque.com.br\/en\/wp-content\/uploads\/2021\/05\/7dec718c5ffa20cda47bee7d29f69a1e-100x100.jpg 100w, https:\/\/baloessaoroque.com.br\/en\/wp-content\/uploads\/2021\/05\/7dec718c5ffa20cda47bee7d29f69a1e.jpg 1080w\" sizes=\"(max-width: 523px) 100vw, 523px\" \/><\/a><\/figure>\n\n\n\n<h3><span class=\"ez-toc-section\" id=\"4_-_Baloes_dentro_de_outro\"><\/span><strong>4 \u2013 Bal\u00f5es dentro de outro<\/strong><span class=\"ez-toc-section-end\"><\/span><\/h3>\n\n\n\n<p>Tamb\u00e9m em alta nas personaliza\u00e7\u00f5es, os bal\u00f5es sobrepostos, ou seja, um dentro do outro, possuem diversas varia\u00e7\u00f5es que t\u00eam conquistado os donos de festas, principalmente para decora\u00e7\u00f5es de centros de mesa e arranjos.<\/p>\n\n\n\n<div style=\"height:37px\" aria-hidden=\"true\" class=\"wp-block-spacer\"><\/div>\n\n\n\n<p>A primeira forma de fazer essa t\u00e9cnica \u00e9 colocar alguns bal\u00f5es menores dentro de um bal\u00e3o maior. O tamanho recomendado para este tipo de decora\u00e7\u00e3o \u00e9 o de 11 polegadas como bal\u00e3o principal e bal\u00f5es de 5 polegadas que corresponde aos bal\u00f5es que colocaremos dentro do bal\u00e3o maior. A segunda \u00e9 colocar apenas um bal\u00e3o menor dentro do bal\u00e3o maior transparente; e o terceiro modo \u00e9 misturar cores de bal\u00f5es para criar op\u00e7\u00f5es de cores. Como por exemplo, a mistura da nossa linha <a href=\"https:\/\/baloessaoroque.com.br\/en\/categoria-produto\/metallic-ballom\/?_sft_pa_cor=prateado\" target=\"_blank\" rel=\"noreferrer noopener\">Metallic Prata<\/a> com a <a href=\"https:\/\/baloessaoroque.com.br\/en\/categoria-produto\/cristal\/\" target=\"_blank\" rel=\"noreferrer noopener\">linha Cristal<\/a>, que resulta em um efeito fant\u00e1stico! Veja a seguir:<\/p>\n\n\n\n<figure class=\"wp-block-image size-large is-resized\"><a href=\"https:\/\/baloessaoroque.com.br\/en\/wp-content\/uploads\/2021\/05\/baloes-sobrepostos.jpg\"><img loading=\"lazy\" src=\"https:\/\/baloessaoroque.com.br\/en\/wp-content\/uploads\/2021\/05\/baloes-sobrepostos.jpg\" alt=\"tend\u00eancias de bal\u00f5es personalizados\" class=\"wp-image-5793\" width=\"420\" height=\"630\" srcset=\"https:\/\/baloessaoroque.com.br\/en\/wp-content\/uploads\/2021\/05\/baloes-sobrepostos.jpg 606w, https:\/\/baloessaoroque.com.br\/en\/wp-content\/uploads\/2021\/05\/baloes-sobrepostos-200x300.jpg 200w, https:\/\/baloessaoroque.com.br\/en\/wp-content\/uploads\/2021\/05\/baloes-sobrepostos-400x600.jpg 400w, https:\/\/baloessaoroque.com.br\/en\/wp-content\/uploads\/2021\/05\/baloes-sobrepostos-600x900.jpg 600w\" sizes=\"(max-width: 420px) 100vw, 420px\" \/><\/a><\/figure>\n\n\n\n<h3><span class=\"ez-toc-section\" id=\"5_-_Tule\"><\/span><strong>5 \u2013 Tule<\/strong><span class=\"ez-toc-section-end\"><\/span><\/h3>\n\n\n\n<p>Por fim, a \u00faltima super tend\u00eancia que vamos apresentar a voc\u00ea sobre bal\u00f5es personalizados nas decora\u00e7\u00f5es \u00e9 a utiliza\u00e7\u00e3o de tule. Essa customiza\u00e7\u00e3o vem sendo bastante utilizada principalmente nos centros de mesas. O tule no bal\u00e3o transmite sofistica\u00e7\u00e3o e delicadeza \u00e0 decora\u00e7\u00e3o, al\u00e9m de ser uma ideia linda, vers\u00e1til e combina com diferentes tipos de festas, por exemplo, casamentos. <\/p>\n\n\n\n<div style=\"height:37px\" aria-hidden=\"true\" class=\"wp-block-spacer\"><\/div>\n\n\n\n<p>Para colocar o tule no bal\u00e3o \u00e9 bem simples, voc\u00ea vai precisar de Bal\u00f5es S\u00e3o Roque, tule, tesoura e fita personalizada para amarrar. Infle o bal\u00e3o, amarre-o e separe; corte o tule em formato quadrado de um tamanho que envolva todo o bal\u00e3o e ainda sobre pontas; depois envolva o bal\u00e3o no tule e amarre com a fitinha personalizada. Est\u00e1 pronto!<\/p>\n\n\n\n<figure class=\"wp-block-image size-large is-resized\"><a href=\"https:\/\/baloessaoroque.com.br\/en\/wp-content\/uploads\/2021\/05\/2be48b4b995e8a13ad3609ad6532527f.jpg\"><img loading=\"lazy\" src=\"https:\/\/baloessaoroque.com.br\/en\/wp-content\/uploads\/2021\/05\/2be48b4b995e8a13ad3609ad6532527f.jpg\" alt=\"5 tend\u00eancias de bal\u00f5es personalizados para festas\" class=\"wp-image-5783\" width=\"579\" height=\"405\" srcset=\"https:\/\/baloessaoroque.com.br\/en\/wp-content\/uploads\/2021\/05\/2be48b4b995e8a13ad3609ad6532527f.jpg 564w, https:\/\/baloessaoroque.com.br\/en\/wp-content\/uploads\/2021\/05\/2be48b4b995e8a13ad3609ad6532527f-300x210.jpg 300w, https:\/\/baloessaoroque.com.br\/en\/wp-content\/uploads\/2021\/05\/2be48b4b995e8a13ad3609ad6532527f-400x279.jpg 400w\" sizes=\"(max-width: 579px) 100vw, 579px\" \/><\/a><\/figure>\n\n\n\n<p>Vale lembrar que, caso v\u00e1 personalizar o bal\u00e3o e tamb\u00e9m utilizar g\u00e1s h\u00e9lio no mesmo, \u00e9 os bal\u00f5es mais recomendados s\u00e3o os de no m\u00ednimo 11 polegadas. Isso porque todo elemento colocado para personalizar, por mais leve que seja, acaba pesando no bal\u00e3o e, com isso, prejudicando o tempo de flutua\u00e7\u00e3o do produto. A dura\u00e7\u00e3o m\u00e9dia de flutua\u00e7\u00e3o do nosso bal\u00e3o 11 polegadas \u00e9 de seis a oito horas.<\/p>\n\n\n\n<h2><span class=\"ez-toc-section\" id=\"Baloes_personalizados_precisa_ser_com_produtos_de_qualidade\"><\/span><strong>Bal\u00f5es personalizados precisa ser com produtos de qualidade<\/strong><span class=\"ez-toc-section-end\"><\/span><\/h2>\n\n\n\n<p>Agora que voc\u00ea j\u00e1 sabe quais s\u00e3o as 5 tend\u00eancias de bal\u00f5es personalizados, precisa lembrar de utilizar produtos de alta qualidade. Afinal, com uma decora\u00e7\u00e3o \u00fanica e sofisticada como essa, bal\u00f5es resistentes e duradouros far\u00e3o toda a diferen\u00e7a no resultado.<\/p>\n\n\n\n<div style=\"height:37px\" aria-hidden=\"true\" class=\"wp-block-spacer\"><\/div>\n\n\n\n<p>Sendo assim, conte com a excel\u00eancia dos produtos da Bal\u00f5es S\u00e3o Roque. Dispomos de uma extensa variedade de op\u00e7\u00f5es de bal\u00f5es, de diversas cores, estilos, formatos e tamanhos. E al\u00e9m do mais, somos refer\u00eancia no mercado pela \u00f3tima durabilidade e resist\u00eancia de nossos bal\u00f5es ap\u00f3s inflados. Conhe\u00e7a nossas linhas <a href=\"https:\/\/baloessaoroque.com.br\/en\/produtos\/\" target=\"_blank\" rel=\"noreferrer noopener\">aqui<\/a>.\u00a0<\/p>\n\n\n\n<div style=\"height:37px\" aria-hidden=\"true\" class=\"wp-block-spacer\"><\/div>\n\n\n\n<p>Gostou desse conte\u00fado? Ent\u00e3o compartilhe com seus amigos e familiares e n\u00e3o deixe de acompanhar nosso <a href=\"https:\/\/baloessaoroque.com.br\/en\/blog\/\" target=\"_blank\" rel=\"noreferrer noopener\">blog<\/a>.<\/p>\n\n\n\n<div style=\"height:37px\" aria-hidden=\"true\" class=\"wp-block-spacer\"><\/div>\n\n\n\n<p>Siga nosso perfil oficial do <a href=\"https:\/\/instagram.com\/Baloes.SaoRoque\" target=\"_blank\" rel=\"noreferrer noopener\">Instagram<\/a> para ficar por dentro de todas as novidades da Bal\u00f5es S\u00e3o Roque, dicas e tend\u00eancias de decora\u00e7\u00f5es.<\/p>\n","protected":false},"excerpt":{"rendered":"<p>Sum&aacute;rio 1 \u2013 Bal\u00f5es personalizados com confetes2 \u2013 Personaliza\u00e7\u00e3o com adesivosTutorial:3 \u2013 Lettering em Bal\u00f5es4 \u2013 Bal\u00f5es dentro de outro5 [&hellip;]<\/p>\n","protected":false},"author":2,"featured_media":5887,"comment_status":"open","ping_status":"open","sticky":false,"template":"","format":"standard","meta":[],"categories":[25,22,29],"tags":[872,774,871],"yoast_head":"<!-- This site is optimized with the Yoast SEO plugin v18.4.1 - https:\/\/yoast.com\/wordpress\/plugins\/seo\/ -->\n<title>5 tend\u00eancias de Bal\u00f5es Personalizados para festas - Bal\u00f5es S\u00e3o Roque<\/title>\n<meta name=\"description\" content=\"Bom, agora que voc\u00ea sabe que os Bal\u00f5es Personalizados s\u00e3o um sucesso no mundo das decora\u00e7\u00f5es e vieram para ficar, confira a primeira tend...\" \/>\n<meta name=\"robots\" content=\"index, follow, max-snippet:-1, max-image-preview:large, max-video-preview:-1\" \/>\n<link rel=\"canonical\" href=\"https:\/\/baloessaoroque.com.br\/en\/blog-tendencias-baloes-personalizados\/\" \/>\n<meta property=\"og:locale\" content=\"pt_BR\" \/>\n<meta property=\"og:type\" content=\"article\" \/>\n<meta property=\"og:title\" content=\"5 tend\u00eancias de Bal\u00f5es Personalizados para festas - Bal\u00f5es S\u00e3o Roque\" \/>\n<meta property=\"og:description\" content=\"Bom, agora que voc\u00ea sabe que os Bal\u00f5es Personalizados s\u00e3o um sucesso no mundo das decora\u00e7\u00f5es e vieram para ficar, confira a primeira tend...\" \/>\n<meta property=\"og:url\" content=\"https:\/\/baloessaoroque.com.br\/en\/blog-tendencias-baloes-personalizados\/\" \/>\n<meta property=\"og:site_name\" content=\"Bal\u00f5es S\u00e3o Roque\" \/>\n<meta property=\"article:published_time\" content=\"2021-05-24T19:06:24+00:00\" \/>\n<meta property=\"article:modified_time\" content=\"2022-01-06T20:03:31+00:00\" \/>\n<meta property=\"og:image\" content=\"https:\/\/baloessaoroque.com.br\/en\/wp-content\/uploads\/2021\/05\/Blog_1140x500_1305_Veja-5-tendencias-de-Baloes-Personalizados-para-usar-em-festas_B.png\" \/>\n\t<meta property=\"og:image:width\" content=\"1140\" \/>\n\t<meta property=\"og:image:height\" content=\"500\" \/>\n\t<meta property=\"og:image:type\" content=\"image\/png\" \/>\n<meta name=\"twitter:card\" content=\"summary_large_image\" \/>\n<meta name=\"twitter:label1\" content=\"Escrito por\" \/>\n\t<meta name=\"twitter:data1\" content=\"Bal\u00f5es\" \/>\n\t<meta name=\"twitter:label2\" content=\"Est. tempo de leitura\" \/>\n\t<meta name=\"twitter:data2\" content=\"10 minutos\" \/>\n<script type=\"application\/ld+json\" class=\"yoast-schema-graph\">{\"@context\":\"https:\/\/schema.org\",\"@graph\":[{\"@type\":\"WebSite\",\"@id\":\"https:\/\/baloessaoroque.com.br\/en\/#website\",\"url\":\"https:\/\/baloessaoroque.com.br\/en\/\",\"name\":\"Bal\u00f5es S\u00e3o Roque\",\"description\":\"Sua vida cheia de festa!\",\"potentialAction\":[{\"@type\":\"SearchAction\",\"target\":{\"@type\":\"EntryPoint\",\"urlTemplate\":\"https:\/\/baloessaoroque.com.br\/en\/?s={search_term_string}\"},\"query-input\":\"required name=search_term_string\"}],\"inLanguage\":\"pt-BR\"},{\"@type\":\"ImageObject\",\"@id\":\"https:\/\/baloessaoroque.com.br\/en\/blog-tendencias-baloes-personalizados\/#primaryimage\",\"inLanguage\":\"pt-BR\",\"url\":\"https:\/\/baloessaoroque.com.br\/en\/wp-content\/uploads\/2021\/05\/Blog_1140x500_1305_Veja-5-tendencias-de-Baloes-Personalizados-para-usar-em-festas_B.png\",\"contentUrl\":\"https:\/\/baloessaoroque.com.br\/en\/wp-content\/uploads\/2021\/05\/Blog_1140x500_1305_Veja-5-tendencias-de-Baloes-Personalizados-para-usar-em-festas_B.png\",\"width\":1140,\"height\":500,\"caption\":\"5 tend\u00eancias de bal\u00f5es personalizados para festas\"},{\"@type\":\"WebPage\",\"@id\":\"https:\/\/baloessaoroque.com.br\/en\/blog-tendencias-baloes-personalizados\/#webpage\",\"url\":\"https:\/\/baloessaoroque.com.br\/en\/blog-tendencias-baloes-personalizados\/\",\"name\":\"5 tend\u00eancias de Bal\u00f5es Personalizados para festas - Bal\u00f5es S\u00e3o Roque\",\"isPartOf\":{\"@id\":\"https:\/\/baloessaoroque.com.br\/en\/#website\"},\"primaryImageOfPage\":{\"@id\":\"https:\/\/baloessaoroque.com.br\/en\/blog-tendencias-baloes-personalizados\/#primaryimage\"},\"datePublished\":\"2021-05-24T19:06:24+00:00\",\"dateModified\":\"2022-01-06T20:03:31+00:00\",\"author\":{\"@id\":\"https:\/\/baloessaoroque.com.br\/en\/#\/schema\/person\/7ff5a7f4f517018c4b9dadee4fd7cb0c\"},\"description\":\"Bom, agora que voc\u00ea sabe que os Bal\u00f5es Personalizados s\u00e3o um sucesso no mundo das decora\u00e7\u00f5es e vieram para ficar, confira a primeira tend...\",\"breadcrumb\":{\"@id\":\"https:\/\/baloessaoroque.com.br\/en\/blog-tendencias-baloes-personalizados\/#breadcrumb\"},\"inLanguage\":\"pt-BR\",\"potentialAction\":[{\"@type\":\"ReadAction\",\"target\":[\"https:\/\/baloessaoroque.com.br\/en\/blog-tendencias-baloes-personalizados\/\"]}]},{\"@type\":\"BreadcrumbList\",\"@id\":\"https:\/\/baloessaoroque.com.br\/en\/blog-tendencias-baloes-personalizados\/#breadcrumb\",\"itemListElement\":[{\"@type\":\"ListItem\",\"position\":1,\"name\":\"In\u00edcio\",\"item\":\"https:\/\/baloessaoroque.com.br\/en\/\"},{\"@type\":\"ListItem\",\"position\":2,\"name\":\"5 tend\u00eancias de Bal\u00f5es Personalizados para festas\"}]},{\"@type\":\"Person\",\"@id\":\"https:\/\/baloessaoroque.com.br\/en\/#\/schema\/person\/7ff5a7f4f517018c4b9dadee4fd7cb0c\",\"name\":\"Bal\u00f5es\",\"image\":{\"@type\":\"ImageObject\",\"@id\":\"https:\/\/baloessaoroque.com.br\/en\/#personlogo\",\"inLanguage\":\"pt-BR\",\"url\":\"https:\/\/secure.gravatar.com\/avatar\/a66f55f500065686f90d83cab8aa6ee9?s=96&d=mm&r=g\",\"contentUrl\":\"https:\/\/secure.gravatar.com\/avatar\/a66f55f500065686f90d83cab8aa6ee9?s=96&d=mm&r=g\",\"caption\":\"Bal\u00f5es\"},\"url\":\"https:\/\/baloessaoroque.com.br\/en\/author\/dev\/\"}]}<\/script>\n<!-- \/ Yoast SEO plugin. -->","yoast_head_json":{"title":"5 tend\u00eancias de Bal\u00f5es Personalizados para festas - Bal\u00f5es S\u00e3o Roque","description":"Bom, agora que voc\u00ea sabe que os Bal\u00f5es Personalizados s\u00e3o um sucesso no mundo das decora\u00e7\u00f5es e vieram para ficar, confira a primeira tend...","robots":{"index":"index","follow":"follow","max-snippet":"max-snippet:-1","max-image-preview":"max-image-preview:large","max-video-preview":"max-video-preview:-1"},"canonical":"https:\/\/baloessaoroque.com.br\/en\/blog-tendencias-baloes-personalizados\/","og_locale":"pt_BR","og_type":"article","og_title":"5 tend\u00eancias de Bal\u00f5es Personalizados para festas - Bal\u00f5es S\u00e3o Roque","og_description":"Bom, agora que voc\u00ea sabe que os Bal\u00f5es Personalizados s\u00e3o um sucesso no mundo das decora\u00e7\u00f5es e vieram para ficar, confira a primeira tend...","og_url":"https:\/\/baloessaoroque.com.br\/en\/blog-tendencias-baloes-personalizados\/","og_site_name":"Bal\u00f5es S\u00e3o Roque","article_published_time":"2021-05-24T19:06:24+00:00","article_modified_time":"2022-01-06T20:03:31+00:00","og_image":[{"width":1140,"height":500,"url":"https:\/\/baloessaoroque.com.br\/en\/wp-content\/uploads\/2021\/05\/Blog_1140x500_1305_Veja-5-tendencias-de-Baloes-Personalizados-para-usar-em-festas_B.png","type":"image\/png"}],"twitter_card":"summary_large_image","twitter_misc":{"Escrito por":"Bal\u00f5es","Est. tempo de leitura":"10 minutos"},"schema":{"@context":"https:\/\/schema.org","@graph":[{"@type":"WebSite","@id":"https:\/\/baloessaoroque.com.br\/en\/#website","url":"https:\/\/baloessaoroque.com.br\/en\/","name":"Bal\u00f5es S\u00e3o Roque","description":"Sua vida cheia de festa!","potentialAction":[{"@type":"SearchAction","target":{"@type":"EntryPoint","urlTemplate":"https:\/\/baloessaoroque.com.br\/en\/?s={search_term_string}"},"query-input":"required name=search_term_string"}],"inLanguage":"pt-BR"},{"@type":"ImageObject","@id":"https:\/\/baloessaoroque.com.br\/en\/blog-tendencias-baloes-personalizados\/#primaryimage","inLanguage":"pt-BR","url":"https:\/\/baloessaoroque.com.br\/en\/wp-content\/uploads\/2021\/05\/Blog_1140x500_1305_Veja-5-tendencias-de-Baloes-Personalizados-para-usar-em-festas_B.png","contentUrl":"https:\/\/baloessaoroque.com.br\/en\/wp-content\/uploads\/2021\/05\/Blog_1140x500_1305_Veja-5-tendencias-de-Baloes-Personalizados-para-usar-em-festas_B.png","width":1140,"height":500,"caption":"5 tend\u00eancias de bal\u00f5es personalizados para festas"},{"@type":"WebPage","@id":"https:\/\/baloessaoroque.com.br\/en\/blog-tendencias-baloes-personalizados\/#webpage","url":"https:\/\/baloessaoroque.com.br\/en\/blog-tendencias-baloes-personalizados\/","name":"5 tend\u00eancias de Bal\u00f5es Personalizados para festas - Bal\u00f5es S\u00e3o Roque","isPartOf":{"@id":"https:\/\/baloessaoroque.com.br\/en\/#website"},"primaryImageOfPage":{"@id":"https:\/\/baloessaoroque.com.br\/en\/blog-tendencias-baloes-personalizados\/#primaryimage"},"datePublished":"2021-05-24T19:06:24+00:00","dateModified":"2022-01-06T20:03:31+00:00","author":{"@id":"https:\/\/baloessaoroque.com.br\/en\/#\/schema\/person\/7ff5a7f4f517018c4b9dadee4fd7cb0c"},"description":"Bom, agora que voc\u00ea sabe que os Bal\u00f5es Personalizados s\u00e3o um sucesso no mundo das decora\u00e7\u00f5es e vieram para ficar, confira a primeira tend...","breadcrumb":{"@id":"https:\/\/baloessaoroque.com.br\/en\/blog-tendencias-baloes-personalizados\/#breadcrumb"},"inLanguage":"pt-BR","potentialAction":[{"@type":"ReadAction","target":["https:\/\/baloessaoroque.com.br\/en\/blog-tendencias-baloes-personalizados\/"]}]},{"@type":"BreadcrumbList","@id":"https:\/\/baloessaoroque.com.br\/en\/blog-tendencias-baloes-personalizados\/#breadcrumb","itemListElement":[{"@type":"ListItem","position":1,"name":"In\u00edcio","item":"https:\/\/baloessaoroque.com.br\/en\/"},{"@type":"ListItem","position":2,"name":"5 tend\u00eancias de Bal\u00f5es Personalizados para festas"}]},{"@type":"Person","@id":"https:\/\/baloessaoroque.com.br\/en\/#\/schema\/person\/7ff5a7f4f517018c4b9dadee4fd7cb0c","name":"Bal\u00f5es","image":{"@type":"ImageObject","@id":"https:\/\/baloessaoroque.com.br\/en\/#personlogo","inLanguage":"pt-BR","url":"https:\/\/secure.gravatar.com\/avatar\/a66f55f500065686f90d83cab8aa6ee9?s=96&d=mm&r=g","contentUrl":"https:\/\/secure.gravatar.com\/avatar\/a66f55f500065686f90d83cab8aa6ee9?s=96&d=mm&r=g","caption":"Bal\u00f5es"},"url":"https:\/\/baloessaoroque.com.br\/en\/author\/dev\/"}]}},"_links":{"self":[{"href":"https:\/\/baloessaoroque.com.br\/en\/wp-json\/wp\/v2\/posts\/5774"}],"collection":[{"href":"https:\/\/baloessaoroque.com.br\/en\/wp-json\/wp\/v2\/posts"}],"about":[{"href":"https:\/\/baloessaoroque.com.br\/en\/wp-json\/wp\/v2\/types\/post"}],"author":[{"embeddable":true,"href":"https:\/\/baloessaoroque.com.br\/en\/wp-json\/wp\/v2\/users\/2"}],"replies":[{"embeddable":true,"href":"https:\/\/baloessaoroque.com.br\/en\/wp-json\/wp\/v2\/comments?post=5774"}],"version-history":[{"count":2,"href":"https:\/\/baloessaoroque.com.br\/en\/wp-json\/wp\/v2\/posts\/5774\/revisions"}],"predecessor-version":[{"id":10426,"href":"https:\/\/baloessaoroque.com.br\/en\/wp-json\/wp\/v2\/posts\/5774\/revisions\/10426"}],"wp:featuredmedia":[{"embeddable":true,"href":"https:\/\/baloessaoroque.com.br\/en\/wp-json\/wp\/v2\/media\/5887"}],"wp:attachment":[{"href":"https:\/\/baloessaoroque.com.br\/en\/wp-json\/wp\/v2\/media?parent=5774"}],"wp:term":[{"taxonomy":"category","embeddable":true,"href":"https:\/\/baloessaoroque.com.br\/en\/wp-json\/wp\/v2\/categories?post=5774"},{"taxonomy":"post_tag","embeddable":true,"href":"https:\/\/baloessaoroque.com.br\/en\/wp-json\/wp\/v2\/tags?post=5774"}],"curies":[{"name":"wp","href":"https:\/\/api.w.org\/{rel}","templated":true}]}}