{"id":5924,"date":"2021-05-31T11:26:17","date_gmt":"2021-05-31T14:26:17","guid":{"rendered":"https:\/\/baloessaoroque.com.br\/en\/?p=5924"},"modified":"2022-03-23T15:57:25","modified_gmt":"2022-03-23T18:57:25","slug":"blog-temas-de-festa-infantil","status":"publish","type":"post","link":"https:\/\/baloessaoroque.com.br\/en\/blog-temas-de-festa-infantil\/","title":{"rendered":"5 Ideias de temas de festa infantil"},"content":{"rendered":"<div id=\"ez-toc-container\" class=\"ez-toc-v2_0_18 counter-hierarchy counter-decimal\">\n<div class=\"ez-toc-title-container\">\n<p class=\"ez-toc-title\">Sum&aacute;rio<\/p>\n<span class=\"ez-toc-title-toggle\"><a class=\"ez-toc-pull-right ez-toc-btn ez-toc-btn-xs ez-toc-btn-default ez-toc-toggle\" style=\"display: none;\"><i class=\"ez-toc-glyphicon ez-toc-icon-toggle\"><\/i><\/a><\/span><\/div>\n<nav><ul class=\"ez-toc-list ez-toc-list-level-1\"><li class=\"ez-toc-page-1 ez-toc-heading-level-2\"><a class=\"ez-toc-link ez-toc-heading-1\" href=\"https:\/\/baloessaoroque.com.br\/en\/blog-temas-de-festa-infantil\/#Temas_de_festa_infantil_unissex\" title=\"Temas de festa infantil unissex\">Temas de festa infantil unissex<\/a><ul class=\"ez-toc-list-level-3\"><li class=\"ez-toc-heading-level-3\"><a class=\"ez-toc-link ez-toc-heading-2\" href=\"https:\/\/baloessaoroque.com.br\/en\/blog-temas-de-festa-infantil\/#1_-_Arco-iris\" title=\"1 &#8211; Arco-\u00edris\">1 &#8211; Arco-\u00edris<\/a><\/li><li class=\"ez-toc-page-1 ez-toc-heading-level-3\"><a class=\"ez-toc-link ez-toc-heading-3\" href=\"https:\/\/baloessaoroque.com.br\/en\/blog-temas-de-festa-infantil\/#2_-_Temas_de_festa_infantil_fundo_do_mar\" title=\"2 &#8211; Temas de festa infantil: fundo do mar\">2 &#8211; Temas de festa infantil: fundo do mar<\/a><\/li><li class=\"ez-toc-page-1 ez-toc-heading-level-3\"><a class=\"ez-toc-link ez-toc-heading-4\" href=\"https:\/\/baloessaoroque.com.br\/en\/blog-temas-de-festa-infantil\/#3_e_4_-_Fazendinha_e_Safari\" title=\"3 e 4 &#8211; Fazendinha e Safari\">3 e 4 &#8211; Fazendinha e Safari<\/a><\/li><li class=\"ez-toc-page-1 ez-toc-heading-level-3\"><a class=\"ez-toc-link ez-toc-heading-5\" href=\"https:\/\/baloessaoroque.com.br\/en\/blog-temas-de-festa-infantil\/#5_-_Circo\" title=\"5 &#8211; Circo \">5 &#8211; Circo <\/a><ul class=\"ez-toc-list-level-4\"><li class=\"ez-toc-heading-level-4\"><a class=\"ez-toc-link ez-toc-heading-6\" href=\"https:\/\/baloessaoroque.com.br\/en\/blog-temas-de-festa-infantil\/#Independente_da_escolha_dos_temas_de_festa_infantil_baloes_sao_fundamentais\" title=\"Independente da escolha dos temas de festa infantil, bal\u00f5es s\u00e3o fundamentais\">Independente da escolha dos temas de festa infantil, bal\u00f5es s\u00e3o fundamentais<\/a><\/li><\/ul><\/li><\/ul><\/li><\/ul><\/nav><\/div>\n\n<p>Se o anivers\u00e1rio do seu filho est\u00e1 chegando, com certeza voc\u00ea j\u00e1 se deparou com dezenas de op\u00e7\u00f5es de temas e ficou sem saber qual deles escolher! Os temas de festa infantil est\u00e3o cada vez mais variados e novas tend\u00eancias surgem todos os dias.<\/p>\n\n\n\n<div style=\"height:20px\" aria-hidden=\"true\" class=\"wp-block-spacer\"><\/div>\n\n\n\n<p>Geralmente, quando as crian\u00e7as s\u00e3o maiores, elas \u00e9 que escolhem o tema de suas festas com ajuda dos amigos e da fam\u00edlia. De personagens, filmes, bandas e desenhos favoritos at\u00e9 combina\u00e7\u00f5es de cores, a imagina\u00e7\u00e3o de todos vai longe!<\/p>\n\n\n\n<div style=\"height:20px\" aria-hidden=\"true\" class=\"wp-block-spacer\"><\/div>\n\n\n\n<p>Agora, quando os pequenos ainda n\u00e3o conseguem escolher o pr\u00f3prio tema por serem bem novinhos, a escolha fica por conta da mam\u00e3e, do papai ou do respons\u00e1vel.<\/p>\n\n\n\n<div style=\"height:20px\" aria-hidden=\"true\" class=\"wp-block-spacer\"><\/div>\n\n\n\n<p>E para te ajudar a escolher uma tem\u00e1tica de festa inesquec\u00edvel, selecionamos os temas de festa infantil que est\u00e3o em alta no mercado das decora\u00e7\u00f5es. Seja para menino ou menina, neste artigo voc\u00ea fica por dentro das principais tend\u00eancias. Vamos nessa?<\/p>\n\n\n\n<div style=\"height:20px\" aria-hidden=\"true\" class=\"wp-block-spacer\"><\/div>\n\n\n\n<h2><span class=\"ez-toc-section\" id=\"Temas_de_festa_infantil_unissex\"><\/span><strong>Temas de festa infantil unissex<\/strong><span class=\"ez-toc-section-end\"><\/span><\/h2>\n\n\n\n<p>O anivers\u00e1rio do seu\/sua pequeno (a) \u00e9 um dia muito especial tanto para voc\u00ea quanto para ele (a). Por esse motivo, a celebra\u00e7\u00e3o precisa sem d\u00favida ser marcante e, uma decora\u00e7\u00e3o bem elaborada faz toda diferen\u00e7a.<\/p>\n\n\n\n<div style=\"height:20px\" aria-hidden=\"true\" class=\"wp-block-spacer\"><\/div>\n\n\n\n<p>A seguir voc\u00ea confere algumas ideias de temas que se encaixam para festas de meninos e meninas. Deixe a criatividade aflorar e fa\u00e7a uma bela decora\u00e7\u00e3o!<\/p>\n\n\n\n<div style=\"height:20px\" aria-hidden=\"true\" class=\"wp-block-spacer\"><\/div>\n\n\n\n<h3><span class=\"ez-toc-section\" id=\"1_-_Arco-iris\"><\/span><strong>1 &#8211; Arco-\u00edris<\/strong><span class=\"ez-toc-section-end\"><\/span><\/h3>\n\n\n\n<p>O tema arco-\u00edris est\u00e1 super em alta, pois as cores alegres e coloridas transformam qualquer ambiente. Neste caso, voc\u00ea pode utilizar diversas tonalidades de <a href=\"https:\/\/baloessaoroque.com.br\/en\/produto-tag\/arco-iris\/\" target=\"_blank\" rel=\"noreferrer noopener\">bal\u00f5es<\/a> sem medo da decora\u00e7\u00e3o parecer polu\u00edda. As ideias de decora\u00e7\u00e3o s\u00e3o infinitas, mas para te ajudar na hora de criar um mural de arco-\u00edris para o pequeno, temos um <a href=\"https:\/\/www.youtube.com\/watch?v=Ad5AmJPcbhY\" target=\"_blank\" rel=\"noreferrer noopener\">tutorial exclusivo<\/a> que te ensina como fazer isso de forma simples, utilizando apenas bal\u00f5es.<\/p>\n\n\n\n<div style=\"height:20px\" aria-hidden=\"true\" class=\"wp-block-spacer\"><\/div>\n\n\n\n<figure class=\"wp-block-gallery has-nested-images columns-default is-cropped\">\n<figure class=\"wp-block-image size-large\"><a href=\"https:\/\/baloessaoroque.com.br\/en\/wp-content\/uploads\/2021\/05\/arcoiris1.jpg\"><img loading=\"lazy\" width=\"768\" height=\"1024\" data-id=\"5925\"  src=\"https:\/\/baloessaoroque.com.br\/en\/wp-content\/uploads\/2021\/05\/arcoiris1-768x1024.jpg\" alt=\"5 Ideias de temas de festa infantil\" class=\"wp-image-5925\" srcset=\"https:\/\/baloessaoroque.com.br\/en\/wp-content\/uploads\/2021\/05\/arcoiris1-768x1024.jpg 768w, https:\/\/baloessaoroque.com.br\/en\/wp-content\/uploads\/2021\/05\/arcoiris1-225x300.jpg 225w, https:\/\/baloessaoroque.com.br\/en\/wp-content\/uploads\/2021\/05\/arcoiris1-400x533.jpg 400w, https:\/\/baloessaoroque.com.br\/en\/wp-content\/uploads\/2021\/05\/arcoiris1-620x827.jpg 620w, https:\/\/baloessaoroque.com.br\/en\/wp-content\/uploads\/2021\/05\/arcoiris1-600x800.jpg 600w, https:\/\/baloessaoroque.com.br\/en\/wp-content\/uploads\/2021\/05\/arcoiris1.jpg 960w\" sizes=\"(max-width: 768px) 100vw, 768px\" \/><\/a><\/figure>\n\n\n\n<figure class=\"wp-block-image size-large\"><a href=\"https:\/\/baloessaoroque.com.br\/en\/wp-content\/uploads\/2021\/05\/arcoiris2.jpg\"><img loading=\"lazy\" width=\"926\" height=\"619\" data-id=\"5926\"  src=\"https:\/\/baloessaoroque.com.br\/en\/wp-content\/uploads\/2021\/05\/arcoiris2.jpg\" alt=\"5 Ideias de temas de festa infantil\" class=\"wp-image-5926\" srcset=\"https:\/\/baloessaoroque.com.br\/en\/wp-content\/uploads\/2021\/05\/arcoiris2.jpg 926w, https:\/\/baloessaoroque.com.br\/en\/wp-content\/uploads\/2021\/05\/arcoiris2-300x201.jpg 300w, https:\/\/baloessaoroque.com.br\/en\/wp-content\/uploads\/2021\/05\/arcoiris2-768x513.jpg 768w, https:\/\/baloessaoroque.com.br\/en\/wp-content\/uploads\/2021\/05\/arcoiris2-400x267.jpg 400w, https:\/\/baloessaoroque.com.br\/en\/wp-content\/uploads\/2021\/05\/arcoiris2-620x414.jpg 620w, https:\/\/baloessaoroque.com.br\/en\/wp-content\/uploads\/2021\/05\/arcoiris2-600x401.jpg 600w\" sizes=\"(max-width: 926px) 100vw, 926px\" \/><\/a><\/figure>\n<\/figure>\n\n\n\n<h3><span class=\"ez-toc-section\" id=\"2_-_Temas_de_festa_infantil_fundo_do_mar\"><\/span><strong>2 &#8211; Temas de festa infantil: fundo do mar<\/strong><span class=\"ez-toc-section-end\"><\/span><\/h3>\n\n\n\n<p>Qual crian\u00e7a n\u00e3o gosta do mar, n\u00e3o \u00e9 mesmo?! Animais fofos e divers\u00e3o s\u00e3o alguns dos motivos do tema fundo do mar estar t\u00e3o em alta entre as festas infantis de qualquer idade. Isso porque os elementos marinhos permitem que voc\u00ea crie uma decora\u00e7\u00e3o incr\u00edvel e cheia de detalhes.<\/p>\n\n\n\n<div style=\"height:20px\" aria-hidden=\"true\" class=\"wp-block-spacer\"><\/div>\n\n\n\n<p>A cor mais utilizada nesse tema de festa \u00e9 o azul, entretanto, \u00e9 poss\u00edvel explorar a extensa variedade dessa tonalidade. Al\u00e9m do mais, a mescla com bal\u00f5es brancos, dourados, prata, lil\u00e1s, rosa e laranja deixam a decora\u00e7\u00e3o ainda mais sofisticada. O complemento essencial para uma decora\u00e7\u00e3o completa, \u00e9 explorar os <a href=\"https:\/\/baloessaoroque.com.br\/en\/categoria-produto\/liso\/\" target=\"_blank\" rel=\"noreferrer noopener\">bal\u00f5es lisos<\/a> e mesclar com <a href=\"https:\/\/baloessaoroque.com.br\/en\/categoria-produto\/decorados\/)!\" target=\"_blank\" rel=\"noreferrer noopener\">bal\u00f5es decorados<\/a>! N\u00f3s temos uma linha exclusiva de <a href=\"https:\/\/baloessaoroque.com.br\/en\/produtos\/decorados\/9-polegadas\/fundo-do-mar-sortido\/\" target=\"_blank\" rel=\"noreferrer noopener\">bal\u00f5es fundo do mar.<\/a><\/p>\n\n\n\n<div style=\"height:20px\" aria-hidden=\"true\" class=\"wp-block-spacer\"><\/div>\n\n\n\n<p>Os bichinhos aqu\u00e1ticos podem e devem estar presentes em toda a decora\u00e7\u00e3o, desde o painel, mesa, teto at\u00e9 cortinas. Em nosso canal no YouTube, temos alguns tutoriais para te ajudar a fazer uma decora\u00e7\u00e3o fant\u00e1stica, como escultura de <a href=\"https:\/\/www.youtube.com\/watch?v=aQr9UHfggyc\" target=\"_blank\" rel=\"noreferrer noopener\">fundo do mar<\/a>, <a href=\"https:\/\/www.youtube.com\/watch?v=zzd9f5P7V1U\" target=\"_blank\" rel=\"noreferrer noopener\">polvo<\/a>, <a href=\"https:\/\/www.youtube.com\/watch?v=ozUHLw8-5DQ\" target=\"_blank\" rel=\"noreferrer noopener\">peixe<\/a> e at\u00e9 <a href=\"https:\/\/www.youtube.com\/watch?v=Gz5XykZSaiw\" target=\"_blank\" rel=\"noreferrer noopener\">calda de sereia.<\/a> E n\u00e3o esque\u00e7a que no fundo do mar pode ter conchas, ba\u00fa de tesouro, barco e outras coisas. Pe\u00e7a ajuda ao pequeno e toda a fam\u00edlia para listar os itens que n\u00e3o pode faltar na decora\u00e7\u00e3o!<\/p>\n\n\n\n<div style=\"height:20px\" aria-hidden=\"true\" class=\"wp-block-spacer\"><\/div>\n\n\n\n<figure class=\"wp-block-gallery has-nested-images columns-default is-cropped\">\n<figure class=\"wp-block-image size-large\"><a href=\"https:\/\/baloessaoroque.com.br\/en\/wp-content\/uploads\/2021\/05\/mar1.jpg\"><img loading=\"lazy\" width=\"961\" height=\"640\" data-id=\"5928\"  src=\"https:\/\/baloessaoroque.com.br\/en\/wp-content\/uploads\/2021\/05\/mar1.jpg\" alt=\"\" class=\"wp-image-5928\" srcset=\"https:\/\/baloessaoroque.com.br\/en\/wp-content\/uploads\/2021\/05\/mar1.jpg 961w, https:\/\/baloessaoroque.com.br\/en\/wp-content\/uploads\/2021\/05\/mar1-300x200.jpg 300w, https:\/\/baloessaoroque.com.br\/en\/wp-content\/uploads\/2021\/05\/mar1-768x511.jpg 768w, https:\/\/baloessaoroque.com.br\/en\/wp-content\/uploads\/2021\/05\/mar1-400x266.jpg 400w, https:\/\/baloessaoroque.com.br\/en\/wp-content\/uploads\/2021\/05\/mar1-620x413.jpg 620w, https:\/\/baloessaoroque.com.br\/en\/wp-content\/uploads\/2021\/05\/mar1-600x400.jpg 600w\" sizes=\"(max-width: 961px) 100vw, 961px\" \/><\/a><\/figure>\n\n\n\n<figure class=\"wp-block-image size-large\"><a href=\"https:\/\/baloessaoroque.com.br\/en\/wp-content\/uploads\/2021\/05\/mar2.jpg\"><img loading=\"lazy\" width=\"1011\" height=\"674\" data-id=\"5929\"  src=\"https:\/\/baloessaoroque.com.br\/en\/wp-content\/uploads\/2021\/05\/mar2.jpg\" alt=\"\" class=\"wp-image-5929\" srcset=\"https:\/\/baloessaoroque.com.br\/en\/wp-content\/uploads\/2021\/05\/mar2.jpg 1011w, https:\/\/baloessaoroque.com.br\/en\/wp-content\/uploads\/2021\/05\/mar2-300x200.jpg 300w, https:\/\/baloessaoroque.com.br\/en\/wp-content\/uploads\/2021\/05\/mar2-768x512.jpg 768w, https:\/\/baloessaoroque.com.br\/en\/wp-content\/uploads\/2021\/05\/mar2-400x267.jpg 400w, https:\/\/baloessaoroque.com.br\/en\/wp-content\/uploads\/2021\/05\/mar2-620x413.jpg 620w, https:\/\/baloessaoroque.com.br\/en\/wp-content\/uploads\/2021\/05\/mar2-600x400.jpg 600w\" sizes=\"(max-width: 1011px) 100vw, 1011px\" \/><\/a><\/figure>\n<\/figure>\n\n\n\n<h3><span class=\"ez-toc-section\" id=\"3_e_4_-_Fazendinha_e_Safari\"><\/span><strong>3 e 4 &#8211; Fazendinha e Safari<\/strong><span class=\"ez-toc-section-end\"><\/span><\/h3>\n\n\n\n<p>Desde o primeiro ano de vida, as crian\u00e7as sem d\u00favidas s\u00e3o encantadas pelos animais. Afinal, eles adoram imitar os sons dos bichinhos. Por isso, a <a href=\"https:\/\/baloessaoroque.com.br\/en\/categoria-produto\/decorados\/?_sft_product_tag=fazendinha\" target=\"_blank\" rel=\"noreferrer noopener\">fazendinha<\/a> e safari s\u00e3o uns dos temas de festa infantil mais procurados para meninos e meninas. Se voc\u00ea busca uma decora\u00e7\u00e3o que transmita simplicidade e aconchego, essa tem\u00e1tica \u00e9 excelente!<\/p>\n\n\n\n<div style=\"height:20px\" aria-hidden=\"true\" class=\"wp-block-spacer\"><\/div>\n\n\n\n<p>O tamanho da festa \u00e9 o de menos e voc\u00ea nem precisa de muito para criar uma linda decora\u00e7\u00e3o rural ou de floresta. Contudo, \u00e9 fundamental apostar em materiais naturais que remetam \u00e0 natureza como plantas, madeira, bichinhos de pel\u00facia, animais de pl\u00e1stico (pode at\u00e9 ser brinquedos das crian\u00e7as) e claro, doces caseiros.<\/p>\n\n\n\n<div style=\"height:20px\" aria-hidden=\"true\" class=\"wp-block-spacer\"><\/div>\n\n\n\n<p>E para deixar a decora\u00e7\u00e3o ainda mais r\u00fastica, n\u00e3o esque\u00e7a de abusar dos <a href=\"https:\/\/baloessaoroque.com.br\/en\/produtos\/?_sft_pa_cor=amarelo-ocre,areia,terracota\" target=\"_blank\" rel=\"noreferrer noopener\">bal\u00f5es em tons terrosos<\/a> como laranja, mocha, amarelo, verde e entre outros. Dispomos de uma linha exclusiva de <a href=\"https:\/\/baloessaoroque.com.br\/en\/categoria-produto\/decorados\/?_sf_s=safari\" target=\"_blank\" rel=\"noreferrer noopener\">bal\u00f5es safari<\/a> para complementar a decora\u00e7\u00e3o do ambiente com bal\u00f5es decorados\/tem\u00e1ticos.<\/p>\n\n\n\n<div style=\"height:20px\" aria-hidden=\"true\" class=\"wp-block-spacer\"><\/div>\n\n\n\n<figure class=\"wp-block-gallery has-nested-images columns-default is-cropped\">\n<figure class=\"wp-block-image size-large\"><a href=\"https:\/\/baloessaoroque.com.br\/en\/wp-content\/uploads\/2021\/05\/fazendinha-1.jpg\"><img loading=\"lazy\" width=\"564\" height=\"705\" data-id=\"5932\"  src=\"https:\/\/baloessaoroque.com.br\/en\/wp-content\/uploads\/2021\/05\/fazendinha-1.jpg\" alt=\"\" class=\"wp-image-5932\" srcset=\"https:\/\/baloessaoroque.com.br\/en\/wp-content\/uploads\/2021\/05\/fazendinha-1.jpg 564w, https:\/\/baloessaoroque.com.br\/en\/wp-content\/uploads\/2021\/05\/fazendinha-1-240x300.jpg 240w, https:\/\/baloessaoroque.com.br\/en\/wp-content\/uploads\/2021\/05\/fazendinha-1-400x500.jpg 400w\" sizes=\"(max-width: 564px) 100vw, 564px\" \/><\/a><\/figure>\n\n\n\n<figure class=\"wp-block-image size-large\"><a href=\"https:\/\/baloessaoroque.com.br\/en\/wp-content\/uploads\/2021\/05\/fazendinha2-1.jpg\"><img loading=\"lazy\" width=\"603\" height=\"905\" data-id=\"5933\"  src=\"https:\/\/baloessaoroque.com.br\/en\/wp-content\/uploads\/2021\/05\/fazendinha2-1.jpg\" alt=\"\" class=\"wp-image-5933\" srcset=\"https:\/\/baloessaoroque.com.br\/en\/wp-content\/uploads\/2021\/05\/fazendinha2-1.jpg 603w, https:\/\/baloessaoroque.com.br\/en\/wp-content\/uploads\/2021\/05\/fazendinha2-1-200x300.jpg 200w, https:\/\/baloessaoroque.com.br\/en\/wp-content\/uploads\/2021\/05\/fazendinha2-1-400x600.jpg 400w, https:\/\/baloessaoroque.com.br\/en\/wp-content\/uploads\/2021\/05\/fazendinha2-1-600x900.jpg 600w\" sizes=\"(max-width: 603px) 100vw, 603px\" \/><\/a><\/figure>\n<\/figure>\n\n\n\n<h3><span class=\"ez-toc-section\" id=\"5_-_Circo\"><\/span><strong>5 &#8211; Circo<\/strong> <span class=\"ez-toc-section-end\"><\/span><\/h3>\n\n\n\n<p>Perfeita para todas as idades, a o circo \u00e9 um dos temas de festa infantil que mais conquista crian\u00e7as e adultos. A tem\u00e1tica circense nos remete alegria, divers\u00e3o, malabares e muita m\u00e1gica. Sendo assim, voc\u00ea pode se inspirar em tudo isso na hora de compor a decora\u00e7\u00e3o.<\/p>\n\n\n\n<div style=\"height:20px\" aria-hidden=\"true\" class=\"wp-block-spacer\"><\/div>\n\n\n\n<figure class=\"wp-block-image size-large is-resized\"><a href=\"https:\/\/baloessaoroque.com.br\/en\/wp-content\/uploads\/2021\/05\/circo-2.jpg\"><img loading=\"lazy\" src=\"https:\/\/baloessaoroque.com.br\/en\/wp-content\/uploads\/2021\/05\/circo-2.jpg\" alt=\"\" class=\"wp-image-5934\" width=\"408\" height=\"509\" srcset=\"https:\/\/baloessaoroque.com.br\/en\/wp-content\/uploads\/2021\/05\/circo-2.jpg 564w, https:\/\/baloessaoroque.com.br\/en\/wp-content\/uploads\/2021\/05\/circo-2-241x300.jpg 241w, https:\/\/baloessaoroque.com.br\/en\/wp-content\/uploads\/2021\/05\/circo-2-400x499.jpg 400w\" sizes=\"(max-width: 408px) 100vw, 408px\" \/><\/a><\/figure>\n\n\n\n<p>Por ser l\u00fadico, os bal\u00f5es coloridos e letreiros luminosos s\u00e3o os itens mais utilizados que ganham a aten\u00e7\u00e3o dos convidados, certo? Entretanto, hoje em dia, as festas de circo nem sempre s\u00e3o com cores chamativas. Assim como em qualquer outro tema, existem in\u00fameras maneiras de fazer uma decora\u00e7\u00e3o circense.<\/p>\n\n\n\n<div style=\"height:20px\" aria-hidden=\"true\" class=\"wp-block-spacer\"><\/div>\n\n\n\n<p>Uma delas \u00e9 a utiliza\u00e7\u00e3o da paleta de cores em tons past\u00e9is, como a nossa linha de <a href=\"https:\/\/baloessaoroque.com.br\/en\/categoria-produto\/candy-colors\/\" target=\"_blank\" rel=\"noreferrer noopener\">bal\u00f5es Candy<\/a>. Os circos com cores claras transmitem mais delicadeza e conseguem encantar tanto quanto os com tons fortes.<\/p>\n\n\n\n<div style=\"height:20px\" aria-hidden=\"true\" class=\"wp-block-spacer\"><\/div>\n\n\n\n<p>Outros elementos indispens\u00e1veis para uma festa de circo s\u00e3o os docinhos e papelaria personalizados. Basta usar e abusar da criatividade para criar um picadeiro encantador!<\/p>\n\n\n\n<div style=\"height:20px\" aria-hidden=\"true\" class=\"wp-block-spacer\"><\/div>\n\n\n\n<p>Se voc\u00ea quer aperfei\u00e7oar ainda mais a decora\u00e7\u00e3o da festa do seu filho (a),<a href=\"https:\/\/www.youtube.com\/watch?v=01izc-WPgbo\" target=\"_blank\" rel=\"noreferrer noopener\"> esculturas de circo com bal\u00f5es<\/a>&nbsp; como <a href=\"https:\/\/www.youtube.com\/watch?v=mm5iB604z6M\" target=\"_blank\" rel=\"noreferrer noopener\">bambol\u00eas<\/a> e <a href=\"https:\/\/www.youtube.com\/watch?v=GXc_BFKBY1Y\" target=\"_blank\" rel=\"noreferrer noopener\">palha\u00e7os<\/a> feitos com Bal\u00f5es S\u00e3o Roque n\u00e3o podem faltar!&nbsp;<\/p>\n\n\n\n<div style=\"height:20px\" aria-hidden=\"true\" class=\"wp-block-spacer\"><\/div>\n\n\n\n<figure class=\"wp-block-image size-large is-resized\"><a href=\"https:\/\/baloessaoroque.com.br\/en\/wp-content\/uploads\/2021\/05\/circo-3.jpg\"><img loading=\"lazy\" src=\"https:\/\/baloessaoroque.com.br\/en\/wp-content\/uploads\/2021\/05\/circo-3.jpg\" alt=\"\" class=\"wp-image-5935\" width=\"454\" height=\"465\" srcset=\"https:\/\/baloessaoroque.com.br\/en\/wp-content\/uploads\/2021\/05\/circo-3.jpg 564w, https:\/\/baloessaoroque.com.br\/en\/wp-content\/uploads\/2021\/05\/circo-3-293x300.jpg 293w, https:\/\/baloessaoroque.com.br\/en\/wp-content\/uploads\/2021\/05\/circo-3-400x410.jpg 400w\" sizes=\"(max-width: 454px) 100vw, 454px\" \/><\/a><\/figure>\n\n\n\n<h4><span class=\"ez-toc-section\" id=\"Independente_da_escolha_dos_temas_de_festa_infantil_baloes_sao_fundamentais\"><\/span><strong>Independente da escolha dos temas de festa infantil, bal\u00f5es s\u00e3o fundamentais<\/strong><span class=\"ez-toc-section-end\"><\/span><\/h4>\n\n\n\n<p>Enfim, agora que voc\u00ea sabe as principais tend\u00eancias de temas para a festa do seu filho (a), j\u00e1 deve ter percebido que em todas elas os bal\u00f5es est\u00e3o presentes. Afinal, bal\u00f5es harmonizam, alegram e transformam qualquer decora\u00e7\u00e3o.<\/p>\n\n\n\n<div style=\"height:20px\" aria-hidden=\"true\" class=\"wp-block-spacer\"><\/div>\n\n\n\n<p>Do mesmo modo que complementam a festa, contar com produtos de qualidade faz toda diferen\u00e7a no resultado final. Portanto, n\u00e3o hesite em buscar por <a href=\"https:\/\/baloessaoroque.com.br\/en\/blog-5-motivos-para-voce-escolher-a-baloes-sao-roque\/\" target=\"_blank\" rel=\"noreferrer noopener\">Bal\u00f5es S\u00e3o Roque<\/a> para a sua decora\u00e7\u00e3o.<\/p>\n\n\n\n<div style=\"height:20px\" aria-hidden=\"true\" class=\"wp-block-spacer\"><\/div>\n\n\n\n<p>H\u00e1 mais de 68 anos no mercado, somos refer\u00eancia nacional em oferecer os melhores produtos para a sua festa. Possu\u00edmos uma linha completa com bal\u00f5es de diversos tamanhos, cores e temas, com \u00f3tima durabilidade e resist\u00eancia ap\u00f3s inflados, tudo para garantir que o momento fique marcado para sempre na mem\u00f3ria de todos os presentes.<\/p>\n\n\n\n<div style=\"height:20px\" aria-hidden=\"true\" class=\"wp-block-spacer\"><\/div>\n\n\n\n<p>Sabemos que nem sempre dispomos de um or\u00e7amento alto para realizar as festas, entretanto, isso n\u00e3o te impede de criar uma celebra\u00e7\u00e3o linda e especial. <a href=\"https:\/\/baloessaoroque.com.br\/en\/6-dicas-para-organizar-uma-festa-de-aniversario-economica\/\" target=\"_blank\" rel=\"noreferrer noopener\">Aqui<\/a>, voc\u00ea confere dicas de como organizar uma festa econ\u00f4mica e arrasar!<\/p>\n\n\n\n<div style=\"height:20px\" aria-hidden=\"true\" class=\"wp-block-spacer\"><\/div>\n\n\n\n<p>Gostou desse conte\u00fado? Compartilhe com seus amigos (as) mam\u00e3es e papais!<\/p>\n\n\n\n<div style=\"height:20px\" aria-hidden=\"true\" class=\"wp-block-spacer\"><\/div>\n\n\n\n<p>Acompanhe nosso <a href=\"https:\/\/www.instagram.com\/baloes.saoroque\/\" target=\"_blank\" rel=\"noreferrer noopener\">Instagram<\/a> para n\u00e3o perder nenhuma novidade e dicas de decora\u00e7\u00f5es com Bal\u00f5es S\u00e3o Roque. At\u00e9 mais!<\/p>\n","protected":false},"excerpt":{"rendered":"<p>Sum&aacute;rio Temas de festa infantil unissex1 &#8211; Arco-\u00edris2 &#8211; Temas de festa infantil: fundo do mar3 e 4 &#8211; Fazendinha [&hellip;]<\/p>\n","protected":false},"author":2,"featured_media":5941,"comment_status":"open","ping_status":"open","sticky":false,"template":"","format":"standard","meta":[],"categories":[29,746],"tags":[774,773,874,873],"yoast_head":"<!-- This site is optimized with the Yoast SEO plugin v18.4.1 - https:\/\/yoast.com\/wordpress\/plugins\/seo\/ -->\n<title>5 Ideias de temas de festa infantil - Bal\u00f5es S\u00e3o Roque<\/title>\n<meta name=\"description\" content=\"A escolha do tema do anivers\u00e1rio \u00e9 um tanto quanto complexa, pois s\u00e3o muitas op\u00e7\u00f5es. Para te ajudar, 5 ideias de temas de festa infantil q..\" \/>\n<meta name=\"robots\" content=\"index, follow, max-snippet:-1, max-image-preview:large, max-video-preview:-1\" \/>\n<link rel=\"canonical\" href=\"https:\/\/baloessaoroque.com.br\/en\/blog-temas-de-festa-infantil\/\" \/>\n<meta property=\"og:locale\" content=\"pt_BR\" \/>\n<meta property=\"og:type\" content=\"article\" \/>\n<meta property=\"og:title\" content=\"5 Ideias de temas de festa infantil - Bal\u00f5es S\u00e3o Roque\" \/>\n<meta property=\"og:description\" content=\"A escolha do tema do anivers\u00e1rio \u00e9 um tanto quanto complexa, pois s\u00e3o muitas op\u00e7\u00f5es. Para te ajudar, 5 ideias de temas de festa infantil q..\" \/>\n<meta property=\"og:url\" content=\"https:\/\/baloessaoroque.com.br\/en\/blog-temas-de-festa-infantil\/\" \/>\n<meta property=\"og:site_name\" content=\"Bal\u00f5es S\u00e3o Roque\" \/>\n<meta property=\"article:published_time\" content=\"2021-05-31T14:26:17+00:00\" \/>\n<meta property=\"article:modified_time\" content=\"2022-03-23T18:57:25+00:00\" \/>\n<meta property=\"og:image\" content=\"https:\/\/baloessaoroque.com.br\/en\/wp-content\/uploads\/2021\/05\/Blog_1140x500_2005_Ideias-de-tema-de-festa-infantil.png\" \/>\n\t<meta property=\"og:image:width\" content=\"1140\" \/>\n\t<meta property=\"og:image:height\" content=\"500\" \/>\n\t<meta property=\"og:image:type\" content=\"image\/png\" \/>\n<meta name=\"twitter:card\" content=\"summary_large_image\" \/>\n<meta name=\"twitter:label1\" content=\"Escrito por\" \/>\n\t<meta name=\"twitter:data1\" content=\"Bal\u00f5es\" \/>\n\t<meta name=\"twitter:label2\" content=\"Est. tempo de leitura\" \/>\n\t<meta name=\"twitter:data2\" content=\"8 minutos\" \/>\n<script type=\"application\/ld+json\" class=\"yoast-schema-graph\">{\"@context\":\"https:\/\/schema.org\",\"@graph\":[{\"@type\":\"WebSite\",\"@id\":\"https:\/\/baloessaoroque.com.br\/en\/#website\",\"url\":\"https:\/\/baloessaoroque.com.br\/en\/\",\"name\":\"Bal\u00f5es S\u00e3o Roque\",\"description\":\"Sua vida cheia de festa!\",\"potentialAction\":[{\"@type\":\"SearchAction\",\"target\":{\"@type\":\"EntryPoint\",\"urlTemplate\":\"https:\/\/baloessaoroque.com.br\/en\/?s={search_term_string}\"},\"query-input\":\"required name=search_term_string\"}],\"inLanguage\":\"pt-BR\"},{\"@type\":\"ImageObject\",\"@id\":\"https:\/\/baloessaoroque.com.br\/en\/blog-temas-de-festa-infantil\/#primaryimage\",\"inLanguage\":\"pt-BR\",\"url\":\"https:\/\/baloessaoroque.com.br\/en\/wp-content\/uploads\/2021\/05\/Blog_1140x500_2005_Ideias-de-tema-de-festa-infantil.png\",\"contentUrl\":\"https:\/\/baloessaoroque.com.br\/en\/wp-content\/uploads\/2021\/05\/Blog_1140x500_2005_Ideias-de-tema-de-festa-infantil.png\",\"width\":1140,\"height\":500,\"caption\":\"5 Ideias de tema de festa infantil\"},{\"@type\":\"WebPage\",\"@id\":\"https:\/\/baloessaoroque.com.br\/en\/blog-temas-de-festa-infantil\/#webpage\",\"url\":\"https:\/\/baloessaoroque.com.br\/en\/blog-temas-de-festa-infantil\/\",\"name\":\"5 Ideias de temas de festa infantil - Bal\u00f5es S\u00e3o Roque\",\"isPartOf\":{\"@id\":\"https:\/\/baloessaoroque.com.br\/en\/#website\"},\"primaryImageOfPage\":{\"@id\":\"https:\/\/baloessaoroque.com.br\/en\/blog-temas-de-festa-infantil\/#primaryimage\"},\"datePublished\":\"2021-05-31T14:26:17+00:00\",\"dateModified\":\"2022-03-23T18:57:25+00:00\",\"author\":{\"@id\":\"https:\/\/baloessaoroque.com.br\/en\/#\/schema\/person\/7ff5a7f4f517018c4b9dadee4fd7cb0c\"},\"description\":\"A escolha do tema do anivers\u00e1rio \u00e9 um tanto quanto complexa, pois s\u00e3o muitas op\u00e7\u00f5es. Para te ajudar, 5 ideias de temas de festa infantil q..\",\"breadcrumb\":{\"@id\":\"https:\/\/baloessaoroque.com.br\/en\/blog-temas-de-festa-infantil\/#breadcrumb\"},\"inLanguage\":\"pt-BR\",\"potentialAction\":[{\"@type\":\"ReadAction\",\"target\":[\"https:\/\/baloessaoroque.com.br\/en\/blog-temas-de-festa-infantil\/\"]}]},{\"@type\":\"BreadcrumbList\",\"@id\":\"https:\/\/baloessaoroque.com.br\/en\/blog-temas-de-festa-infantil\/#breadcrumb\",\"itemListElement\":[{\"@type\":\"ListItem\",\"position\":1,\"name\":\"In\u00edcio\",\"item\":\"https:\/\/baloessaoroque.com.br\/en\/\"},{\"@type\":\"ListItem\",\"position\":2,\"name\":\"5 Ideias de temas de festa infantil\"}]},{\"@type\":\"Person\",\"@id\":\"https:\/\/baloessaoroque.com.br\/en\/#\/schema\/person\/7ff5a7f4f517018c4b9dadee4fd7cb0c\",\"name\":\"Bal\u00f5es\",\"image\":{\"@type\":\"ImageObject\",\"@id\":\"https:\/\/baloessaoroque.com.br\/en\/#personlogo\",\"inLanguage\":\"pt-BR\",\"url\":\"https:\/\/secure.gravatar.com\/avatar\/a66f55f500065686f90d83cab8aa6ee9?s=96&d=mm&r=g\",\"contentUrl\":\"https:\/\/secure.gravatar.com\/avatar\/a66f55f500065686f90d83cab8aa6ee9?s=96&d=mm&r=g\",\"caption\":\"Bal\u00f5es\"},\"url\":\"https:\/\/baloessaoroque.com.br\/en\/author\/dev\/\"}]}<\/script>\n<!-- \/ Yoast SEO plugin. -->","yoast_head_json":{"title":"5 Ideias de temas de festa infantil - Bal\u00f5es S\u00e3o Roque","description":"A escolha do tema do anivers\u00e1rio \u00e9 um tanto quanto complexa, pois s\u00e3o muitas op\u00e7\u00f5es. Para te ajudar, 5 ideias de temas de festa infantil q..","robots":{"index":"index","follow":"follow","max-snippet":"max-snippet:-1","max-image-preview":"max-image-preview:large","max-video-preview":"max-video-preview:-1"},"canonical":"https:\/\/baloessaoroque.com.br\/en\/blog-temas-de-festa-infantil\/","og_locale":"pt_BR","og_type":"article","og_title":"5 Ideias de temas de festa infantil - Bal\u00f5es S\u00e3o Roque","og_description":"A escolha do tema do anivers\u00e1rio \u00e9 um tanto quanto complexa, pois s\u00e3o muitas op\u00e7\u00f5es. Para te ajudar, 5 ideias de temas de festa infantil q..","og_url":"https:\/\/baloessaoroque.com.br\/en\/blog-temas-de-festa-infantil\/","og_site_name":"Bal\u00f5es S\u00e3o Roque","article_published_time":"2021-05-31T14:26:17+00:00","article_modified_time":"2022-03-23T18:57:25+00:00","og_image":[{"width":1140,"height":500,"url":"https:\/\/baloessaoroque.com.br\/en\/wp-content\/uploads\/2021\/05\/Blog_1140x500_2005_Ideias-de-tema-de-festa-infantil.png","type":"image\/png"}],"twitter_card":"summary_large_image","twitter_misc":{"Escrito por":"Bal\u00f5es","Est. tempo de leitura":"8 minutos"},"schema":{"@context":"https:\/\/schema.org","@graph":[{"@type":"WebSite","@id":"https:\/\/baloessaoroque.com.br\/en\/#website","url":"https:\/\/baloessaoroque.com.br\/en\/","name":"Bal\u00f5es S\u00e3o Roque","description":"Sua vida cheia de festa!","potentialAction":[{"@type":"SearchAction","target":{"@type":"EntryPoint","urlTemplate":"https:\/\/baloessaoroque.com.br\/en\/?s={search_term_string}"},"query-input":"required name=search_term_string"}],"inLanguage":"pt-BR"},{"@type":"ImageObject","@id":"https:\/\/baloessaoroque.com.br\/en\/blog-temas-de-festa-infantil\/#primaryimage","inLanguage":"pt-BR","url":"https:\/\/baloessaoroque.com.br\/en\/wp-content\/uploads\/2021\/05\/Blog_1140x500_2005_Ideias-de-tema-de-festa-infantil.png","contentUrl":"https:\/\/baloessaoroque.com.br\/en\/wp-content\/uploads\/2021\/05\/Blog_1140x500_2005_Ideias-de-tema-de-festa-infantil.png","width":1140,"height":500,"caption":"5 Ideias de tema de festa infantil"},{"@type":"WebPage","@id":"https:\/\/baloessaoroque.com.br\/en\/blog-temas-de-festa-infantil\/#webpage","url":"https:\/\/baloessaoroque.com.br\/en\/blog-temas-de-festa-infantil\/","name":"5 Ideias de temas de festa infantil - Bal\u00f5es S\u00e3o Roque","isPartOf":{"@id":"https:\/\/baloessaoroque.com.br\/en\/#website"},"primaryImageOfPage":{"@id":"https:\/\/baloessaoroque.com.br\/en\/blog-temas-de-festa-infantil\/#primaryimage"},"datePublished":"2021-05-31T14:26:17+00:00","dateModified":"2022-03-23T18:57:25+00:00","author":{"@id":"https:\/\/baloessaoroque.com.br\/en\/#\/schema\/person\/7ff5a7f4f517018c4b9dadee4fd7cb0c"},"description":"A escolha do tema do anivers\u00e1rio \u00e9 um tanto quanto complexa, pois s\u00e3o muitas op\u00e7\u00f5es. Para te ajudar, 5 ideias de temas de festa infantil q..","breadcrumb":{"@id":"https:\/\/baloessaoroque.com.br\/en\/blog-temas-de-festa-infantil\/#breadcrumb"},"inLanguage":"pt-BR","potentialAction":[{"@type":"ReadAction","target":["https:\/\/baloessaoroque.com.br\/en\/blog-temas-de-festa-infantil\/"]}]},{"@type":"BreadcrumbList","@id":"https:\/\/baloessaoroque.com.br\/en\/blog-temas-de-festa-infantil\/#breadcrumb","itemListElement":[{"@type":"ListItem","position":1,"name":"In\u00edcio","item":"https:\/\/baloessaoroque.com.br\/en\/"},{"@type":"ListItem","position":2,"name":"5 Ideias de temas de festa infantil"}]},{"@type":"Person","@id":"https:\/\/baloessaoroque.com.br\/en\/#\/schema\/person\/7ff5a7f4f517018c4b9dadee4fd7cb0c","name":"Bal\u00f5es","image":{"@type":"ImageObject","@id":"https:\/\/baloessaoroque.com.br\/en\/#personlogo","inLanguage":"pt-BR","url":"https:\/\/secure.gravatar.com\/avatar\/a66f55f500065686f90d83cab8aa6ee9?s=96&d=mm&r=g","contentUrl":"https:\/\/secure.gravatar.com\/avatar\/a66f55f500065686f90d83cab8aa6ee9?s=96&d=mm&r=g","caption":"Bal\u00f5es"},"url":"https:\/\/baloessaoroque.com.br\/en\/author\/dev\/"}]}},"_links":{"self":[{"href":"https:\/\/baloessaoroque.com.br\/en\/wp-json\/wp\/v2\/posts\/5924"}],"collection":[{"href":"https:\/\/baloessaoroque.com.br\/en\/wp-json\/wp\/v2\/posts"}],"about":[{"href":"https:\/\/baloessaoroque.com.br\/en\/wp-json\/wp\/v2\/types\/post"}],"author":[{"embeddable":true,"href":"https:\/\/baloessaoroque.com.br\/en\/wp-json\/wp\/v2\/users\/2"}],"replies":[{"embeddable":true,"href":"https:\/\/baloessaoroque.com.br\/en\/wp-json\/wp\/v2\/comments?post=5924"}],"version-history":[{"count":3,"href":"https:\/\/baloessaoroque.com.br\/en\/wp-json\/wp\/v2\/posts\/5924\/revisions"}],"predecessor-version":[{"id":11072,"href":"https:\/\/baloessaoroque.com.br\/en\/wp-json\/wp\/v2\/posts\/5924\/revisions\/11072"}],"wp:featuredmedia":[{"embeddable":true,"href":"https:\/\/baloessaoroque.com.br\/en\/wp-json\/wp\/v2\/media\/5941"}],"wp:attachment":[{"href":"https:\/\/baloessaoroque.com.br\/en\/wp-json\/wp\/v2\/media?parent=5924"}],"wp:term":[{"taxonomy":"category","embeddable":true,"href":"https:\/\/baloessaoroque.com.br\/en\/wp-json\/wp\/v2\/categories?post=5924"},{"taxonomy":"post_tag","embeddable":true,"href":"https:\/\/baloessaoroque.com.br\/en\/wp-json\/wp\/v2\/tags?post=5924"}],"curies":[{"name":"wp","href":"https:\/\/api.w.org\/{rel}","templated":true}]}}