{"id":6232,"date":"2021-06-21T13:18:00","date_gmt":"2021-06-21T16:18:00","guid":{"rendered":"https:\/\/baloessaoroque.com.br\/en\/?p=6232"},"modified":"2022-01-06T16:48:53","modified_gmt":"2022-01-06T19:48:53","slug":"blog-festa-de-15-anos","status":"publish","type":"post","link":"https:\/\/baloessaoroque.com.br\/en\/blog-festa-de-15-anos\/","title":{"rendered":"Temas fant\u00e1sticos e \u00fanicos para festa de 15 anos"},"content":{"rendered":"<div id=\"ez-toc-container\" class=\"ez-toc-v2_0_18 counter-hierarchy counter-decimal\">\n<div class=\"ez-toc-title-container\">\n<p class=\"ez-toc-title\">Sum&aacute;rio<\/p>\n<span class=\"ez-toc-title-toggle\"><a class=\"ez-toc-pull-right ez-toc-btn ez-toc-btn-xs ez-toc-btn-default ez-toc-toggle\" style=\"display: none;\"><i class=\"ez-toc-glyphicon ez-toc-icon-toggle\"><\/i><\/a><\/span><\/div>\n<nav><ul class=\"ez-toc-list ez-toc-list-level-1\"><ul class=\"ez-toc-list-level-3\"><li class=\"ez-toc-heading-level-3\"><a class=\"ez-toc-link ez-toc-heading-1\" href=\"https:\/\/baloessaoroque.com.br\/en\/blog-festa-de-15-anos\/#Neon\" title=\"Neon\">Neon<\/a><\/li><li class=\"ez-toc-page-1 ez-toc-heading-level-3\"><a class=\"ez-toc-link ez-toc-heading-2\" href=\"https:\/\/baloessaoroque.com.br\/en\/blog-festa-de-15-anos\/#Festa_de_15_anos_Tropical\" title=\"Festa de 15 anos Tropical\">Festa de 15 anos Tropical<\/a><\/li><li class=\"ez-toc-page-1 ez-toc-heading-level-3\"><a class=\"ez-toc-link ez-toc-heading-3\" href=\"https:\/\/baloessaoroque.com.br\/en\/blog-festa-de-15-anos\/#Fundo_do_mar\" title=\"Fundo do mar\">Fundo do mar<\/a><\/li><li class=\"ez-toc-page-1 ez-toc-heading-level-3\"><a class=\"ez-toc-link ez-toc-heading-4\" href=\"https:\/\/baloessaoroque.com.br\/en\/blog-festa-de-15-anos\/#Galaxia\" title=\"Gal\u00e1xia\">Gal\u00e1xia<\/a><\/li><\/ul><\/li><li class=\"ez-toc-page-1 ez-toc-heading-level-2\"><a class=\"ez-toc-link ez-toc-heading-5\" href=\"https:\/\/baloessaoroque.com.br\/en\/blog-festa-de-15-anos\/#A_Classica_festa_de_15_anos\" title=\"A Cl\u00e1ssica festa de 15 anos\">A Cl\u00e1ssica festa de 15 anos<\/a><\/li><\/ul><\/nav><\/div>\n\n<p>A t\u00e3o sonhada festa de 15 anos \u00e9 um dos momentos mais esperados por toda adolescente e, cada vez mais, a decora\u00e7\u00e3o para esta celebra\u00e7\u00e3o se torna mais moderna, atualizada e repleta de detalhes que fazem parte da personalidade da aniversariante.<\/p>\n\n\n\n<div style=\"height:40px\" aria-hidden=\"true\" class=\"wp-block-spacer\"><\/div>\n\n\n\n<p>Escolher a tem\u00e1tica da festa \u00e9 primordial para dar um start na organiza\u00e7\u00e3o de todo o resto, como convite, vestu\u00e1rio, card\u00e1pio e claro, a decora\u00e7\u00e3o.<\/p>\n\n\n\n<div style=\"height:40px\" aria-hidden=\"true\" class=\"wp-block-spacer\"><\/div>\n\n\n\n<p>Existe uma infinidade de temas para festa de 15 anos, e, o que determina a escolha final s\u00e3o as tend\u00eancias e prefer\u00eancias da debutante. Do mais cl\u00e1ssico aos temas mais ousados, as op\u00e7\u00f5es s\u00e3o diversas. Para te ajudar no planejamento da festa dos sonhos, separamos 5 temas de decora\u00e7\u00f5es com bal\u00f5es para decidir por aquele que mais combina com a aniversariante. Prepare alguns minutinhos e boa leitura!<\/p>\n\n\n\n<div style=\"height:40px\" aria-hidden=\"true\" class=\"wp-block-spacer\"><\/div>\n\n\n\n<h3><span class=\"ez-toc-section\" id=\"Neon\"><\/span><strong>Neon<\/strong><span class=\"ez-toc-section-end\"><\/span><\/h3>\n\n\n\n<p>Para quem ama uma celebra\u00e7\u00e3o com cores vivas, din\u00e2mica e dentro da moda, a festa de 15 anos com tema neon tem feito o maior sucesso entre os adolescentes. Vale apostar em cores fluorescentes sobrepostas no preto, afinal, s\u00e3o elas que dar\u00e3o o brilho desejado. E para causar um efeito ainda mais bonito, investir na ilumina\u00e7\u00e3o com luz negra far\u00e1 toda a diferen\u00e7a.<\/p>\n\n\n\n<figure class=\"wp-block-image size-large is-resized\"><a href=\"https:\/\/baloessaoroque.com.br\/en\/wp-content\/uploads\/2021\/06\/neon.jpeg\"><img loading=\"lazy\" src=\"https:\/\/baloessaoroque.com.br\/en\/wp-content\/uploads\/2021\/06\/neon-1024x571.jpeg\" alt=\"Tema neon para festa de 15 anos\" class=\"wp-image-6233\" width=\"808\" height=\"450\" srcset=\"https:\/\/baloessaoroque.com.br\/en\/wp-content\/uploads\/2021\/06\/neon-1024x571.jpeg 1024w, https:\/\/baloessaoroque.com.br\/en\/wp-content\/uploads\/2021\/06\/neon-300x167.jpeg 300w, https:\/\/baloessaoroque.com.br\/en\/wp-content\/uploads\/2021\/06\/neon-768x428.jpeg 768w, https:\/\/baloessaoroque.com.br\/en\/wp-content\/uploads\/2021\/06\/neon-400x223.jpeg 400w, https:\/\/baloessaoroque.com.br\/en\/wp-content\/uploads\/2021\/06\/neon-620x346.jpeg 620w, https:\/\/baloessaoroque.com.br\/en\/wp-content\/uploads\/2021\/06\/neon-600x335.jpeg 600w, https:\/\/baloessaoroque.com.br\/en\/wp-content\/uploads\/2021\/06\/neon.jpeg 1280w\" sizes=\"(max-width: 808px) 100vw, 808px\" \/><\/a><\/figure>\n\n\n\n<p>Artigos como pulseiras, colares, an\u00e9is e tintas fluorescentes tamb\u00e9m complementam a decora\u00e7\u00e3o e conquistam a mo\u00e7ada, al\u00e9m de serem f\u00e1ceis de encontrar. Os pre\u00e7os variam de acordo com a escolha, mas voc\u00ea pode pesquisar em lojas de artigos para festas tanto f\u00edsicas quanto virtuais.<\/p>\n\n\n\n<div style=\"height:40px\" aria-hidden=\"true\" class=\"wp-block-spacer\"><\/div>\n\n\n\n<p>E claro que os bal\u00f5es n\u00e3o podem faltar em uma decora\u00e7\u00e3o como essa. A <a href=\"https:\/\/baloessaoroque.com.br\/en\/categoria-produto\/neon\/\" target=\"_blank\" rel=\"noreferrer noopener\">linha neon<\/a> da Bal\u00f5es S\u00e3o Roque conta com cores mais intensas, brilhantes e reluzentes! Por isso, combinam perfeitamente com festas descontra\u00eddas, pois chamam a aten\u00e7\u00e3o de todos os convidados.<\/p>\n\n\n\n<div style=\"height:40px\" aria-hidden=\"true\" class=\"wp-block-spacer\"><\/div>\n\n\n\n<h3><span class=\"ez-toc-section\" id=\"Festa_de_15_anos_Tropical\"><\/span><strong>Festa de 15 anos Tropical<\/strong><span class=\"ez-toc-section-end\"><\/span><\/h3>\n\n\n\n<p>Se o anivers\u00e1rio ser\u00e1 em \u00e9pocas mais quentes como na primavera ou no ver\u00e3o, o <a href=\"https:\/\/baloessaoroque.com.br\/en\/produto-tag\/festa-tropical\/\" target=\"_blank\" rel=\"noreferrer noopener\">tema Tropical<\/a> \u00e9 muito procurado para festas de 15 anos. Isso porque \u00e9 poss\u00edvel celebrar em ambientes externos e com piscina.<\/p>\n\n\n\n<div style=\"height:40px\" aria-hidden=\"true\" class=\"wp-block-spacer\"><\/div>\n\n\n\n<p>A decora\u00e7\u00e3o de uma festa Tropical costuma ser bastante colorida, despojada e alegre. Flores, folhas, imagens de animais ex\u00f3ticos como o flamingo e itens de madeira s\u00e3o componentes indispens\u00e1veis nesta decora\u00e7\u00e3o. E caso n\u00e3o queira investir em flores e folhagens naturais, pode optar pelas artificiais que garantem o mesmo efeito. Folhas de costela de ad\u00e3o s\u00e3o umas das mais procuradas para essa tem\u00e1tica.<\/p>\n\n\n\n<figure class=\"wp-block-gallery columns-2 is-cropped\"><ul class=\"blocks-gallery-grid\"><li class=\"blocks-gallery-item\"><figure><a href=\"https:\/\/baloessaoroque.com.br\/en\/wp-content\/uploads\/2021\/06\/6e87b75d99558dae9e030d888cb26a70.jpeg\"><img loading=\"lazy\" width=\"564\" height=\"423\" src=\"https:\/\/baloessaoroque.com.br\/en\/wp-content\/uploads\/2021\/06\/6e87b75d99558dae9e030d888cb26a70.jpeg\" alt=\"\" data-id=\"6242\" data-full-url=\"https:\/\/baloessaoroque.com.br\/en\/wp-content\/uploads\/2021\/06\/6e87b75d99558dae9e030d888cb26a70.jpeg\" data-link=\"https:\/\/baloessaoroque.com.br\/en\/?attachment_id=6242\" class=\"wp-image-6242\" srcset=\"https:\/\/baloessaoroque.com.br\/en\/wp-content\/uploads\/2021\/06\/6e87b75d99558dae9e030d888cb26a70.jpeg 564w, https:\/\/baloessaoroque.com.br\/en\/wp-content\/uploads\/2021\/06\/6e87b75d99558dae9e030d888cb26a70-300x225.jpeg 300w, https:\/\/baloessaoroque.com.br\/en\/wp-content\/uploads\/2021\/06\/6e87b75d99558dae9e030d888cb26a70-400x300.jpeg 400w\" sizes=\"(max-width: 564px) 100vw, 564px\" \/><\/a><\/figure><\/li><li class=\"blocks-gallery-item\"><figure><a href=\"https:\/\/baloessaoroque.com.br\/en\/wp-content\/uploads\/2021\/06\/9a814be618e7081b6150affa967d75a6.jpeg\"><img loading=\"lazy\" width=\"564\" height=\"564\" src=\"https:\/\/baloessaoroque.com.br\/en\/wp-content\/uploads\/2021\/06\/9a814be618e7081b6150affa967d75a6.jpeg\" alt=\"\" data-id=\"6243\" data-full-url=\"https:\/\/baloessaoroque.com.br\/en\/wp-content\/uploads\/2021\/06\/9a814be618e7081b6150affa967d75a6.jpeg\" data-link=\"https:\/\/baloessaoroque.com.br\/en\/?attachment_id=6243\" class=\"wp-image-6243\" srcset=\"https:\/\/baloessaoroque.com.br\/en\/wp-content\/uploads\/2021\/06\/9a814be618e7081b6150affa967d75a6.jpeg 564w, https:\/\/baloessaoroque.com.br\/en\/wp-content\/uploads\/2021\/06\/9a814be618e7081b6150affa967d75a6-300x300.jpeg 300w, https:\/\/baloessaoroque.com.br\/en\/wp-content\/uploads\/2021\/06\/9a814be618e7081b6150affa967d75a6-150x150.jpeg 150w, https:\/\/baloessaoroque.com.br\/en\/wp-content\/uploads\/2021\/06\/9a814be618e7081b6150affa967d75a6-400x400.jpeg 400w, https:\/\/baloessaoroque.com.br\/en\/wp-content\/uploads\/2021\/06\/9a814be618e7081b6150affa967d75a6-100x100.jpeg 100w\" sizes=\"(max-width: 564px) 100vw, 564px\" \/><\/a><\/figure><\/li><\/ul><\/figure>\n\n\n\n<p>E claro que um clima tropical pede drinks refrescantes, comidas leves e muitas cores na decora\u00e7\u00e3o, como os bal\u00f5es da linha <a href=\"https:\/\/baloessaoroque.com.br\/en\/categoria-produto\/liso\/\" target=\"_blank\" rel=\"noreferrer noopener\">liso <\/a>e <a href=\"https:\/\/baloessaoroque.com.br\/en\/produto-tag\/festa-tropical\/\" target=\"_blank\" rel=\"noreferrer noopener\">decorados <\/a>da Bal\u00f5es S\u00e3o Roque. As tonalidades \u2018New Pink\u2019, \u2018Coral\u2019 e \u2018Laranja Mandarim\u2019 s\u00e3o os queridinhos para uma festa colorida!<\/p>\n\n\n\n<div style=\"height:40px\" aria-hidden=\"true\" class=\"wp-block-spacer\"><\/div>\n\n\n\n<h3><span class=\"ez-toc-section\" id=\"Fundo_do_mar\"><\/span><strong>Fundo do mar<\/strong><span class=\"ez-toc-section-end\"><\/span><\/h3>\n\n\n\n<p>Quem pensa que o tema fundo do mar serve apenas para anivers\u00e1rios de crian\u00e7as, est\u00e1 enganado. Essa tem\u00e1tica \u00e9 uma das tend\u00eancias mais buscadas para a festa de 15 anos.<\/p>\n\n\n\n<div style=\"height:40px\" aria-hidden=\"true\" class=\"wp-block-spacer\"><\/div>\n\n\n\n<p>Para este tipo de decora\u00e7\u00e3o, vale usar a criatividade e apostar em elementos que tragam \u00e0 tona toda a magia do fundo do mar, com conchas, algas marinhas, p\u00e9rolas e \u00e9 claro, sereias.<\/p>\n\n\n\n<figure class=\"wp-block-image size-large is-resized\"><a href=\"https:\/\/baloessaoroque.com.br\/en\/wp-content\/uploads\/2021\/06\/IMG_4695-scaled.jpg\"><img loading=\"lazy\" src=\"https:\/\/baloessaoroque.com.br\/en\/wp-content\/uploads\/2021\/06\/IMG_4695-683x1024.jpg\" alt=\"Decora\u00e7\u00e3o fundo do mar para festa de 15 anos\" class=\"wp-image-6234\" width=\"407\" height=\"611\" srcset=\"https:\/\/baloessaoroque.com.br\/en\/wp-content\/uploads\/2021\/06\/IMG_4695-683x1024.jpg 683w, https:\/\/baloessaoroque.com.br\/en\/wp-content\/uploads\/2021\/06\/IMG_4695-200x300.jpg 200w, https:\/\/baloessaoroque.com.br\/en\/wp-content\/uploads\/2021\/06\/IMG_4695-768x1152.jpg 768w, https:\/\/baloessaoroque.com.br\/en\/wp-content\/uploads\/2021\/06\/IMG_4695-1024x1536.jpg 1024w, https:\/\/baloessaoroque.com.br\/en\/wp-content\/uploads\/2021\/06\/IMG_4695-1365x2048.jpg 1365w, https:\/\/baloessaoroque.com.br\/en\/wp-content\/uploads\/2021\/06\/IMG_4695-400x600.jpg 400w, https:\/\/baloessaoroque.com.br\/en\/wp-content\/uploads\/2021\/06\/IMG_4695-600x900.jpg 600w, https:\/\/baloessaoroque.com.br\/en\/wp-content\/uploads\/2021\/06\/IMG_4695-scaled.jpg 1707w\" sizes=\"(max-width: 407px) 100vw, 407px\" \/><\/a><\/figure>\n\n\n\n<p>Al\u00e9m dos bal\u00f5es tem\u00e1ticos de <a href=\"https:\/\/baloessaoroque.com.br\/en\/produtos\/decorados\/9-polegadas\/fundo-do-mar-sortido\/\" target=\"_blank\" rel=\"noreferrer noopener\">fundo do mar<\/a>, as cores que mais combinam com este tipo de decora\u00e7\u00e3o s\u00e3o os tons de azul, rosa e lil\u00e1s, que garantem uma composi\u00e7\u00e3o extremamente charmosa. As linhas <a href=\"https:\/\/baloessaoroque.com.br\/en\/categoria-produto\/cristal-baby\/\" target=\"_blank\" rel=\"noreferrer noopener\">Cristal Baby<\/a> e <a href=\"https:\/\/baloessaoroque.com.br\/en\/categoria-produto\/perolado\/\" target=\"_blank\" rel=\"noreferrer noopener\">Perolado <\/a>deixam as esculturas ainda mais bonitas, delicadas e ainda possuem uma variedade de cores e tamanhos!<\/p>\n\n\n\n<div style=\"height:40px\" aria-hidden=\"true\" class=\"wp-block-spacer\"><\/div>\n\n\n\n<h3><span class=\"ez-toc-section\" id=\"Galaxia\"><\/span><strong>Gal\u00e1xia<\/strong><span class=\"ez-toc-section-end\"><\/span><\/h3>\n\n\n\n<p>Da entrada at\u00e9 a pista de dan\u00e7a, a ideia \u00e9 trazer o intoc\u00e1vel para perto, ou seja, transmitir a magia do espa\u00e7o sideral em toda a decora\u00e7\u00e3o do ambiente.<\/p>\n\n\n\n<figure class=\"wp-block-image size-large\"><a href=\"https:\/\/baloessaoroque.com.br\/en\/wp-content\/uploads\/2021\/06\/b128391e60e1f1a3c1376bbbdfaa2c96.jpeg\"><img loading=\"lazy\" width=\"562\" height=\"426\" src=\"https:\/\/baloessaoroque.com.br\/en\/wp-content\/uploads\/2021\/06\/b128391e60e1f1a3c1376bbbdfaa2c96.jpeg\" alt=\"Tema gal\u00e1xia para festa de 15 anos\" class=\"wp-image-6244\" srcset=\"https:\/\/baloessaoroque.com.br\/en\/wp-content\/uploads\/2021\/06\/b128391e60e1f1a3c1376bbbdfaa2c96.jpeg 562w, https:\/\/baloessaoroque.com.br\/en\/wp-content\/uploads\/2021\/06\/b128391e60e1f1a3c1376bbbdfaa2c96-300x227.jpeg 300w, https:\/\/baloessaoroque.com.br\/en\/wp-content\/uploads\/2021\/06\/b128391e60e1f1a3c1376bbbdfaa2c96-400x303.jpeg 400w\" sizes=\"(max-width: 562px) 100vw, 562px\" \/><\/a><\/figure>\n\n\n\n<p>Este \u00e9 um tema criativo e diferente que tem se destacado entre as festas de 15 anos, pois \u00e9 capaz de surpreender todos os convidados pela originalidade e mist\u00e9rio. Vale apostar em itens com tonalidades mais neutras, como o preto, cinza, azul e roxo. Para os bal\u00f5es, indicamos os produtos da linha <a href=\"https:\/\/baloessaoroque.com.br\/en\/categoria-produto\/metallic-ballom\/\" target=\"_blank\" rel=\"noreferrer noopener\">Metallic<\/a> que exalam sofistica\u00e7\u00e3o, glamour e brilho do metal.<\/p>\n\n\n\n<div style=\"height:40px\" aria-hidden=\"true\" class=\"wp-block-spacer\"><\/div>\n\n\n\n<h2><span class=\"ez-toc-section\" id=\"A_Classica_festa_de_15_anos\"><\/span><strong>A Cl\u00e1ssica festa de 15 anos<\/strong><span class=\"ez-toc-section-end\"><\/span><\/h2>\n\n\n\n<p>Caso a aniversariante opte por n\u00e3o escolher um tema em espec\u00edfico, pode decidir entre as suas cores preferidas. O importante \u00e9 que a comemora\u00e7\u00e3o expresse o estilo da debutante.<\/p>\n\n\n\n<div style=\"height:40px\" aria-hidden=\"true\" class=\"wp-block-spacer\"><\/div>\n\n\n\n<p>Uma tend\u00eancia forte na cl\u00e1ssica festa de 15 anos \u00e9 a utiliza\u00e7\u00e3o de bal\u00f5es Perolados e <a href=\"https:\/\/baloessaoroque.com.br\/en\/categoria-produto\/metallic-ballom\/\" target=\"_blank\" rel=\"noreferrer noopener\">Metallic<\/a>, pois, al\u00e9m do brilho, refletem muito luxo e s\u00e3o sempre certeiros na escolha.<\/p>\n\n\n\n<div style=\"height:40px\" aria-hidden=\"true\" class=\"wp-block-spacer\"><\/div>\n\n\n\n<p>Vale destacar que arcos desconstru\u00eddos, bal\u00f5es com g\u00e1s h\u00e9lio, guirlandas org\u00e2nicas e pain\u00e9is de todas as formas s\u00e3o totalmente adapt\u00e1veis aos espa\u00e7os da festa, independentemente do tema escolhido.<\/p>\n\n\n\n<figure class=\"wp-block-gallery columns-2 is-cropped\"><ul class=\"blocks-gallery-grid\"><li class=\"blocks-gallery-item\"><figure><a href=\"https:\/\/baloessaoroque.com.br\/en\/wp-content\/uploads\/2021\/06\/WhatsApp-Image-2021-06-21-at-12.04.55-1.jpeg\"><img loading=\"lazy\" width=\"1024\" height=\"1024\" src=\"https:\/\/baloessaoroque.com.br\/en\/wp-content\/uploads\/2021\/06\/WhatsApp-Image-2021-06-21-at-12.04.55-1-1024x1024.jpeg\" alt=\"\" data-id=\"6237\" data-full-url=\"https:\/\/baloessaoroque.com.br\/en\/wp-content\/uploads\/2021\/06\/WhatsApp-Image-2021-06-21-at-12.04.55-1.jpeg\" data-link=\"https:\/\/baloessaoroque.com.br\/en\/?attachment_id=6237\" class=\"wp-image-6237\" srcset=\"https:\/\/baloessaoroque.com.br\/en\/wp-content\/uploads\/2021\/06\/WhatsApp-Image-2021-06-21-at-12.04.55-1-1024x1024.jpeg 1024w, https:\/\/baloessaoroque.com.br\/en\/wp-content\/uploads\/2021\/06\/WhatsApp-Image-2021-06-21-at-12.04.55-1-300x300.jpeg 300w, https:\/\/baloessaoroque.com.br\/en\/wp-content\/uploads\/2021\/06\/WhatsApp-Image-2021-06-21-at-12.04.55-1-150x150.jpeg 150w, https:\/\/baloessaoroque.com.br\/en\/wp-content\/uploads\/2021\/06\/WhatsApp-Image-2021-06-21-at-12.04.55-1-768x768.jpeg 768w, https:\/\/baloessaoroque.com.br\/en\/wp-content\/uploads\/2021\/06\/WhatsApp-Image-2021-06-21-at-12.04.55-1-400x400.jpeg 400w, https:\/\/baloessaoroque.com.br\/en\/wp-content\/uploads\/2021\/06\/WhatsApp-Image-2021-06-21-at-12.04.55-1-620x620.jpeg 620w, https:\/\/baloessaoroque.com.br\/en\/wp-content\/uploads\/2021\/06\/WhatsApp-Image-2021-06-21-at-12.04.55-1-600x600.jpeg 600w, https:\/\/baloessaoroque.com.br\/en\/wp-content\/uploads\/2021\/06\/WhatsApp-Image-2021-06-21-at-12.04.55-1-100x100.jpeg 100w, https:\/\/baloessaoroque.com.br\/en\/wp-content\/uploads\/2021\/06\/WhatsApp-Image-2021-06-21-at-12.04.55-1.jpeg 1080w\" sizes=\"(max-width: 1024px) 100vw, 1024px\" \/><\/a><\/figure><\/li><li class=\"blocks-gallery-item\"><figure><a href=\"https:\/\/baloessaoroque.com.br\/en\/wp-content\/uploads\/2021\/06\/WhatsApp-Image-2021-06-21-at-12.04.56-1.jpeg\"><img loading=\"lazy\" width=\"1024\" height=\"1024\" src=\"https:\/\/baloessaoroque.com.br\/en\/wp-content\/uploads\/2021\/06\/WhatsApp-Image-2021-06-21-at-12.04.56-1-1024x1024.jpeg\" alt=\"\" data-id=\"6238\" data-full-url=\"https:\/\/baloessaoroque.com.br\/en\/wp-content\/uploads\/2021\/06\/WhatsApp-Image-2021-06-21-at-12.04.56-1.jpeg\" data-link=\"https:\/\/baloessaoroque.com.br\/en\/?attachment_id=6238\" class=\"wp-image-6238\" srcset=\"https:\/\/baloessaoroque.com.br\/en\/wp-content\/uploads\/2021\/06\/WhatsApp-Image-2021-06-21-at-12.04.56-1-1024x1024.jpeg 1024w, https:\/\/baloessaoroque.com.br\/en\/wp-content\/uploads\/2021\/06\/WhatsApp-Image-2021-06-21-at-12.04.56-1-300x300.jpeg 300w, https:\/\/baloessaoroque.com.br\/en\/wp-content\/uploads\/2021\/06\/WhatsApp-Image-2021-06-21-at-12.04.56-1-150x150.jpeg 150w, https:\/\/baloessaoroque.com.br\/en\/wp-content\/uploads\/2021\/06\/WhatsApp-Image-2021-06-21-at-12.04.56-1-768x768.jpeg 768w, https:\/\/baloessaoroque.com.br\/en\/wp-content\/uploads\/2021\/06\/WhatsApp-Image-2021-06-21-at-12.04.56-1-400x400.jpeg 400w, https:\/\/baloessaoroque.com.br\/en\/wp-content\/uploads\/2021\/06\/WhatsApp-Image-2021-06-21-at-12.04.56-1-620x620.jpeg 620w, https:\/\/baloessaoroque.com.br\/en\/wp-content\/uploads\/2021\/06\/WhatsApp-Image-2021-06-21-at-12.04.56-1-600x600.jpeg 600w, https:\/\/baloessaoroque.com.br\/en\/wp-content\/uploads\/2021\/06\/WhatsApp-Image-2021-06-21-at-12.04.56-1-100x100.jpeg 100w, https:\/\/baloessaoroque.com.br\/en\/wp-content\/uploads\/2021\/06\/WhatsApp-Image-2021-06-21-at-12.04.56-1.jpeg 1080w\" sizes=\"(max-width: 1024px) 100vw, 1024px\" \/><\/a><\/figure><\/li><\/ul><\/figure>\n\n\n\n<p>E caso o seu or\u00e7amento esteja um pouco limitado, n\u00e3o se preocupe, \u00e9 poss\u00edvel fazer uma festa linda e econ\u00f4mica. Neste outro <a href=\"https:\/\/baloessaoroque.com.br\/en\/dicas-de-como-economizar-na-sua-festa\/\" target=\"_blank\" rel=\"noreferrer noopener\">artigo<\/a>, temos algumas dicas incr\u00edveis para te ajudar na parte financeira.\u00a0<\/p>\n\n\n\n<div style=\"height:40px\" aria-hidden=\"true\" class=\"wp-block-spacer\"><\/div>\n\n\n\n<p>Agora que voc\u00ea leu nossa dica de temas da festa de 15 anos, ficou muito mais f\u00e1cil de escolher, n\u00e3o \u00e9 mesmo?<\/p>\n\n\n\n<div style=\"height:40px\" aria-hidden=\"true\" class=\"wp-block-spacer\"><\/div>\n\n\n\n<p>Mas lembre-se: pense e priorize aquilo que mais te agrada, assim, a sua festa ser\u00e1 exclusiva e \u00fanica, com tudo o que voc\u00ea mais gosta.<\/p>\n\n\n\n<div style=\"height:40px\" aria-hidden=\"true\" class=\"wp-block-spacer\"><\/div>\n\n\n\n<p>E para tornar esse momento inesquec\u00edvel, conte com os <a href=\"https:\/\/baloessaoroque.com.br\/en\/produtos\/\" target=\"_blank\" rel=\"noreferrer noopener\">produtos <\/a>da Bal\u00f5es S\u00e3o Roque. H\u00e1 68 anos transformamos momentos de alegria e criamos belas recorda\u00e7\u00f5es, afinal, \u00e9 um prazer encher a sua vida de festa!<\/p>\n\n\n\n<div style=\"height:40px\" aria-hidden=\"true\" class=\"wp-block-spacer\"><\/div>\n\n\n\n<p>Curta nossa p\u00e1gina no <a href=\"https:\/\/fb.com\/Baloes.SR\" target=\"_blank\" rel=\"noreferrer noopener\">Facebook <\/a>e siga-nos no <a href=\"https:\/\/instagram.com\/Baloes.SaoRoque\" target=\"_blank\" rel=\"noreferrer noopener\">Instagram <\/a>para ficar por dentro de todas as novidades. Agora se voc\u00ea adora fazer a sua pr\u00f3pria decora\u00e7\u00e3o, n\u00e3o deixe de acompanhar nosso canal do <a href=\"https:\/\/www.youtube.com\/channel\/UCu2txLVCYP14NhJcRq57WEQ\" target=\"_blank\" rel=\"noreferrer noopener\">YouTube<\/a>, l\u00e1 temos diversos tutoriais que te ajudar\u00e3o muito!<\/p>\n\n\n\n<div style=\"height:40px\" aria-hidden=\"true\" class=\"wp-block-spacer\"><\/div>\n\n\n\n<p>Gostou desse conte\u00fado? Compartilhe com seus amigos!<\/p>\n\n\n\n<p>At\u00e9 a pr\u00f3xima.<\/p>\n","protected":false},"excerpt":{"rendered":"<p>Sum&aacute;rio NeonFesta de 15 anos TropicalFundo do marGal\u00e1xiaA Cl\u00e1ssica festa de 15 anos A t\u00e3o sonhada festa de 15 anos [&hellip;]<\/p>\n","protected":false},"author":2,"featured_media":6239,"comment_status":"open","ping_status":"open","sticky":false,"template":"","format":"standard","meta":[],"categories":[22,29,746],"tags":[774,879,773,878],"yoast_head":"<!-- This site is optimized with the Yoast SEO plugin v18.4.1 - https:\/\/yoast.com\/wordpress\/plugins\/seo\/ -->\n<title>Festa de 15 anos: temas fant\u00e1sticos e \u00fanicos - Bal\u00f5es S\u00e3o Roque<\/title>\n<meta name=\"description\" content=\"Para te ajudar no planejamento da t\u00e3o sonhada festa de 15 anos, separamos 5 temas incr\u00edveis de decora\u00e7\u00f5es com bal\u00f5es para decidir por aque...\" \/>\n<meta name=\"robots\" content=\"index, follow, max-snippet:-1, max-image-preview:large, max-video-preview:-1\" \/>\n<link rel=\"canonical\" href=\"https:\/\/baloessaoroque.com.br\/en\/blog-festa-de-15-anos\/\" \/>\n<meta property=\"og:locale\" content=\"pt_BR\" \/>\n<meta property=\"og:type\" content=\"article\" \/>\n<meta property=\"og:title\" content=\"Festa de 15 anos: temas fant\u00e1sticos e \u00fanicos - Bal\u00f5es S\u00e3o Roque\" \/>\n<meta property=\"og:description\" content=\"Para te ajudar no planejamento da t\u00e3o sonhada festa de 15 anos, separamos 5 temas incr\u00edveis de decora\u00e7\u00f5es com bal\u00f5es para decidir por aque...\" \/>\n<meta property=\"og:url\" content=\"https:\/\/baloessaoroque.com.br\/en\/blog-festa-de-15-anos\/\" \/>\n<meta property=\"og:site_name\" content=\"Bal\u00f5es S\u00e3o Roque\" \/>\n<meta property=\"article:published_time\" content=\"2021-06-21T16:18:00+00:00\" \/>\n<meta property=\"article:modified_time\" content=\"2022-01-06T19:48:53+00:00\" \/>\n<meta property=\"og:image\" content=\"https:\/\/baloessaoroque.com.br\/en\/wp-content\/uploads\/2021\/06\/BLOG_2206_15-ANOS.png\" \/>\n\t<meta property=\"og:image:width\" content=\"1140\" \/>\n\t<meta property=\"og:image:height\" content=\"500\" \/>\n\t<meta property=\"og:image:type\" content=\"image\/png\" \/>\n<meta name=\"twitter:card\" content=\"summary_large_image\" \/>\n<meta name=\"twitter:label1\" content=\"Escrito por\" \/>\n\t<meta name=\"twitter:data1\" content=\"Bal\u00f5es\" \/>\n\t<meta name=\"twitter:label2\" content=\"Est. tempo de leitura\" \/>\n\t<meta name=\"twitter:data2\" content=\"7 minutos\" \/>\n<script type=\"application\/ld+json\" class=\"yoast-schema-graph\">{\"@context\":\"https:\/\/schema.org\",\"@graph\":[{\"@type\":\"WebSite\",\"@id\":\"https:\/\/baloessaoroque.com.br\/en\/#website\",\"url\":\"https:\/\/baloessaoroque.com.br\/en\/\",\"name\":\"Bal\u00f5es S\u00e3o Roque\",\"description\":\"Sua vida cheia de festa!\",\"potentialAction\":[{\"@type\":\"SearchAction\",\"target\":{\"@type\":\"EntryPoint\",\"urlTemplate\":\"https:\/\/baloessaoroque.com.br\/en\/?s={search_term_string}\"},\"query-input\":\"required name=search_term_string\"}],\"inLanguage\":\"pt-BR\"},{\"@type\":\"ImageObject\",\"@id\":\"https:\/\/baloessaoroque.com.br\/en\/blog-festa-de-15-anos\/#primaryimage\",\"inLanguage\":\"pt-BR\",\"url\":\"https:\/\/baloessaoroque.com.br\/en\/wp-content\/uploads\/2021\/06\/BLOG_2206_15-ANOS.png\",\"contentUrl\":\"https:\/\/baloessaoroque.com.br\/en\/wp-content\/uploads\/2021\/06\/BLOG_2206_15-ANOS.png\",\"width\":1140,\"height\":500,\"caption\":\"Temas fant\u00e1sticos e \u00fanicos para festa de 15 anos\"},{\"@type\":\"WebPage\",\"@id\":\"https:\/\/baloessaoroque.com.br\/en\/blog-festa-de-15-anos\/#webpage\",\"url\":\"https:\/\/baloessaoroque.com.br\/en\/blog-festa-de-15-anos\/\",\"name\":\"Festa de 15 anos: temas fant\u00e1sticos e \u00fanicos - Bal\u00f5es S\u00e3o Roque\",\"isPartOf\":{\"@id\":\"https:\/\/baloessaoroque.com.br\/en\/#website\"},\"primaryImageOfPage\":{\"@id\":\"https:\/\/baloessaoroque.com.br\/en\/blog-festa-de-15-anos\/#primaryimage\"},\"datePublished\":\"2021-06-21T16:18:00+00:00\",\"dateModified\":\"2022-01-06T19:48:53+00:00\",\"author\":{\"@id\":\"https:\/\/baloessaoroque.com.br\/en\/#\/schema\/person\/7ff5a7f4f517018c4b9dadee4fd7cb0c\"},\"description\":\"Para te ajudar no planejamento da t\u00e3o sonhada festa de 15 anos, separamos 5 temas incr\u00edveis de decora\u00e7\u00f5es com bal\u00f5es para decidir por aque...\",\"breadcrumb\":{\"@id\":\"https:\/\/baloessaoroque.com.br\/en\/blog-festa-de-15-anos\/#breadcrumb\"},\"inLanguage\":\"pt-BR\",\"potentialAction\":[{\"@type\":\"ReadAction\",\"target\":[\"https:\/\/baloessaoroque.com.br\/en\/blog-festa-de-15-anos\/\"]}]},{\"@type\":\"BreadcrumbList\",\"@id\":\"https:\/\/baloessaoroque.com.br\/en\/blog-festa-de-15-anos\/#breadcrumb\",\"itemListElement\":[{\"@type\":\"ListItem\",\"position\":1,\"name\":\"In\u00edcio\",\"item\":\"https:\/\/baloessaoroque.com.br\/en\/\"},{\"@type\":\"ListItem\",\"position\":2,\"name\":\"Temas fant\u00e1sticos e \u00fanicos para festa de 15 anos\"}]},{\"@type\":\"Person\",\"@id\":\"https:\/\/baloessaoroque.com.br\/en\/#\/schema\/person\/7ff5a7f4f517018c4b9dadee4fd7cb0c\",\"name\":\"Bal\u00f5es\",\"image\":{\"@type\":\"ImageObject\",\"@id\":\"https:\/\/baloessaoroque.com.br\/en\/#personlogo\",\"inLanguage\":\"pt-BR\",\"url\":\"https:\/\/secure.gravatar.com\/avatar\/a66f55f500065686f90d83cab8aa6ee9?s=96&d=mm&r=g\",\"contentUrl\":\"https:\/\/secure.gravatar.com\/avatar\/a66f55f500065686f90d83cab8aa6ee9?s=96&d=mm&r=g\",\"caption\":\"Bal\u00f5es\"},\"url\":\"https:\/\/baloessaoroque.com.br\/en\/author\/dev\/\"}]}<\/script>\n<!-- \/ Yoast SEO plugin. -->","yoast_head_json":{"title":"Festa de 15 anos: temas fant\u00e1sticos e \u00fanicos - Bal\u00f5es S\u00e3o Roque","description":"Para te ajudar no planejamento da t\u00e3o sonhada festa de 15 anos, separamos 5 temas incr\u00edveis de decora\u00e7\u00f5es com bal\u00f5es para decidir por aque...","robots":{"index":"index","follow":"follow","max-snippet":"max-snippet:-1","max-image-preview":"max-image-preview:large","max-video-preview":"max-video-preview:-1"},"canonical":"https:\/\/baloessaoroque.com.br\/en\/blog-festa-de-15-anos\/","og_locale":"pt_BR","og_type":"article","og_title":"Festa de 15 anos: temas fant\u00e1sticos e \u00fanicos - Bal\u00f5es S\u00e3o Roque","og_description":"Para te ajudar no planejamento da t\u00e3o sonhada festa de 15 anos, separamos 5 temas incr\u00edveis de decora\u00e7\u00f5es com bal\u00f5es para decidir por aque...","og_url":"https:\/\/baloessaoroque.com.br\/en\/blog-festa-de-15-anos\/","og_site_name":"Bal\u00f5es S\u00e3o Roque","article_published_time":"2021-06-21T16:18:00+00:00","article_modified_time":"2022-01-06T19:48:53+00:00","og_image":[{"width":1140,"height":500,"url":"https:\/\/baloessaoroque.com.br\/en\/wp-content\/uploads\/2021\/06\/BLOG_2206_15-ANOS.png","type":"image\/png"}],"twitter_card":"summary_large_image","twitter_misc":{"Escrito por":"Bal\u00f5es","Est. tempo de leitura":"7 minutos"},"schema":{"@context":"https:\/\/schema.org","@graph":[{"@type":"WebSite","@id":"https:\/\/baloessaoroque.com.br\/en\/#website","url":"https:\/\/baloessaoroque.com.br\/en\/","name":"Bal\u00f5es S\u00e3o Roque","description":"Sua vida cheia de festa!","potentialAction":[{"@type":"SearchAction","target":{"@type":"EntryPoint","urlTemplate":"https:\/\/baloessaoroque.com.br\/en\/?s={search_term_string}"},"query-input":"required name=search_term_string"}],"inLanguage":"pt-BR"},{"@type":"ImageObject","@id":"https:\/\/baloessaoroque.com.br\/en\/blog-festa-de-15-anos\/#primaryimage","inLanguage":"pt-BR","url":"https:\/\/baloessaoroque.com.br\/en\/wp-content\/uploads\/2021\/06\/BLOG_2206_15-ANOS.png","contentUrl":"https:\/\/baloessaoroque.com.br\/en\/wp-content\/uploads\/2021\/06\/BLOG_2206_15-ANOS.png","width":1140,"height":500,"caption":"Temas fant\u00e1sticos e \u00fanicos para festa de 15 anos"},{"@type":"WebPage","@id":"https:\/\/baloessaoroque.com.br\/en\/blog-festa-de-15-anos\/#webpage","url":"https:\/\/baloessaoroque.com.br\/en\/blog-festa-de-15-anos\/","name":"Festa de 15 anos: temas fant\u00e1sticos e \u00fanicos - Bal\u00f5es S\u00e3o Roque","isPartOf":{"@id":"https:\/\/baloessaoroque.com.br\/en\/#website"},"primaryImageOfPage":{"@id":"https:\/\/baloessaoroque.com.br\/en\/blog-festa-de-15-anos\/#primaryimage"},"datePublished":"2021-06-21T16:18:00+00:00","dateModified":"2022-01-06T19:48:53+00:00","author":{"@id":"https:\/\/baloessaoroque.com.br\/en\/#\/schema\/person\/7ff5a7f4f517018c4b9dadee4fd7cb0c"},"description":"Para te ajudar no planejamento da t\u00e3o sonhada festa de 15 anos, separamos 5 temas incr\u00edveis de decora\u00e7\u00f5es com bal\u00f5es para decidir por aque...","breadcrumb":{"@id":"https:\/\/baloessaoroque.com.br\/en\/blog-festa-de-15-anos\/#breadcrumb"},"inLanguage":"pt-BR","potentialAction":[{"@type":"ReadAction","target":["https:\/\/baloessaoroque.com.br\/en\/blog-festa-de-15-anos\/"]}]},{"@type":"BreadcrumbList","@id":"https:\/\/baloessaoroque.com.br\/en\/blog-festa-de-15-anos\/#breadcrumb","itemListElement":[{"@type":"ListItem","position":1,"name":"In\u00edcio","item":"https:\/\/baloessaoroque.com.br\/en\/"},{"@type":"ListItem","position":2,"name":"Temas fant\u00e1sticos e \u00fanicos para festa de 15 anos"}]},{"@type":"Person","@id":"https:\/\/baloessaoroque.com.br\/en\/#\/schema\/person\/7ff5a7f4f517018c4b9dadee4fd7cb0c","name":"Bal\u00f5es","image":{"@type":"ImageObject","@id":"https:\/\/baloessaoroque.com.br\/en\/#personlogo","inLanguage":"pt-BR","url":"https:\/\/secure.gravatar.com\/avatar\/a66f55f500065686f90d83cab8aa6ee9?s=96&d=mm&r=g","contentUrl":"https:\/\/secure.gravatar.com\/avatar\/a66f55f500065686f90d83cab8aa6ee9?s=96&d=mm&r=g","caption":"Bal\u00f5es"},"url":"https:\/\/baloessaoroque.com.br\/en\/author\/dev\/"}]}},"_links":{"self":[{"href":"https:\/\/baloessaoroque.com.br\/en\/wp-json\/wp\/v2\/posts\/6232"}],"collection":[{"href":"https:\/\/baloessaoroque.com.br\/en\/wp-json\/wp\/v2\/posts"}],"about":[{"href":"https:\/\/baloessaoroque.com.br\/en\/wp-json\/wp\/v2\/types\/post"}],"author":[{"embeddable":true,"href":"https:\/\/baloessaoroque.com.br\/en\/wp-json\/wp\/v2\/users\/2"}],"replies":[{"embeddable":true,"href":"https:\/\/baloessaoroque.com.br\/en\/wp-json\/wp\/v2\/comments?post=6232"}],"version-history":[{"count":2,"href":"https:\/\/baloessaoroque.com.br\/en\/wp-json\/wp\/v2\/posts\/6232\/revisions"}],"predecessor-version":[{"id":10418,"href":"https:\/\/baloessaoroque.com.br\/en\/wp-json\/wp\/v2\/posts\/6232\/revisions\/10418"}],"wp:featuredmedia":[{"embeddable":true,"href":"https:\/\/baloessaoroque.com.br\/en\/wp-json\/wp\/v2\/media\/6239"}],"wp:attachment":[{"href":"https:\/\/baloessaoroque.com.br\/en\/wp-json\/wp\/v2\/media?parent=6232"}],"wp:term":[{"taxonomy":"category","embeddable":true,"href":"https:\/\/baloessaoroque.com.br\/en\/wp-json\/wp\/v2\/categories?post=6232"},{"taxonomy":"post_tag","embeddable":true,"href":"https:\/\/baloessaoroque.com.br\/en\/wp-json\/wp\/v2\/tags?post=6232"}],"curies":[{"name":"wp","href":"https:\/\/api.w.org\/{rel}","templated":true}]}}