{"id":6324,"date":"2021-06-24T12:40:32","date_gmt":"2021-06-24T15:40:32","guid":{"rendered":"https:\/\/baloessaoroque.com.br\/en\/?p=6324"},"modified":"2022-01-06T16:39:48","modified_gmt":"2022-01-06T19:39:48","slug":"blog-decoracao-de-festa-junina","status":"publish","type":"post","link":"https:\/\/baloessaoroque.com.br\/en\/blog-decoracao-de-festa-junina\/","title":{"rendered":"Decora\u00e7\u00e3o de festa junina: 7 itens que n\u00e3o podem faltar"},"content":{"rendered":"<div id=\"ez-toc-container\" class=\"ez-toc-v2_0_18 counter-hierarchy counter-decimal\">\n<div class=\"ez-toc-title-container\">\n<p class=\"ez-toc-title\">Sum&aacute;rio<\/p>\n<span class=\"ez-toc-title-toggle\"><a class=\"ez-toc-pull-right ez-toc-btn ez-toc-btn-xs ez-toc-btn-default ez-toc-toggle\" style=\"display: none;\"><i class=\"ez-toc-glyphicon ez-toc-icon-toggle\"><\/i><\/a><\/span><\/div>\n<nav><ul class=\"ez-toc-list ez-toc-list-level-1\"><ul class=\"ez-toc-list-level-3\"><li class=\"ez-toc-heading-level-3\"><a class=\"ez-toc-link ez-toc-heading-1\" href=\"https:\/\/baloessaoroque.com.br\/en\/blog-decoracao-de-festa-junina\/#Como_surgiu_a_tradicao_de_festa_junina\" title=\"Como surgiu a tradi\u00e7\u00e3o de festa junina?\">Como surgiu a tradi\u00e7\u00e3o de festa junina?<\/a><\/li><\/ul><\/li><li class=\"ez-toc-page-1 ez-toc-heading-level-2\"><a class=\"ez-toc-link ez-toc-heading-2\" href=\"https:\/\/baloessaoroque.com.br\/en\/blog-decoracao-de-festa-junina\/#7_Itens_que_nao_podem_faltar_na_decoracao_de_festa_junina\" title=\"7 Itens que n\u00e3o podem faltar na decora\u00e7\u00e3o de festa junina\">7 Itens que n\u00e3o podem faltar na decora\u00e7\u00e3o de festa junina<\/a><ul class=\"ez-toc-list-level-4\"><li class=\"ez-toc-heading-level-4\"><ul class=\"ez-toc-list-level-4\"><li class=\"ez-toc-heading-level-4\"><a class=\"ez-toc-link ez-toc-heading-3\" href=\"https:\/\/baloessaoroque.com.br\/en\/blog-decoracao-de-festa-junina\/#1_-_Mesa_ou_balcao\" title=\"1 \u2013 Mesa ou balc\u00e3o\">1 \u2013 Mesa ou balc\u00e3o<\/a><\/li><li class=\"ez-toc-page-1 ez-toc-heading-level-4\"><a class=\"ez-toc-link ez-toc-heading-4\" href=\"https:\/\/baloessaoroque.com.br\/en\/blog-decoracao-de-festa-junina\/#2-_Estampas_classicas\" title=\"2- Estampas cl\u00e1ssicas\">2- Estampas cl\u00e1ssicas<\/a><\/li><li class=\"ez-toc-page-1 ez-toc-heading-level-4\"><a class=\"ez-toc-link ez-toc-heading-5\" href=\"https:\/\/baloessaoroque.com.br\/en\/blog-decoracao-de-festa-junina\/#3_-_Flores\" title=\"3 &#8211; Flores\">3 &#8211; Flores<\/a><\/li><li class=\"ez-toc-page-1 ez-toc-heading-level-4\"><a class=\"ez-toc-link ez-toc-heading-6\" href=\"https:\/\/baloessaoroque.com.br\/en\/blog-decoracao-de-festa-junina\/#4_-_Bandeirinhas\" title=\"4 \u2013 Bandeirinhas\">4 \u2013 Bandeirinhas<\/a><\/li><li class=\"ez-toc-page-1 ez-toc-heading-level-4\"><a class=\"ez-toc-link ez-toc-heading-7\" href=\"https:\/\/baloessaoroque.com.br\/en\/blog-decoracao-de-festa-junina\/#5_-_Itens_na_cor_bronze_e_marrom\" title=\"5 &#8211; Itens na cor bronze e marrom\">5 &#8211; Itens na cor bronze e marrom<\/a><\/li><li class=\"ez-toc-page-1 ez-toc-heading-level-4\"><a class=\"ez-toc-link ez-toc-heading-8\" href=\"https:\/\/baloessaoroque.com.br\/en\/blog-decoracao-de-festa-junina\/#6_-_Vime_e_palha\" title=\"6 &#8211; Vime e palha\">6 &#8211; Vime e palha<\/a><\/li><\/ul><\/li><li class=\"ez-toc-page-1 ez-toc-heading-level-3\"><a class=\"ez-toc-link ez-toc-heading-9\" href=\"https:\/\/baloessaoroque.com.br\/en\/blog-decoracao-de-festa-junina\/#7_-_Esculturas_de_Baloes\" title=\"7 \u2013 Esculturas de Bal\u00f5es\">7 \u2013 Esculturas de Bal\u00f5es<\/a><\/li><li class=\"ez-toc-page-1 ez-toc-heading-level-3\"><a class=\"ez-toc-link ez-toc-heading-10\" href=\"https:\/\/baloessaoroque.com.br\/en\/blog-decoracao-de-festa-junina\/#Pensou_em_baloes_pensou_Baloes_Sao_Roque\" title=\"Pensou em bal\u00f5es, pensou Bal\u00f5es S\u00e3o Roque\">Pensou em bal\u00f5es, pensou Bal\u00f5es S\u00e3o Roque<\/a><\/li><\/ul><\/li><\/ul><\/nav><\/div>\n\n<p>O m\u00eas de S\u00e3o Jo\u00e3o chegou e, sem d\u00favidas, essa \u00e9 uma das festas mais tradicionais de todo o Brasil. Por\u00e9m este ano, por conta da pandemia, novamente as celebra\u00e7\u00f5es precisar\u00e3o ser diferentes e adaptadas. Mas \u00e9 claro que com uma decora\u00e7\u00e3o de festa junina bem elaborada, o seu arrai\u00e1 ser\u00e1 ainda mais especial.<\/p>\n\n\n\n<div style=\"height:45px\" aria-hidden=\"true\" class=\"wp-block-spacer\"><\/div>\n\n\n\n<p>Mas calma, voc\u00ea n\u00e3o precisa gastar fortunas com decora\u00e7\u00e3o. \u00c9 poss\u00edvel decorar a sua pr\u00f3pria festa junina <a href=\"https:\/\/baloessaoroque.com.br\/en\/dicas-de-como-economizar-na-sua-festa\/\" target=\"_blank\" rel=\"noreferrer noopener\">economizando<\/a> e utilizando itens que voc\u00ea tem em casa.<\/p>\n\n\n\n<div style=\"height:45px\" aria-hidden=\"true\" class=\"wp-block-spacer\"><\/div>\n\n\n\n<p>Post isso, este post tem tudo o que voc\u00ea precisa saber para criar um arrai\u00e1 em casa com uma decora\u00e7\u00e3o incr\u00edvel e claro, com brincadeiras, m\u00fasicas, comidas e bebidas t\u00edpicas.<\/p>\n\n\n\n<div style=\"height:45px\" aria-hidden=\"true\" class=\"wp-block-spacer\"><\/div>\n\n\n\n<p>Vem com a gente!<\/p>\n\n\n\n<div style=\"height:45px\" aria-hidden=\"true\" class=\"wp-block-spacer\"><\/div>\n\n\n\n<h3><span class=\"ez-toc-section\" id=\"Como_surgiu_a_tradicao_de_festa_junina\"><\/span><strong>Como surgiu a tradi\u00e7\u00e3o de festa junina?<\/strong><span class=\"ez-toc-section-end\"><\/span><\/h3>\n\n\n\n<p>A tradi\u00e7\u00e3o come\u00e7ou no Nordeste no per\u00edodo da coloniza\u00e7\u00e3o e se popularizou por todo o pa\u00eds ao longo dos anos. As comemora\u00e7\u00f5es aconteciam sempre no dia 24 de junho para comemorar a fertilidade da terra e boas colheitas. Entretanto, o nome \u201cfesta junina\u201d surgiu por conta de o dia de S\u00e3o Jo\u00e3o, que \u00e9 celebrado em 24 de junho.<\/p>\n\n\n\n<div style=\"height:45px\" aria-hidden=\"true\" class=\"wp-block-spacer\"><\/div>\n\n\n\n<p>Desde ent\u00e3o, a tem\u00e1tica rural, r\u00fastica e de simplicidade se fazem presentes em todas as festas juninas. A ideia \u00e9 usar a criatividade para transmitir toda a harmonia que essa tradi\u00e7\u00e3o representa.<\/p>\n\n\n\n<div style=\"height:45px\" aria-hidden=\"true\" class=\"wp-block-spacer\"><\/div>\n\n\n\n<p>Como o milho \u00e9 a principal colheita durante todo o m\u00eas de junho, ele se torna o ingrediente chefe de todas as comidas t\u00edpicas. Por isso nas festas juninas \u00e9 comum encontrarmos pamonha, cural, milho cozido, canjica, cuscuz, pipoca e bolo de milho. Mas, al\u00e9m disso, existem outros pratos que tamb\u00e9m viraram tradi\u00e7\u00e3o nos arrai\u00e1s, como p\u00e9-de-moleque, amendoim, arroz doce, broa de fub\u00e1 e cocada.<\/p>\n\n\n\n<div style=\"height:45px\" aria-hidden=\"true\" class=\"wp-block-spacer\"><\/div>\n\n\n\n<p>E quando o assunto \u00e9 bebida t\u00edpica, o famoso quent\u00e3o e vinho quente n\u00e3o podem faltar, pelo menos nas festas juninas da regi\u00e3o sudeste.<\/p>\n\n\n\n<div style=\"height:45px\" aria-hidden=\"true\" class=\"wp-block-spacer\"><\/div>\n\n\n\n<p>Agora que voc\u00ea conhece um pouquinho mais sobre essa festa t\u00e3o especial e quais s\u00e3o as comidas e bebidas t\u00edpicas, chegou a hora de ir para a parte principal: a decora\u00e7\u00e3o.<\/p>\n\n\n\n<div style=\"height:45px\" aria-hidden=\"true\" class=\"wp-block-spacer\"><\/div>\n\n\n\n<h2><span class=\"ez-toc-section\" id=\"7_Itens_que_nao_podem_faltar_na_decoracao_de_festa_junina\"><\/span><strong>7 Itens que n\u00e3o podem faltar na decora\u00e7\u00e3o de festa junina<\/strong><span class=\"ez-toc-section-end\"><\/span><\/h2>\n\n\n\n<h4><span class=\"ez-toc-section\" id=\"1_-_Mesa_ou_balcao\"><\/span><strong>1 \u2013 Mesa ou balc\u00e3o<\/strong><span class=\"ez-toc-section-end\"><\/span><\/h4>\n\n\n\n<p>Independente se o espa\u00e7o \u00e9 grande ou pequeno, mesas ou balc\u00f5es n\u00e3o podem faltar, afinal, \u00e9 neles que todos os quitutes da festa junina ser\u00e3o dispostos.<\/p>\n\n\n\n<div style=\"height:45px\" aria-hidden=\"true\" class=\"wp-block-spacer\"><\/div>\n\n\n\n<p>Voc\u00ea pode optar por uma mesa central \u00fanica ou ent\u00e3o dividir todos os comes e bebes em mais de uma mesa. Tudo vai depender do espa\u00e7o e dos itens que tem em casa.<\/p>\n\n\n\n<div style=\"height:45px\" aria-hidden=\"true\" class=\"wp-block-spacer\"><\/div>\n\n\n\n<p>E \u00e9 claro que para fazer uma mesa bem bonita, precisa de uma decora\u00e7\u00e3o de festa junina especial. Para isso, aposte em toalhas estampadas que se alinhem \u00e0 beleza dos pratos. Monte cestas, por\u00e7\u00f5es individuais, itens decorativos e tem\u00e1ticos etc.<\/p>\n\n\n\n<div style=\"height:45px\" aria-hidden=\"true\" class=\"wp-block-spacer\"><\/div>\n\n\n\n<p>Caso possua pallets ou mesas e balc\u00f5es de madeira, utilize-os em sua decora\u00e7\u00e3o, pois itens r\u00fasticos assim costumam completar todo o clima junino.<\/p>\n\n\n\n<div style=\"height:45px\" aria-hidden=\"true\" class=\"wp-block-spacer\"><\/div>\n\n\n\n<p>E para complementar ainda mais a sua decora\u00e7\u00e3o, os arranjos de mesa com bal\u00f5es s\u00e3o simples de fazer, mas d\u00e3o um toque todo especial. Voc\u00ea pode escolher bal\u00f5es nas cores da tem\u00e1tica e seguir nosso <a href=\"https:\/\/www.youtube.com\/watch?v=tAFMHIMcx78\" target=\"_blank\" rel=\"noreferrer noopener\">tutorial <\/a>exclusivo. Outra dica \u00e9 colocar o bal\u00e3o em uma varetinha com chap\u00e9u de palha ou ent\u00e3o desenhar com uma caneta permanente um xadrez. Fica fabuloso!<\/p>\n\n\n\n<figure class=\"wp-block-gallery columns-2 is-cropped\"><ul class=\"blocks-gallery-grid\"><li class=\"blocks-gallery-item\"><figure><a href=\"https:\/\/baloessaoroque.com.br\/en\/wp-content\/uploads\/2021\/06\/mesa2.jpeg\"><img loading=\"lazy\" width=\"564\" height=\"564\" src=\"https:\/\/baloessaoroque.com.br\/en\/wp-content\/uploads\/2021\/06\/mesa2.jpeg\" alt=\"\" data-id=\"6325\" data-full-url=\"https:\/\/baloessaoroque.com.br\/en\/wp-content\/uploads\/2021\/06\/mesa2.jpeg\" data-link=\"https:\/\/baloessaoroque.com.br\/en\/?attachment_id=6325\" class=\"wp-image-6325\" srcset=\"https:\/\/baloessaoroque.com.br\/en\/wp-content\/uploads\/2021\/06\/mesa2.jpeg 564w, https:\/\/baloessaoroque.com.br\/en\/wp-content\/uploads\/2021\/06\/mesa2-300x300.jpeg 300w, https:\/\/baloessaoroque.com.br\/en\/wp-content\/uploads\/2021\/06\/mesa2-150x150.jpeg 150w, https:\/\/baloessaoroque.com.br\/en\/wp-content\/uploads\/2021\/06\/mesa2-400x400.jpeg 400w, https:\/\/baloessaoroque.com.br\/en\/wp-content\/uploads\/2021\/06\/mesa2-100x100.jpeg 100w\" sizes=\"(max-width: 564px) 100vw, 564px\" \/><\/a><\/figure><\/li><li class=\"blocks-gallery-item\"><figure><a href=\"https:\/\/baloessaoroque.com.br\/en\/wp-content\/uploads\/2021\/06\/mesa3.jpeg\"><img loading=\"lazy\" width=\"564\" height=\"846\" src=\"https:\/\/baloessaoroque.com.br\/en\/wp-content\/uploads\/2021\/06\/mesa3.jpeg\" alt=\"\" data-id=\"6326\" data-full-url=\"https:\/\/baloessaoroque.com.br\/en\/wp-content\/uploads\/2021\/06\/mesa3.jpeg\" data-link=\"https:\/\/baloessaoroque.com.br\/en\/?attachment_id=6326\" class=\"wp-image-6326\" srcset=\"https:\/\/baloessaoroque.com.br\/en\/wp-content\/uploads\/2021\/06\/mesa3.jpeg 564w, https:\/\/baloessaoroque.com.br\/en\/wp-content\/uploads\/2021\/06\/mesa3-200x300.jpeg 200w, https:\/\/baloessaoroque.com.br\/en\/wp-content\/uploads\/2021\/06\/mesa3-400x600.jpeg 400w\" sizes=\"(max-width: 564px) 100vw, 564px\" \/><\/a><\/figure><\/li><\/ul><\/figure>\n\n\n\n<h4><span class=\"ez-toc-section\" id=\"2-_Estampas_classicas\"><\/span><strong>2- Estampas cl\u00e1ssicas<\/strong><span class=\"ez-toc-section-end\"><\/span><\/h4>\n\n\n\n<p>Muito presente em casas do interior, as famosas toalhas com estampa xadrez e floridas transmitem todo o ar \u201ccaipira\u201d ao ambiente e \u201crural\u201d da festa junina.<\/p>\n\n\n\n<div style=\"height:45px\" aria-hidden=\"true\" class=\"wp-block-spacer\"><\/div>\n\n\n\n<p>Aqui a ideia \u00e9 misturar e ousar na escolha das estampas e cores, a fim de deixar cada cantinho mais alegre.<\/p>\n\n\n\n<div style=\"height:45px\" aria-hidden=\"true\" class=\"wp-block-spacer\"><\/div>\n\n\n\n<p>Voc\u00ea pode colocar toalhas, guardanapos, pap\u00e9is estampados em todos os cantos. Seja na mesa principal ou em pequenos detalhes como puffs, copos e pratos, as estampas fazem toda a diferen\u00e7a na decora\u00e7\u00e3o de festa junina.<\/p>\n\n\n\n<div style=\"height:45px\" aria-hidden=\"true\" class=\"wp-block-spacer\"><\/div>\n\n\n\n<p>Al\u00e9m disso, utilizar bal\u00f5es lisos pode resultar em \u00f3timas combina\u00e7\u00f5es, sem deixar o ambiente polu\u00eddo com muita informa\u00e7\u00e3o. As cores Amarelo Sol, Verde Musgo e Mocha da <a href=\"https:\/\/baloessaoroque.com.br\/en\/categoria-produto\/liso\/\" target=\"_blank\" rel=\"noreferrer noopener\">Linha Lisos<\/a> se encaixam perfeitamente.<\/p>\n\n\n\n<figure class=\"wp-block-gallery columns-2 is-cropped\"><ul class=\"blocks-gallery-grid\"><li class=\"blocks-gallery-item\"><figure><a href=\"https:\/\/baloessaoroque.com.br\/en\/wp-content\/uploads\/2021\/06\/estampa.jpeg\"><img loading=\"lazy\" width=\"564\" height=\"705\" src=\"https:\/\/baloessaoroque.com.br\/en\/wp-content\/uploads\/2021\/06\/estampa.jpeg\" alt=\"\" data-id=\"6327\" data-full-url=\"https:\/\/baloessaoroque.com.br\/en\/wp-content\/uploads\/2021\/06\/estampa.jpeg\" data-link=\"https:\/\/baloessaoroque.com.br\/en\/?attachment_id=6327\" class=\"wp-image-6327\" srcset=\"https:\/\/baloessaoroque.com.br\/en\/wp-content\/uploads\/2021\/06\/estampa.jpeg 564w, https:\/\/baloessaoroque.com.br\/en\/wp-content\/uploads\/2021\/06\/estampa-240x300.jpeg 240w, https:\/\/baloessaoroque.com.br\/en\/wp-content\/uploads\/2021\/06\/estampa-400x500.jpeg 400w\" sizes=\"(max-width: 564px) 100vw, 564px\" \/><\/a><\/figure><\/li><li class=\"blocks-gallery-item\"><figure><a href=\"https:\/\/baloessaoroque.com.br\/en\/wp-content\/uploads\/2021\/06\/mesa.jpeg\"><img loading=\"lazy\" width=\"564\" height=\"705\" src=\"https:\/\/baloessaoroque.com.br\/en\/wp-content\/uploads\/2021\/06\/mesa.jpeg\" alt=\"\" data-id=\"6328\" data-full-url=\"https:\/\/baloessaoroque.com.br\/en\/wp-content\/uploads\/2021\/06\/mesa.jpeg\" data-link=\"https:\/\/baloessaoroque.com.br\/en\/?attachment_id=6328\" class=\"wp-image-6328\" srcset=\"https:\/\/baloessaoroque.com.br\/en\/wp-content\/uploads\/2021\/06\/mesa.jpeg 564w, https:\/\/baloessaoroque.com.br\/en\/wp-content\/uploads\/2021\/06\/mesa-240x300.jpeg 240w, https:\/\/baloessaoroque.com.br\/en\/wp-content\/uploads\/2021\/06\/mesa-400x500.jpeg 400w\" sizes=\"(max-width: 564px) 100vw, 564px\" \/><\/a><\/figure><\/li><\/ul><\/figure>\n\n\n\n<h4><span class=\"ez-toc-section\" id=\"3_-_Flores\"><\/span><strong>3 &#8211; Flores<\/strong><span class=\"ez-toc-section-end\"><\/span><\/h4>\n\n\n\n<p>Flores combinam com qualquer decora\u00e7\u00e3o e claro que na festa junina n\u00e3o seria diferente. Para os arrai\u00e1s de junho, as flores do campo como girass\u00f3is e margaridas se encaixam perfeitamente. A ideia \u00e9 abusar dos vasinhos e arranjos em caixotes de madeira, pois garantem um toque r\u00fastico e rural.<\/p>\n\n\n\n<div style=\"height:45px\" aria-hidden=\"true\" class=\"wp-block-spacer\"><\/div>\n\n\n\n<p>Que tal inovar na decora\u00e7\u00e3o? As <a href=\"https:\/\/www.youtube.com\/watch?v=5sN0lv45FBk&amp;t=15s\" target=\"_blank\" rel=\"noreferrer noopener\">flores feitas de bal\u00f5es <\/a>costumam fazer o maior sucesso e al\u00e9m de lindas, encantam crian\u00e7as e adultos. E caso queira mesclar bal\u00f5es com flores tamb\u00e9m \u00e9 poss\u00edvel, afinal, essa tend\u00eancia est\u00e1 super em alta e n\u00f3s j\u00e1 temos um blog sobre isso.<\/p>\n\n\n\n<figure class=\"wp-block-gallery columns-2 is-cropped\"><ul class=\"blocks-gallery-grid\"><li class=\"blocks-gallery-item\"><figure><a href=\"https:\/\/baloessaoroque.com.br\/en\/wp-content\/uploads\/2021\/06\/flor2.jpg\"><img loading=\"lazy\" width=\"1024\" height=\"1024\" src=\"https:\/\/baloessaoroque.com.br\/en\/wp-content\/uploads\/2021\/06\/flor2-1024x1024.jpg\" alt=\"Decora\u00e7\u00e3o de festa junina: flor de bal\u00f5es\" data-id=\"6343\" data-full-url=\"https:\/\/baloessaoroque.com.br\/en\/wp-content\/uploads\/2021\/06\/flor2.jpg\" data-link=\"https:\/\/baloessaoroque.com.br\/en\/?attachment_id=6343\" class=\"wp-image-6343\" srcset=\"https:\/\/baloessaoroque.com.br\/en\/wp-content\/uploads\/2021\/06\/flor2-1024x1024.jpg 1024w, https:\/\/baloessaoroque.com.br\/en\/wp-content\/uploads\/2021\/06\/flor2-300x300.jpg 300w, https:\/\/baloessaoroque.com.br\/en\/wp-content\/uploads\/2021\/06\/flor2-150x150.jpg 150w, https:\/\/baloessaoroque.com.br\/en\/wp-content\/uploads\/2021\/06\/flor2-768x768.jpg 768w, https:\/\/baloessaoroque.com.br\/en\/wp-content\/uploads\/2021\/06\/flor2-400x400.jpg 400w, https:\/\/baloessaoroque.com.br\/en\/wp-content\/uploads\/2021\/06\/flor2-620x620.jpg 620w, https:\/\/baloessaoroque.com.br\/en\/wp-content\/uploads\/2021\/06\/flor2-600x600.jpg 600w, https:\/\/baloessaoroque.com.br\/en\/wp-content\/uploads\/2021\/06\/flor2-100x100.jpg 100w, https:\/\/baloessaoroque.com.br\/en\/wp-content\/uploads\/2021\/06\/flor2.jpg 1080w\" sizes=\"(max-width: 1024px) 100vw, 1024px\" \/><\/a><\/figure><\/li><li class=\"blocks-gallery-item\"><figure><a href=\"https:\/\/baloessaoroque.com.br\/en\/wp-content\/uploads\/2021\/06\/flor.jpg\"><img loading=\"lazy\" width=\"1024\" height=\"1024\" src=\"https:\/\/baloessaoroque.com.br\/en\/wp-content\/uploads\/2021\/06\/flor-1024x1024.jpg\" alt=\"Decora\u00e7\u00e3o de festa junina: flor de bal\u00f5es\" data-id=\"6344\" data-full-url=\"https:\/\/baloessaoroque.com.br\/en\/wp-content\/uploads\/2021\/06\/flor.jpg\" data-link=\"https:\/\/baloessaoroque.com.br\/en\/?attachment_id=6344\" class=\"wp-image-6344\" srcset=\"https:\/\/baloessaoroque.com.br\/en\/wp-content\/uploads\/2021\/06\/flor-1024x1024.jpg 1024w, https:\/\/baloessaoroque.com.br\/en\/wp-content\/uploads\/2021\/06\/flor-300x300.jpg 300w, https:\/\/baloessaoroque.com.br\/en\/wp-content\/uploads\/2021\/06\/flor-150x150.jpg 150w, https:\/\/baloessaoroque.com.br\/en\/wp-content\/uploads\/2021\/06\/flor-768x768.jpg 768w, https:\/\/baloessaoroque.com.br\/en\/wp-content\/uploads\/2021\/06\/flor-400x400.jpg 400w, https:\/\/baloessaoroque.com.br\/en\/wp-content\/uploads\/2021\/06\/flor-620x620.jpg 620w, https:\/\/baloessaoroque.com.br\/en\/wp-content\/uploads\/2021\/06\/flor-600x600.jpg 600w, https:\/\/baloessaoroque.com.br\/en\/wp-content\/uploads\/2021\/06\/flor-100x100.jpg 100w, https:\/\/baloessaoroque.com.br\/en\/wp-content\/uploads\/2021\/06\/flor.jpg 1080w\" sizes=\"(max-width: 1024px) 100vw, 1024px\" \/><\/a><\/figure><\/li><\/ul><\/figure>\n\n\n\n<h4><span class=\"ez-toc-section\" id=\"4_-_Bandeirinhas\"><\/span><strong>4 \u2013 Bandeirinhas<\/strong><span class=\"ez-toc-section-end\"><\/span><\/h4>\n\n\n\n<p>Quando o assunto \u00e9 decora\u00e7\u00e3o de festa junina, a primeira coisa que vem \u00e0 cabe\u00e7a s\u00e3o as bandeirinhas, certo?<\/p>\n\n\n\n<div style=\"height:45px\" aria-hidden=\"true\" class=\"wp-block-spacer\"><\/div>\n\n\n\n<p>As tradicionais bandeirinhas de papel ou tecido, coloridas ou estampadas, costumam enfeitar todo o ambiente, da entrada \u00e0 sa\u00edda. Geralmente s\u00e3o penduradas no teto, mas tamb\u00e9m \u00e9 poss\u00edvel improvisar pequenos varais pela mesa ou at\u00e9 em decora\u00e7\u00f5es das comidinhas.<\/p>\n\n\n\n<div style=\"height:45px\" aria-hidden=\"true\" class=\"wp-block-spacer\"><\/div>\n\n\n\n<p>Uma das principais vantagens das bandeirinhas est\u00e1 no baixo custo. Portanto, \u00e9 acess\u00edvel para a maioria dos or\u00e7amentos.<\/p>\n\n\n\n<div style=\"height:45px\" aria-hidden=\"true\" class=\"wp-block-spacer\"><\/div>\n\n\n\n<p>Mas se voc\u00ea adora uma decora\u00e7\u00e3o moderna, temos uma dica incr\u00edvel: substituir as cl\u00e1ssicas bandeirinhas por bal\u00f5es. Isso mesmo, basta espalhar varais de bal\u00f5es coloridos por todo o local, sem medo de ser feliz. A ideia \u00e9 fazer a criatividade fluir, afinal, bal\u00f5es s\u00e3o encantadores, n\u00e3o \u00e9 mesmo?!<\/p>\n\n\n\n<figure class=\"wp-block-gallery columns-2 is-cropped\"><ul class=\"blocks-gallery-grid\"><li class=\"blocks-gallery-item\"><figure><a href=\"https:\/\/baloessaoroque.com.br\/en\/wp-content\/uploads\/2021\/06\/balo\u0303es-no-teto.jpeg\"><img loading=\"lazy\" width=\"564\" height=\"752\" src=\"https:\/\/baloessaoroque.com.br\/en\/wp-content\/uploads\/2021\/06\/balo\u0303es-no-teto.jpeg\" alt=\"\" data-id=\"6330\" data-full-url=\"https:\/\/baloessaoroque.com.br\/en\/wp-content\/uploads\/2021\/06\/balo\u0303es-no-teto.jpeg\" data-link=\"https:\/\/baloessaoroque.com.br\/en\/?attachment_id=6330\" class=\"wp-image-6330\" srcset=\"https:\/\/baloessaoroque.com.br\/en\/wp-content\/uploads\/2021\/06\/balo\u0303es-no-teto.jpeg 564w, https:\/\/baloessaoroque.com.br\/en\/wp-content\/uploads\/2021\/06\/balo\u0303es-no-teto-225x300.jpeg 225w, https:\/\/baloessaoroque.com.br\/en\/wp-content\/uploads\/2021\/06\/balo\u0303es-no-teto-400x533.jpeg 400w\" sizes=\"(max-width: 564px) 100vw, 564px\" \/><\/a><\/figure><\/li><li class=\"blocks-gallery-item\"><figure><a href=\"https:\/\/baloessaoroque.com.br\/en\/wp-content\/uploads\/2021\/06\/baloes-no-teto2.jpeg\"><img loading=\"lazy\" width=\"550\" height=\"828\" src=\"https:\/\/baloessaoroque.com.br\/en\/wp-content\/uploads\/2021\/06\/baloes-no-teto2.jpeg\" alt=\"\" data-id=\"6331\" data-full-url=\"https:\/\/baloessaoroque.com.br\/en\/wp-content\/uploads\/2021\/06\/baloes-no-teto2.jpeg\" data-link=\"https:\/\/baloessaoroque.com.br\/en\/?attachment_id=6331\" class=\"wp-image-6331\" srcset=\"https:\/\/baloessaoroque.com.br\/en\/wp-content\/uploads\/2021\/06\/baloes-no-teto2.jpeg 550w, https:\/\/baloessaoroque.com.br\/en\/wp-content\/uploads\/2021\/06\/baloes-no-teto2-199x300.jpeg 199w, https:\/\/baloessaoroque.com.br\/en\/wp-content\/uploads\/2021\/06\/baloes-no-teto2-400x602.jpeg 400w\" sizes=\"(max-width: 550px) 100vw, 550px\" \/><\/a><\/figure><\/li><\/ul><\/figure>\n\n\n\n<h4><span class=\"ez-toc-section\" id=\"5_-_Itens_na_cor_bronze_e_marrom\"><\/span><strong>5 &#8211; Itens na cor bronze e marrom<\/strong><span class=\"ez-toc-section-end\"><\/span><\/h4>\n\n\n\n<p>A tonalidade acobreada ou marrom combina com a decora\u00e7\u00e3o de festa junina, pois d\u00e3o um toque r\u00fastico e envelhecido em todo o ambiente. Aposte nos objetos dessa paleta para colocar os quitutes. Mas n\u00e3o se preocupe, caso n\u00e3o possua itens dessa cor, voc\u00ea pode utilizar os que tiver em casa mesmo.<\/p>\n\n\n\n<div style=\"height:45px\" aria-hidden=\"true\" class=\"wp-block-spacer\"><\/div>\n\n\n\n<p>Em decora\u00e7\u00e3o de festa junina o que n\u00e3o pode faltar \u00e9 a mistura de elementos r\u00fasticos com cores fortes. Portanto, aposte nos bal\u00f5es de cores intensas como Caf\u00e9 Brasil, Mocha, Vermelho Quente, Azul Cobalto e Verde Lima da Linha Lisos. N\u00e3o tenha medo de inovar!<\/p>\n\n\n\n<figure class=\"wp-block-gallery columns-2 is-cropped\"><ul class=\"blocks-gallery-grid\"><li class=\"blocks-gallery-item\"><figure><a href=\"https:\/\/baloessaoroque.com.br\/en\/wp-content\/uploads\/2021\/06\/itens-bronze.jpeg\"><img loading=\"lazy\" width=\"564\" height=\"752\" src=\"https:\/\/baloessaoroque.com.br\/en\/wp-content\/uploads\/2021\/06\/itens-bronze.jpeg\" alt=\"\" data-id=\"6333\" data-full-url=\"https:\/\/baloessaoroque.com.br\/en\/wp-content\/uploads\/2021\/06\/itens-bronze.jpeg\" data-link=\"https:\/\/baloessaoroque.com.br\/en\/?attachment_id=6333\" class=\"wp-image-6333\" srcset=\"https:\/\/baloessaoroque.com.br\/en\/wp-content\/uploads\/2021\/06\/itens-bronze.jpeg 564w, https:\/\/baloessaoroque.com.br\/en\/wp-content\/uploads\/2021\/06\/itens-bronze-225x300.jpeg 225w, https:\/\/baloessaoroque.com.br\/en\/wp-content\/uploads\/2021\/06\/itens-bronze-400x533.jpeg 400w\" sizes=\"(max-width: 564px) 100vw, 564px\" \/><\/a><\/figure><\/li><li class=\"blocks-gallery-item\"><figure><a href=\"https:\/\/baloessaoroque.com.br\/en\/wp-content\/uploads\/2021\/06\/itens-bronze2-scaled.jpg\"><img loading=\"lazy\" width=\"683\" height=\"1024\" src=\"https:\/\/baloessaoroque.com.br\/en\/wp-content\/uploads\/2021\/06\/itens-bronze2-683x1024.jpg\" alt=\"bal\u00f5es terrosos para festa junina\" data-id=\"6336\" data-full-url=\"https:\/\/baloessaoroque.com.br\/en\/wp-content\/uploads\/2021\/06\/itens-bronze2-scaled.jpg\" data-link=\"https:\/\/baloessaoroque.com.br\/en\/?attachment_id=6336\" class=\"wp-image-6336\" srcset=\"https:\/\/baloessaoroque.com.br\/en\/wp-content\/uploads\/2021\/06\/itens-bronze2-683x1024.jpg 683w, https:\/\/baloessaoroque.com.br\/en\/wp-content\/uploads\/2021\/06\/itens-bronze2-200x300.jpg 200w, https:\/\/baloessaoroque.com.br\/en\/wp-content\/uploads\/2021\/06\/itens-bronze2-768x1152.jpg 768w, https:\/\/baloessaoroque.com.br\/en\/wp-content\/uploads\/2021\/06\/itens-bronze2-1024x1536.jpg 1024w, https:\/\/baloessaoroque.com.br\/en\/wp-content\/uploads\/2021\/06\/itens-bronze2-1365x2048.jpg 1365w, https:\/\/baloessaoroque.com.br\/en\/wp-content\/uploads\/2021\/06\/itens-bronze2-400x600.jpg 400w, https:\/\/baloessaoroque.com.br\/en\/wp-content\/uploads\/2021\/06\/itens-bronze2-600x900.jpg 600w, https:\/\/baloessaoroque.com.br\/en\/wp-content\/uploads\/2021\/06\/itens-bronze2-scaled.jpg 1707w\" sizes=\"(max-width: 683px) 100vw, 683px\" \/><\/a><\/figure><\/li><\/ul><\/figure>\n\n\n\n<h4><span class=\"ez-toc-section\" id=\"6_-_Vime_e_palha\"><\/span><strong>6 &#8211; Vime e palha<\/strong><span class=\"ez-toc-section-end\"><\/span><\/h4>\n\n\n\n<p>Quer itens mais rurais que vime e palha? Esses s\u00e3o outros materiais bastante utilizados em festa junina, pois exalam toda a simplicidade e aconchego do campo.<\/p>\n\n\n\n<div style=\"height:45px\" aria-hidden=\"true\" class=\"wp-block-spacer\"><\/div>\n\n\n\n<p>O vime pode ser usado em cestos, m\u00f3veis e refrat\u00e1rios para colocar os pratos t\u00edpicos da festa. Enquanto a palha \u00e9 muito tradicional em chap\u00e9u, seja para colocar na cabe\u00e7a ou para dispor os docinhos na mesa.<\/p>\n\n\n\n<div style=\"height:45px\" aria-hidden=\"true\" class=\"wp-block-spacer\"><\/div>\n\n\n\n<p>E se voc\u00ea deseja arrasar ainda mais na sua decora\u00e7\u00e3o de festa junina, os pain\u00e9is de mesa ficam lindos quando feitos com esteiras de palha.<\/p>\n\n\n\n<figure class=\"wp-block-gallery columns-2 is-cropped\"><ul class=\"blocks-gallery-grid\"><li class=\"blocks-gallery-item\"><figure><a href=\"https:\/\/baloessaoroque.com.br\/en\/wp-content\/uploads\/2021\/06\/palha-e-vime.jpeg\"><img loading=\"lazy\" width=\"564\" height=\"846\" src=\"https:\/\/baloessaoroque.com.br\/en\/wp-content\/uploads\/2021\/06\/palha-e-vime.jpeg\" alt=\"\" data-id=\"6334\" data-full-url=\"https:\/\/baloessaoroque.com.br\/en\/wp-content\/uploads\/2021\/06\/palha-e-vime.jpeg\" data-link=\"https:\/\/baloessaoroque.com.br\/en\/?attachment_id=6334\" class=\"wp-image-6334\" srcset=\"https:\/\/baloessaoroque.com.br\/en\/wp-content\/uploads\/2021\/06\/palha-e-vime.jpeg 564w, https:\/\/baloessaoroque.com.br\/en\/wp-content\/uploads\/2021\/06\/palha-e-vime-200x300.jpeg 200w, https:\/\/baloessaoroque.com.br\/en\/wp-content\/uploads\/2021\/06\/palha-e-vime-400x600.jpeg 400w\" sizes=\"(max-width: 564px) 100vw, 564px\" \/><\/a><\/figure><\/li><li class=\"blocks-gallery-item\"><figure><a href=\"https:\/\/baloessaoroque.com.br\/en\/wp-content\/uploads\/2021\/06\/palha-e-vime2.jpeg\"><img loading=\"lazy\" width=\"564\" height=\"813\" src=\"https:\/\/baloessaoroque.com.br\/en\/wp-content\/uploads\/2021\/06\/palha-e-vime2.jpeg\" alt=\"\" data-id=\"6335\" data-full-url=\"https:\/\/baloessaoroque.com.br\/en\/wp-content\/uploads\/2021\/06\/palha-e-vime2.jpeg\" data-link=\"https:\/\/baloessaoroque.com.br\/en\/?attachment_id=6335\" class=\"wp-image-6335\" srcset=\"https:\/\/baloessaoroque.com.br\/en\/wp-content\/uploads\/2021\/06\/palha-e-vime2.jpeg 564w, https:\/\/baloessaoroque.com.br\/en\/wp-content\/uploads\/2021\/06\/palha-e-vime2-208x300.jpeg 208w, https:\/\/baloessaoroque.com.br\/en\/wp-content\/uploads\/2021\/06\/palha-e-vime2-400x577.jpeg 400w\" sizes=\"(max-width: 564px) 100vw, 564px\" \/><\/a><\/figure><\/li><\/ul><\/figure>\n\n\n\n<h3><span class=\"ez-toc-section\" id=\"7_-_Esculturas_de_Baloes\"><\/span><strong>7 \u2013 Esculturas de Bal\u00f5es<\/strong><span class=\"ez-toc-section-end\"><\/span><\/h3>\n\n\n\n<p>Os bal\u00f5es fazem toda a diferen\u00e7a e complementam todo o ambiente. A decora\u00e7\u00e3o com bal\u00f5es vem abrilhantar ainda mais esse tema.<\/p>\n\n\n\n<div style=\"height:45px\" aria-hidden=\"true\" class=\"wp-block-spacer\"><\/div>\n\n\n\n<p>Atualmente, existem uma infinidade de esculturas de bal\u00f5es que voc\u00ea pode adaptar para o seu arrai\u00e1. Podem ser feitas diversas esculturas como milharal, igrejas, botas, barracas diversas, girass\u00f3is e o que mais a sua imagina\u00e7\u00e3o permitir criar.<\/p>\n\n\n\n<div style=\"height:45px\" aria-hidden=\"true\" class=\"wp-block-spacer\"><\/div>\n\n\n\n<p>Que tal substituir a famosa fogueira de verdade por uma feita de bal\u00f5es canudos? Al\u00e9m de ser uma alternativa mais segura, \u00e9 ideal para quem vai festejar em casa e quer manter a tradi\u00e7\u00e3o. Voc\u00ea pode criar a sua utilizando a variedade de bal\u00f5es canudos da Bal\u00f5es S\u00e3o Roque.<\/p>\n\n\n\n<div style=\"height:45px\" aria-hidden=\"true\" class=\"wp-block-spacer\"><\/div>\n\n\n\n<p>Os espantalhos de bal\u00f5es tamb\u00e9m s\u00e3o fofos e transmitem muita alegria, al\u00e9m de conquistar as crian\u00e7as. Neste <a href=\"https:\/\/www.youtube.com\/watch?v=D-RgUQHvvI0\" target=\"_blank\" rel=\"noreferrer noopener\">v\u00eddeo<\/a>, voc\u00ea confere o passo a passo para montar o seu em casa mesmo.<\/p>\n\n\n\n<div style=\"height:45px\" aria-hidden=\"true\" class=\"wp-block-spacer\"><\/div>\n\n\n\n<p>Outra dica de escultura de bal\u00f5es \u00e9 a espiga de milho verde. Isso mesmo, \u00e9 poss\u00edvel criar uma <a href=\"https:\/\/www.youtube.com\/watch?v=mWIw26CZTOo\" target=\"_blank\" rel=\"noreferrer noopener\">espiga de milho de bal\u00f5es<\/a> e elas costumam fazer sucesso em festas juninas.<\/p>\n\n\n\n<div style=\"height:45px\" aria-hidden=\"true\" class=\"wp-block-spacer\"><\/div>\n\n\n\n<p>Assim como em qualquer festa, as possibilidades de decora\u00e7\u00e3o com bal\u00f5es s\u00e3o muitas. Para as festas juninas, uma tend\u00eancia forte \u00e9 criar guirlanda org\u00e2nica\/desconstru\u00edda utilizando bal\u00f5es de diversos tamanhos: 5&#8243;, 7&#8243;, 8&#8243;, 9&#8243;, 11&#8243;, 16&#8243;, 25&#8243; e 35&#8243;. E, para os detalhes, voc\u00ea pode colar retalhos de tecidos nos bal\u00f5es utilizando fita dupla face ou ainda colocar bandeirinhas nos bal\u00f5es e inserir girass\u00f3is entre eles, fica um charme.<\/p>\n\n\n\n<div style=\"height:45px\" aria-hidden=\"true\" class=\"wp-block-spacer\"><\/div>\n\n\n\n<p>Em nosso <a href=\"https:\/\/www.youtube.com\/c\/Bal%C3%B5esS%C3%A3oRoque\/videos\" target=\"_blank\" rel=\"noreferrer noopener\">canal do YouTube<\/a> voc\u00ea tem acesso a diversos tutoriais sobre como fazer essas esculturas em casa, de um jeito simples e pr\u00e1tico.<\/p>\n\n\n\n<figure class=\"wp-block-gallery columns-3 is-cropped\"><ul class=\"blocks-gallery-grid\"><li class=\"blocks-gallery-item\"><figure><a href=\"https:\/\/baloessaoroque.com.br\/en\/wp-content\/uploads\/2021\/06\/fogueira-scaled.jpg\"><img loading=\"lazy\" width=\"683\" height=\"1024\" src=\"https:\/\/baloessaoroque.com.br\/en\/wp-content\/uploads\/2021\/06\/fogueira-683x1024.jpg\" alt=\"fogueira de bal\u00f5es para festa junina\" data-id=\"6340\" data-full-url=\"https:\/\/baloessaoroque.com.br\/en\/wp-content\/uploads\/2021\/06\/fogueira-scaled.jpg\" data-link=\"https:\/\/baloessaoroque.com.br\/en\/?attachment_id=6340\" class=\"wp-image-6340\" srcset=\"https:\/\/baloessaoroque.com.br\/en\/wp-content\/uploads\/2021\/06\/fogueira-683x1024.jpg 683w, https:\/\/baloessaoroque.com.br\/en\/wp-content\/uploads\/2021\/06\/fogueira-200x300.jpg 200w, https:\/\/baloessaoroque.com.br\/en\/wp-content\/uploads\/2021\/06\/fogueira-768x1152.jpg 768w, https:\/\/baloessaoroque.com.br\/en\/wp-content\/uploads\/2021\/06\/fogueira-1024x1536.jpg 1024w, https:\/\/baloessaoroque.com.br\/en\/wp-content\/uploads\/2021\/06\/fogueira-1365x2048.jpg 1365w, https:\/\/baloessaoroque.com.br\/en\/wp-content\/uploads\/2021\/06\/fogueira-400x600.jpg 400w, https:\/\/baloessaoroque.com.br\/en\/wp-content\/uploads\/2021\/06\/fogueira-600x900.jpg 600w, https:\/\/baloessaoroque.com.br\/en\/wp-content\/uploads\/2021\/06\/fogueira-scaled.jpg 1707w\" sizes=\"(max-width: 683px) 100vw, 683px\" \/><\/a><\/figure><\/li><li class=\"blocks-gallery-item\"><figure><a href=\"https:\/\/baloessaoroque.com.br\/en\/wp-content\/uploads\/2021\/06\/enfeite-com-baloes-para-festa-junina-1.jpeg\"><img loading=\"lazy\" width=\"550\" height=\"733\" src=\"https:\/\/baloessaoroque.com.br\/en\/wp-content\/uploads\/2021\/06\/enfeite-com-baloes-para-festa-junina-1.jpeg\" alt=\"\" data-id=\"6338\" data-full-url=\"https:\/\/baloessaoroque.com.br\/en\/wp-content\/uploads\/2021\/06\/enfeite-com-baloes-para-festa-junina-1.jpeg\" data-link=\"https:\/\/baloessaoroque.com.br\/en\/?attachment_id=6338\" class=\"wp-image-6338\" srcset=\"https:\/\/baloessaoroque.com.br\/en\/wp-content\/uploads\/2021\/06\/enfeite-com-baloes-para-festa-junina-1.jpeg 550w, https:\/\/baloessaoroque.com.br\/en\/wp-content\/uploads\/2021\/06\/enfeite-com-baloes-para-festa-junina-1-225x300.jpeg 225w, https:\/\/baloessaoroque.com.br\/en\/wp-content\/uploads\/2021\/06\/enfeite-com-baloes-para-festa-junina-1-400x533.jpeg 400w\" sizes=\"(max-width: 550px) 100vw, 550px\" \/><\/a><\/figure><\/li><li class=\"blocks-gallery-item\"><figure><a href=\"https:\/\/baloessaoroque.com.br\/en\/wp-content\/uploads\/2021\/06\/enfeite-com-baloes-para-festa-junina-5.jpeg\"><img loading=\"lazy\" width=\"550\" height=\"630\" src=\"https:\/\/baloessaoroque.com.br\/en\/wp-content\/uploads\/2021\/06\/enfeite-com-baloes-para-festa-junina-5.jpeg\" alt=\"\" data-id=\"6339\" data-full-url=\"https:\/\/baloessaoroque.com.br\/en\/wp-content\/uploads\/2021\/06\/enfeite-com-baloes-para-festa-junina-5.jpeg\" data-link=\"https:\/\/baloessaoroque.com.br\/en\/?attachment_id=6339\" class=\"wp-image-6339\" srcset=\"https:\/\/baloessaoroque.com.br\/en\/wp-content\/uploads\/2021\/06\/enfeite-com-baloes-para-festa-junina-5.jpeg 550w, https:\/\/baloessaoroque.com.br\/en\/wp-content\/uploads\/2021\/06\/enfeite-com-baloes-para-festa-junina-5-262x300.jpeg 262w, https:\/\/baloessaoroque.com.br\/en\/wp-content\/uploads\/2021\/06\/enfeite-com-baloes-para-festa-junina-5-400x458.jpeg 400w\" sizes=\"(max-width: 550px) 100vw, 550px\" \/><\/a><\/figure><\/li><\/ul><\/figure>\n\n\n\n<h3><span class=\"ez-toc-section\" id=\"Pensou_em_baloes_pensou_Baloes_Sao_Roque\"><\/span><strong>Pensou em bal\u00f5es, pensou Bal\u00f5es S\u00e3o Roque<\/strong><span class=\"ez-toc-section-end\"><\/span><\/h3>\n\n\n\n<p>Se quer uma decora\u00e7\u00e3o de festa junina criativa, conte com a variedade dos <a href=\"https:\/\/baloessaoroque.com.br\/en\/produtos\/\" target=\"_blank\" rel=\"noreferrer noopener\">produtos da Bal\u00f5es S\u00e3o Roque.<\/a><\/p>\n\n\n\n<div style=\"height:45px\" aria-hidden=\"true\" class=\"wp-block-spacer\"><\/div>\n\n\n\n<p>Diariamente, buscamos investir em inova\u00e7\u00e3o para entregar sempre produtos de alta qualidade aos nossos clientes. Diferencial que nos torna a marca l\u00edder no Brasil no segmento de festas.<\/p>\n\n\n\n<div style=\"height:45px\" aria-hidden=\"true\" class=\"wp-block-spacer\"><\/div>\n\n\n\n<p>Portanto, na hora de escolher bal\u00f5es para a sua festa, n\u00e3o hesite e aposte na Bal\u00f5es S\u00e3o Roque. Afinal, \u00e9 um prazer tornar a sua vida mais alegre e transformar sonhos em realidade.<\/p>\n\n\n\n<div style=\"height:45px\" aria-hidden=\"true\" class=\"wp-block-spacer\"><\/div>\n\n\n\n<p>Gostou desse conte\u00fado? Compartilhe em suas redes sociais!<\/p>\n\n\n\n<p>Siga-nos em nossos principais <a href=\"https:\/\/instagram.com\/Baloes.SaoRoque\" target=\"_blank\" rel=\"noreferrer noopener\">canais digitais<\/a> para ficar por dentro de todas as tend\u00eancias e novidades!<\/p>\n\n\n\n<p>Precisa de Bal\u00f5es S\u00e3o Roque? Consulte um de nossos representantes ou compre online clicando <a href=\"https:\/\/baloessaoroque.com.br\/en\/fale-conosco\/\" target=\"_blank\" rel=\"noreferrer noopener\">aqui<\/a>. <\/p>\n","protected":false},"excerpt":{"rendered":"<p>Sum&aacute;rio Como surgiu a tradi\u00e7\u00e3o de festa junina?7 Itens que n\u00e3o podem faltar na decora\u00e7\u00e3o de festa junina1 \u2013 Mesa [&hellip;]<\/p>\n","protected":false},"author":2,"featured_media":6345,"comment_status":"open","ping_status":"open","sticky":false,"template":"","format":"standard","meta":[],"categories":[22,746],"tags":[],"yoast_head":"<!-- This site is optimized with the Yoast SEO plugin v18.4.1 - https:\/\/yoast.com\/wordpress\/plugins\/seo\/ -->\n<title>Decora\u00e7\u00e3o de festa junina: 7 itens que n\u00e3o podem faltar<\/title>\n<meta name=\"description\" content=\"Voc\u00ea n\u00e3o precisa gastar fortunas com decora\u00e7\u00e3o de festa junina. Com as nossas dicas voc\u00ea vai ver que \u00e9 poss\u00edvel fazer um arrai\u00e1 surp...\" \/>\n<meta name=\"robots\" content=\"index, follow, max-snippet:-1, max-image-preview:large, max-video-preview:-1\" \/>\n<link rel=\"canonical\" href=\"https:\/\/baloessaoroque.com.br\/en\/blog-decoracao-de-festa-junina\/\" \/>\n<meta property=\"og:locale\" content=\"pt_BR\" \/>\n<meta property=\"og:type\" content=\"article\" \/>\n<meta property=\"og:title\" content=\"Decora\u00e7\u00e3o de festa junina: 7 itens que n\u00e3o podem faltar\" \/>\n<meta property=\"og:description\" content=\"Voc\u00ea n\u00e3o precisa gastar fortunas com decora\u00e7\u00e3o de festa junina. Com as nossas dicas voc\u00ea vai ver que \u00e9 poss\u00edvel fazer um arrai\u00e1 surp...\" \/>\n<meta property=\"og:url\" content=\"https:\/\/baloessaoroque.com.br\/en\/blog-decoracao-de-festa-junina\/\" \/>\n<meta property=\"og:site_name\" content=\"Bal\u00f5es S\u00e3o Roque\" \/>\n<meta property=\"article:published_time\" content=\"2021-06-24T15:40:32+00:00\" \/>\n<meta property=\"article:modified_time\" content=\"2022-01-06T19:39:48+00:00\" \/>\n<meta property=\"og:image\" content=\"https:\/\/baloessaoroque.com.br\/en\/wp-content\/uploads\/2021\/06\/BLOG_BLOG_RS_0806_FESTA-JUNINA.jpg\" \/>\n\t<meta property=\"og:image:width\" content=\"1140\" \/>\n\t<meta property=\"og:image:height\" content=\"500\" \/>\n\t<meta property=\"og:image:type\" content=\"image\/jpeg\" \/>\n<meta name=\"twitter:card\" content=\"summary_large_image\" \/>\n<meta name=\"twitter:label1\" content=\"Escrito por\" \/>\n\t<meta name=\"twitter:data1\" content=\"Bal\u00f5es\" \/>\n\t<meta name=\"twitter:label2\" content=\"Est. tempo de leitura\" \/>\n\t<meta name=\"twitter:data2\" content=\"12 minutos\" \/>\n<script type=\"application\/ld+json\" class=\"yoast-schema-graph\">{\"@context\":\"https:\/\/schema.org\",\"@graph\":[{\"@type\":\"WebSite\",\"@id\":\"https:\/\/baloessaoroque.com.br\/en\/#website\",\"url\":\"https:\/\/baloessaoroque.com.br\/en\/\",\"name\":\"Bal\u00f5es S\u00e3o Roque\",\"description\":\"Sua vida cheia de festa!\",\"potentialAction\":[{\"@type\":\"SearchAction\",\"target\":{\"@type\":\"EntryPoint\",\"urlTemplate\":\"https:\/\/baloessaoroque.com.br\/en\/?s={search_term_string}\"},\"query-input\":\"required name=search_term_string\"}],\"inLanguage\":\"pt-BR\"},{\"@type\":\"ImageObject\",\"@id\":\"https:\/\/baloessaoroque.com.br\/en\/blog-decoracao-de-festa-junina\/#primaryimage\",\"inLanguage\":\"pt-BR\",\"url\":\"https:\/\/baloessaoroque.com.br\/en\/wp-content\/uploads\/2021\/06\/BLOG_BLOG_RS_0806_FESTA-JUNINA.jpg\",\"contentUrl\":\"https:\/\/baloessaoroque.com.br\/en\/wp-content\/uploads\/2021\/06\/BLOG_BLOG_RS_0806_FESTA-JUNINA.jpg\",\"width\":1140,\"height\":500,\"caption\":\"Decora\u00e7\u00e3o de festa junina: 7 itens que n\u00e3o podem faltar\"},{\"@type\":\"WebPage\",\"@id\":\"https:\/\/baloessaoroque.com.br\/en\/blog-decoracao-de-festa-junina\/#webpage\",\"url\":\"https:\/\/baloessaoroque.com.br\/en\/blog-decoracao-de-festa-junina\/\",\"name\":\"Decora\u00e7\u00e3o de festa junina: 7 itens que n\u00e3o podem faltar\",\"isPartOf\":{\"@id\":\"https:\/\/baloessaoroque.com.br\/en\/#website\"},\"primaryImageOfPage\":{\"@id\":\"https:\/\/baloessaoroque.com.br\/en\/blog-decoracao-de-festa-junina\/#primaryimage\"},\"datePublished\":\"2021-06-24T15:40:32+00:00\",\"dateModified\":\"2022-01-06T19:39:48+00:00\",\"author\":{\"@id\":\"https:\/\/baloessaoroque.com.br\/en\/#\/schema\/person\/7ff5a7f4f517018c4b9dadee4fd7cb0c\"},\"description\":\"Voc\u00ea n\u00e3o precisa gastar fortunas com decora\u00e7\u00e3o de festa junina. Com as nossas dicas voc\u00ea vai ver que \u00e9 poss\u00edvel fazer um arrai\u00e1 surp...\",\"breadcrumb\":{\"@id\":\"https:\/\/baloessaoroque.com.br\/en\/blog-decoracao-de-festa-junina\/#breadcrumb\"},\"inLanguage\":\"pt-BR\",\"potentialAction\":[{\"@type\":\"ReadAction\",\"target\":[\"https:\/\/baloessaoroque.com.br\/en\/blog-decoracao-de-festa-junina\/\"]}]},{\"@type\":\"BreadcrumbList\",\"@id\":\"https:\/\/baloessaoroque.com.br\/en\/blog-decoracao-de-festa-junina\/#breadcrumb\",\"itemListElement\":[{\"@type\":\"ListItem\",\"position\":1,\"name\":\"In\u00edcio\",\"item\":\"https:\/\/baloessaoroque.com.br\/en\/\"},{\"@type\":\"ListItem\",\"position\":2,\"name\":\"Decora\u00e7\u00e3o de festa junina: 7 itens que n\u00e3o podem faltar\"}]},{\"@type\":\"Person\",\"@id\":\"https:\/\/baloessaoroque.com.br\/en\/#\/schema\/person\/7ff5a7f4f517018c4b9dadee4fd7cb0c\",\"name\":\"Bal\u00f5es\",\"image\":{\"@type\":\"ImageObject\",\"@id\":\"https:\/\/baloessaoroque.com.br\/en\/#personlogo\",\"inLanguage\":\"pt-BR\",\"url\":\"https:\/\/secure.gravatar.com\/avatar\/a66f55f500065686f90d83cab8aa6ee9?s=96&d=mm&r=g\",\"contentUrl\":\"https:\/\/secure.gravatar.com\/avatar\/a66f55f500065686f90d83cab8aa6ee9?s=96&d=mm&r=g\",\"caption\":\"Bal\u00f5es\"},\"url\":\"https:\/\/baloessaoroque.com.br\/en\/author\/dev\/\"}]}<\/script>\n<!-- \/ Yoast SEO plugin. -->","yoast_head_json":{"title":"Decora\u00e7\u00e3o de festa junina: 7 itens que n\u00e3o podem faltar","description":"Voc\u00ea n\u00e3o precisa gastar fortunas com decora\u00e7\u00e3o de festa junina. Com as nossas dicas voc\u00ea vai ver que \u00e9 poss\u00edvel fazer um arrai\u00e1 surp...","robots":{"index":"index","follow":"follow","max-snippet":"max-snippet:-1","max-image-preview":"max-image-preview:large","max-video-preview":"max-video-preview:-1"},"canonical":"https:\/\/baloessaoroque.com.br\/en\/blog-decoracao-de-festa-junina\/","og_locale":"pt_BR","og_type":"article","og_title":"Decora\u00e7\u00e3o de festa junina: 7 itens que n\u00e3o podem faltar","og_description":"Voc\u00ea n\u00e3o precisa gastar fortunas com decora\u00e7\u00e3o de festa junina. Com as nossas dicas voc\u00ea vai ver que \u00e9 poss\u00edvel fazer um arrai\u00e1 surp...","og_url":"https:\/\/baloessaoroque.com.br\/en\/blog-decoracao-de-festa-junina\/","og_site_name":"Bal\u00f5es S\u00e3o Roque","article_published_time":"2021-06-24T15:40:32+00:00","article_modified_time":"2022-01-06T19:39:48+00:00","og_image":[{"width":1140,"height":500,"url":"https:\/\/baloessaoroque.com.br\/en\/wp-content\/uploads\/2021\/06\/BLOG_BLOG_RS_0806_FESTA-JUNINA.jpg","type":"image\/jpeg"}],"twitter_card":"summary_large_image","twitter_misc":{"Escrito por":"Bal\u00f5es","Est. tempo de leitura":"12 minutos"},"schema":{"@context":"https:\/\/schema.org","@graph":[{"@type":"WebSite","@id":"https:\/\/baloessaoroque.com.br\/en\/#website","url":"https:\/\/baloessaoroque.com.br\/en\/","name":"Bal\u00f5es S\u00e3o Roque","description":"Sua vida cheia de festa!","potentialAction":[{"@type":"SearchAction","target":{"@type":"EntryPoint","urlTemplate":"https:\/\/baloessaoroque.com.br\/en\/?s={search_term_string}"},"query-input":"required name=search_term_string"}],"inLanguage":"pt-BR"},{"@type":"ImageObject","@id":"https:\/\/baloessaoroque.com.br\/en\/blog-decoracao-de-festa-junina\/#primaryimage","inLanguage":"pt-BR","url":"https:\/\/baloessaoroque.com.br\/en\/wp-content\/uploads\/2021\/06\/BLOG_BLOG_RS_0806_FESTA-JUNINA.jpg","contentUrl":"https:\/\/baloessaoroque.com.br\/en\/wp-content\/uploads\/2021\/06\/BLOG_BLOG_RS_0806_FESTA-JUNINA.jpg","width":1140,"height":500,"caption":"Decora\u00e7\u00e3o de festa junina: 7 itens que n\u00e3o podem faltar"},{"@type":"WebPage","@id":"https:\/\/baloessaoroque.com.br\/en\/blog-decoracao-de-festa-junina\/#webpage","url":"https:\/\/baloessaoroque.com.br\/en\/blog-decoracao-de-festa-junina\/","name":"Decora\u00e7\u00e3o de festa junina: 7 itens que n\u00e3o podem faltar","isPartOf":{"@id":"https:\/\/baloessaoroque.com.br\/en\/#website"},"primaryImageOfPage":{"@id":"https:\/\/baloessaoroque.com.br\/en\/blog-decoracao-de-festa-junina\/#primaryimage"},"datePublished":"2021-06-24T15:40:32+00:00","dateModified":"2022-01-06T19:39:48+00:00","author":{"@id":"https:\/\/baloessaoroque.com.br\/en\/#\/schema\/person\/7ff5a7f4f517018c4b9dadee4fd7cb0c"},"description":"Voc\u00ea n\u00e3o precisa gastar fortunas com decora\u00e7\u00e3o de festa junina. Com as nossas dicas voc\u00ea vai ver que \u00e9 poss\u00edvel fazer um arrai\u00e1 surp...","breadcrumb":{"@id":"https:\/\/baloessaoroque.com.br\/en\/blog-decoracao-de-festa-junina\/#breadcrumb"},"inLanguage":"pt-BR","potentialAction":[{"@type":"ReadAction","target":["https:\/\/baloessaoroque.com.br\/en\/blog-decoracao-de-festa-junina\/"]}]},{"@type":"BreadcrumbList","@id":"https:\/\/baloessaoroque.com.br\/en\/blog-decoracao-de-festa-junina\/#breadcrumb","itemListElement":[{"@type":"ListItem","position":1,"name":"In\u00edcio","item":"https:\/\/baloessaoroque.com.br\/en\/"},{"@type":"ListItem","position":2,"name":"Decora\u00e7\u00e3o de festa junina: 7 itens que n\u00e3o podem faltar"}]},{"@type":"Person","@id":"https:\/\/baloessaoroque.com.br\/en\/#\/schema\/person\/7ff5a7f4f517018c4b9dadee4fd7cb0c","name":"Bal\u00f5es","image":{"@type":"ImageObject","@id":"https:\/\/baloessaoroque.com.br\/en\/#personlogo","inLanguage":"pt-BR","url":"https:\/\/secure.gravatar.com\/avatar\/a66f55f500065686f90d83cab8aa6ee9?s=96&d=mm&r=g","contentUrl":"https:\/\/secure.gravatar.com\/avatar\/a66f55f500065686f90d83cab8aa6ee9?s=96&d=mm&r=g","caption":"Bal\u00f5es"},"url":"https:\/\/baloessaoroque.com.br\/en\/author\/dev\/"}]}},"_links":{"self":[{"href":"https:\/\/baloessaoroque.com.br\/en\/wp-json\/wp\/v2\/posts\/6324"}],"collection":[{"href":"https:\/\/baloessaoroque.com.br\/en\/wp-json\/wp\/v2\/posts"}],"about":[{"href":"https:\/\/baloessaoroque.com.br\/en\/wp-json\/wp\/v2\/types\/post"}],"author":[{"embeddable":true,"href":"https:\/\/baloessaoroque.com.br\/en\/wp-json\/wp\/v2\/users\/2"}],"replies":[{"embeddable":true,"href":"https:\/\/baloessaoroque.com.br\/en\/wp-json\/wp\/v2\/comments?post=6324"}],"version-history":[{"count":2,"href":"https:\/\/baloessaoroque.com.br\/en\/wp-json\/wp\/v2\/posts\/6324\/revisions"}],"predecessor-version":[{"id":10416,"href":"https:\/\/baloessaoroque.com.br\/en\/wp-json\/wp\/v2\/posts\/6324\/revisions\/10416"}],"wp:featuredmedia":[{"embeddable":true,"href":"https:\/\/baloessaoroque.com.br\/en\/wp-json\/wp\/v2\/media\/6345"}],"wp:attachment":[{"href":"https:\/\/baloessaoroque.com.br\/en\/wp-json\/wp\/v2\/media?parent=6324"}],"wp:term":[{"taxonomy":"category","embeddable":true,"href":"https:\/\/baloessaoroque.com.br\/en\/wp-json\/wp\/v2\/categories?post=6324"},{"taxonomy":"post_tag","embeddable":true,"href":"https:\/\/baloessaoroque.com.br\/en\/wp-json\/wp\/v2\/tags?post=6324"}],"curies":[{"name":"wp","href":"https:\/\/api.w.org\/{rel}","templated":true}]}}