{"id":7060,"date":"2021-08-16T17:59:52","date_gmt":"2021-08-16T20:59:52","guid":{"rendered":"https:\/\/baloessaoroque.com.br\/en.br\/?p=7060"},"modified":"2022-01-06T15:44:43","modified_gmt":"2022-01-06T18:44:43","slug":"blog-3-maneiras-criativas-de-decoracao-para-batizado-com-baloes","status":"publish","type":"post","link":"https:\/\/baloessaoroque.com.br\/en\/blog-3-maneiras-criativas-de-decoracao-para-batizado-com-baloes\/","title":{"rendered":"3 maneiras criativas de decora\u00e7\u00e3o para batizado com bal\u00f5es"},"content":{"rendered":"<div id=\"ez-toc-container\" class=\"ez-toc-v2_0_18 counter-hierarchy counter-decimal\">\n<div class=\"ez-toc-title-container\">\n<p class=\"ez-toc-title\">Sum&aacute;rio<\/p>\n<span class=\"ez-toc-title-toggle\"><a class=\"ez-toc-pull-right ez-toc-btn ez-toc-btn-xs ez-toc-btn-default ez-toc-toggle\" style=\"display: none;\"><i class=\"ez-toc-glyphicon ez-toc-icon-toggle\"><\/i><\/a><\/span><\/div>\n<nav><ul class=\"ez-toc-list ez-toc-list-level-1\"><li class=\"ez-toc-page-1 ez-toc-heading-level-3\"><a class=\"ez-toc-link ez-toc-heading-1\" href=\"https:\/\/baloessaoroque.com.br\/en\/blog-3-maneiras-criativas-de-decoracao-para-batizado-com-baloes\/#1_-_Nuvem_em_forma_de_baloes\" title=\"1 \u2013 Nuvem em forma de bal\u00f5es\">1 \u2013 Nuvem em forma de bal\u00f5es<\/a><\/li><li class=\"ez-toc-page-1 ez-toc-heading-level-3\"><a class=\"ez-toc-link ez-toc-heading-2\" href=\"https:\/\/baloessaoroque.com.br\/en\/blog-3-maneiras-criativas-de-decoracao-para-batizado-com-baloes\/#2_-_Escolha_das_cores\" title=\"2 \u2013 Escolha das cores\">2 \u2013 Escolha das cores<\/a><ul class=\"ez-toc-list-level-4\"><li class=\"ez-toc-heading-level-4\"><a class=\"ez-toc-link ez-toc-heading-3\" href=\"https:\/\/baloessaoroque.com.br\/en\/blog-3-maneiras-criativas-de-decoracao-para-batizado-com-baloes\/#Entenda_o_que_cada_cor_representa\" title=\"Entenda o que cada cor representa:\">Entenda o que cada cor representa:<\/a><\/li><\/ul><\/li><li class=\"ez-toc-page-1 ez-toc-heading-level-3\"><a class=\"ez-toc-link ez-toc-heading-4\" href=\"https:\/\/baloessaoroque.com.br\/en\/blog-3-maneiras-criativas-de-decoracao-para-batizado-com-baloes\/#3_-_Festas_tematizadas_em_decoracao_para_batizado\" title=\"3 \u2013 Festas tematizadas em decora\u00e7\u00e3o para batizado\">3 \u2013 Festas tematizadas em decora\u00e7\u00e3o para batizado<\/a><\/li><\/ul><\/nav><\/div>\n\n<p>O batismo \u00e9 um momento muito importante e especial para a fam\u00edlia crist\u00e3, pois se trata de um tradicional rito de inicia\u00e7\u00e3o na religi\u00e3o. Na igreja cat\u00f3lica, por exemplo, \u00e9 realizada uma missa exclusiva para esse objetivo, com a presen\u00e7a dos familiares e padrinhos escolhidos, al\u00e9m dos amigos e entes queridos. E para celebrar essa data de tamanho significado, muitas fam\u00edlias optam por realizar uma festa de batizado para a crian\u00e7a, reunindo pessoas queridas, como demonstra\u00e7\u00e3o de agradecimento por fazerem parte desse momento \u00fanico. Seja em um sal\u00e3o para bastante gente ou em casa, com um ar mais intimista, a decora\u00e7\u00e3o para batizado \u00e9 importante para celebrar essa comemora\u00e7\u00e3o. <\/p>\n\n\n\n<div style=\"height:40px\" aria-hidden=\"true\" class=\"wp-block-spacer\"><\/div>\n\n\n\n<p>Por isso, para te ajudar a planejar a festa de batizado, separamos algumas dicas \u00fateis. Continue a leitura!<\/p>\n\n\n\n<div style=\"height:40px\" aria-hidden=\"true\" class=\"wp-block-spacer\"><\/div>\n\n\n\n<h3><span class=\"ez-toc-section\" id=\"1_-_Nuvem_em_forma_de_baloes\"><\/span><strong>1 \u2013 Nuvem em forma de bal\u00f5es<\/strong><span class=\"ez-toc-section-end\"><\/span><\/h3>\n\n\n\n<p>Espa\u00e7os \u201cinstagram\u00e1veis\u201d est\u00e3o cada vez mais em alta. Utilize espa\u00e7os que sejam convidativos a uma foto digna de aparecer nas redes sociais. Neste momento \u00e9 a hora de colocar a criatividade em jogo.<\/p>\n\n\n\n<div style=\"height:40px\" aria-hidden=\"true\" class=\"wp-block-spacer\"><\/div>\n\n\n\n<p>Como a festa de batismo tem a ver com algo sagrado, usar itens que tenham liga\u00e7\u00e3o com o c\u00e9u s\u00e3o tend\u00eancia nesse tipo de cerim\u00f4nia, como anjos, nuvens e pombinhas. Que tal montar uma nuvem de bal\u00f5es para compor o cen\u00e1rio do evento? &nbsp;<\/p>\n\n\n\n<figure class=\"wp-block-image size-large is-style-default\"><a href=\"https:\/\/baloessaoroque.com.br\/en\/wp-content\/uploads\/2021\/08\/nuvem-de-balo\u0303es-scaled.jpg\"><img src=\"https:\/\/baloessaoroque.com.br\/en\/wp-content\/uploads\/2021\/08\/nuvem-de-balo\u0303es-edited-scaled.jpg\" alt=\"Nuvem de bal\u00f5es de decora\u00e7\u00e3o para batizado\" class=\"wp-image-7091\"\/><\/a><\/figure>\n\n\n\n<p>Para isso, voc\u00ea vai precisar escolher tamanhos diferentes de bal\u00f5es, para criar aquela textura de \u201calgod\u00e3o\u201d que elas possuem. Junte quantos bal\u00f5es forem necess\u00e1rios, de acordo com o tamanho da nuvem escolhida. Por exemplo, para uma nuvem pequena, junte em torno de 10 bal\u00f5es. J\u00e1 uma mais robusta, voc\u00ea precisar\u00e1 de pelo menos 20 bal\u00f5es.<\/p>\n\n\n\n<div style=\"height:40px\" aria-hidden=\"true\" class=\"wp-block-spacer\"><\/div>\n\n\n\n<p>N\u00e3o tem um tamanho recomendado, por isso, analise o que faz mais sentido para a sua decora\u00e7\u00e3o e o espa\u00e7o que voc\u00ea est\u00e1 decorando. Voc\u00ea pode, por exemplo, fazer uma &#8220;nuvenzona&#8221; para acomodar na frente de uma mesa ou rack e v\u00e1rias menorzinhas para pendurar no teto, ao redor. Use fita ou cord\u00f5es para prender um bal\u00e3o ao outro.<\/p>\n\n\n\n<div style=\"height:40px\" aria-hidden=\"true\" class=\"wp-block-spacer\"><\/div>\n\n\n\n<p>Depois de prontas, voc\u00ea pode fix\u00e1-las na parede, em um painel ou, tamb\u00e9m, deix\u00e1-las suspensas no teto.<\/p>\n\n\n\n<div style=\"height:40px\" aria-hidden=\"true\" class=\"wp-block-spacer\"><\/div>\n\n\n\n<p>Para dar um charme maior a essa decora\u00e7\u00e3o, use luzinhas de led, junto \u00e0 nuvem, ou bal\u00f5es em formatos diferenciados, como os de formato cora\u00e7\u00e3o, para simbolizar uma \u201cchuva\u201d.<\/p>\n\n\n\n<div style=\"height:40px\" aria-hidden=\"true\" class=\"wp-block-spacer\"><\/div>\n\n\n\n<p>Al\u00e9m disso, voc\u00ea tamb\u00e9m pode usar bal\u00f5es de 9 polegadas com tema <a href=\"https:\/\/baloessaoroque.com.br\/en\/produtos\/?_sf_s=nuvenzinha\" target=\"_blank\" rel=\"noreferrer noopener\">\u201cNuvenzinha\u201d,<\/a> \u201c<a href=\"https:\/\/baloessaoroque.com.br\/en\/produtos\/?_sf_s=floco%20de%20neve\" target=\"_blank\" rel=\"noreferrer noopener\">Floco de neve<\/a>\u201d ou \u201c<a href=\"https:\/\/baloessaoroque.com.br\/en\/produtos\/?_sf_s=asinha%20de%20anjo\" target=\"_blank\" rel=\"noreferrer noopener\">Asinha de anjo\u201d,<\/a> da linha de bal\u00f5es decorados da Bal\u00f5es S\u00e3o Roque, alternando com os de cores neutras, em arcos ou at\u00e9 mesmo na decora\u00e7\u00e3o da mesa dos docinhos e lembrancinhas. Eles v\u00e3o dar um ar mais descontra\u00eddo e divertido para a festa.<\/p>\n\n\n\n<div class=\"wp-container-1 wp-block-group\"><div class=\"wp-block-group__inner-container\">\n<figure class=\"wp-block-gallery columns-4 is-cropped\"><ul class=\"blocks-gallery-grid\"><li class=\"blocks-gallery-item\"><figure><a href=\"https:\/\/baloessaoroque.com.br\/en\/wp-content\/uploads\/2021\/08\/bala\u0303o-anjinho-azul-scaled.jpg\"><img src=\"https:\/\/baloessaoroque.com.br\/en\/wp-content\/uploads\/2021\/08\/bala\u0303o-anjinho-azul-408x1024.jpg\" alt=\"3 maneiras criativas de decora\u00e7\u00e3o para batizado com bal\u00f5es\" data-id=\"7068\" data-full-url=\"https:\/\/baloessaoroque.com.br\/en\/wp-content\/uploads\/2021\/08\/bala\u0303o-anjinho-azul-scaled.jpg\" data-link=\"https:\/\/baloessaoroque.com.br\/en\/?attachment_id=7068\" class=\"wp-image-7068\"\/><\/a><\/figure><\/li><li class=\"blocks-gallery-item\"><figure><a href=\"https:\/\/baloessaoroque.com.br\/en\/wp-content\/uploads\/2021\/08\/bala\u0303o-nuvenzinha-rosa-scaled.jpg\"><img src=\"https:\/\/baloessaoroque.com.br\/en\/wp-content\/uploads\/2021\/08\/bala\u0303o-nuvenzinha-rosa-408x1024.jpg\" alt=\"3 maneiras criativas de decora\u00e7\u00e3o para batizado com bal\u00f5es\" data-id=\"7074\" data-full-url=\"https:\/\/baloessaoroque.com.br\/en\/wp-content\/uploads\/2021\/08\/bala\u0303o-nuvenzinha-rosa-scaled.jpg\" data-link=\"https:\/\/baloessaoroque.com.br\/en\/?attachment_id=7074\" class=\"wp-image-7074\"\/><\/a><\/figure><\/li><li class=\"blocks-gallery-item\"><figure><a href=\"https:\/\/baloessaoroque.com.br\/en\/wp-content\/uploads\/2021\/08\/bala\u0303o-nuvenzinha-verde-scaled.jpg\"><img src=\"https:\/\/baloessaoroque.com.br\/en\/wp-content\/uploads\/2021\/08\/bala\u0303o-nuvenzinha-verde-408x1024.jpg\" alt=\"\" data-id=\"7072\" data-full-url=\"https:\/\/baloessaoroque.com.br\/en\/wp-content\/uploads\/2021\/08\/bala\u0303o-nuvenzinha-verde-scaled.jpg\" data-link=\"https:\/\/baloessaoroque.com.br\/en\/?attachment_id=7072\" class=\"wp-image-7072\"\/><\/a><\/figure><\/li><li class=\"blocks-gallery-item\"><figure><a href=\"https:\/\/baloessaoroque.com.br\/en\/wp-content\/uploads\/2021\/08\/bala\u0303o-floco-de-neve-branco-scaled.jpg\"><img src=\"https:\/\/baloessaoroque.com.br\/en\/wp-content\/uploads\/2021\/08\/bala\u0303o-floco-de-neve-branco-408x1024.jpg\" alt=\"3 maneiras criativas de decora\u00e7\u00e3o para batizado com bal\u00f5es\" data-id=\"7075\" data-full-url=\"https:\/\/baloessaoroque.com.br\/en\/wp-content\/uploads\/2021\/08\/bala\u0303o-floco-de-neve-branco-scaled.jpg\" data-link=\"https:\/\/baloessaoroque.com.br\/en\/?attachment_id=7075\" class=\"wp-image-7075\"\/><\/a><\/figure><\/li><\/ul><\/figure>\n<\/div><\/div>\n\n\n\n<div style=\"height:40px\" aria-hidden=\"true\" class=\"wp-block-spacer\"><\/div>\n\n\n\n<h3><span class=\"ez-toc-section\" id=\"2_-_Escolha_das_cores\"><\/span><strong>2 \u2013 Escolha das cores<\/strong><span class=\"ez-toc-section-end\"><\/span><\/h3>\n\n\n\n<p>Pelo significado que esta comemora\u00e7\u00e3o carrega, \u00e9 muito comum que a decora\u00e7\u00e3o para batizado seja mais clara, optando por muito branco, tons past\u00e9is, neutros e elementos dourados ou prateados.<\/p>\n\n\n\n<div style=\"height:40px\" aria-hidden=\"true\" class=\"wp-block-spacer\"><\/div>\n\n\n\n<h4><span class=\"ez-toc-section\" id=\"Entenda_o_que_cada_cor_representa\"><\/span>Entenda o que cada cor representa:<span class=\"ez-toc-section-end\"><\/span><\/h4>\n\n\n\n<ul><li>O branco pode simbolizar a paz, luz e pureza da crian\u00e7a batizada. Por isso, \u00e9 comum tamb\u00e9m trazer para a decora\u00e7\u00e3o a figura do carneirinho ou de uma pombinha branca.<\/li><li>As cores past\u00e9is e neutras levam sensa\u00e7\u00e3o de tranquilidade, calmaria e renova\u00e7\u00e3o. Se voc\u00ea optar por essas cores na decora\u00e7\u00e3o do seu batizado, pode contar com bal\u00f5es da linha <a href=\"https:\/\/baloessaoroque.com.br\/en\/categoria-produto\/candy-color\/\" target=\"_blank\" rel=\"noreferrer noopener\">Candy Colors<\/a> e <a href=\"https:\/\/baloessaoroque.com.br\/en\/categoria-produto\/perolado\/\" target=\"_blank\" rel=\"noreferrer noopener\">Perolados<\/a> da Bal\u00f5es S\u00e3o Roque, al\u00e9m da nossa <a href=\"https:\/\/baloessaoroque.com.br\/en\/categoria-produto\/cristal-baby\/\" target=\"_blank\" rel=\"noreferrer noopener\">linha Baby<\/a>, que possuem tons em rosa ou azul.<\/li><li>O dourado pode ser usado para remeter a preciosidade. Tamb\u00e9m est\u00e1 muito associado \u00e0 eleg\u00e2ncia, sofistica\u00e7\u00e3o e poder.<\/li><li>Assim como o dourado, a cor prata tamb\u00e9m \u00e9 utilizada para simbolizar riqueza, metais preciosos e requinte. A nossa linha de bal\u00f5es<a href=\"https:\/\/baloessaoroque.com.br\/en\/categoria-produto\/metallic-ballom\/\" target=\"_blank\" rel=\"noreferrer noopener\"> Metallic<\/a> \u00e9 a op\u00e7\u00e3o perfeita para abrilhantar a sua decora\u00e7\u00e3o.<\/li><\/ul>\n\n\n\n<div style=\"height:40px\" aria-hidden=\"true\" class=\"wp-block-spacer\"><\/div>\n\n\n\n<p>Lembre-se, n\u00e3o existe um certo e errado. Voc\u00ea pode usar uma, duas ou at\u00e9 mais cores na decora\u00e7\u00e3o, escolha o que fizer mais sentido para a fam\u00edlia, levando em considera\u00e7\u00e3o tamb\u00e9m o gosto pessoal dos pais, quando necess\u00e1rio.<\/p>\n\n\n\n<div style=\"height:40px\" aria-hidden=\"true\" class=\"wp-block-spacer\"><\/div>\n\n\n\n<p>Pense na composi\u00e7\u00e3o do cen\u00e1rio todo que estar\u00e1 montando. Voc\u00ea pode combinar as cores elegidas nas embalagens, flores e enfeites da mesa, assim como na acomoda\u00e7\u00e3o dos convidados e lembrancinhas.<\/p>\n\n\n\n<div style=\"height:40px\" aria-hidden=\"true\" class=\"wp-block-spacer\"><\/div>\n\n\n\n<p>Se tratando de bal\u00f5es, a sugest\u00e3o \u00e9 a de que se monte um arco, trabalhando a combina\u00e7\u00e3o branco e dourado ou branco e prateado, predominantemente. Tamb\u00e9m escolha uma cor secund\u00e1ria para usar em menor propor\u00e7\u00e3o.<\/p>\n\n\n\n<div style=\"height:40px\" aria-hidden=\"true\" class=\"wp-block-spacer\"><\/div>\n\n\n\n<p>As cores secund\u00e1rias tamb\u00e9m podem ser usadas em detalhes, como um la\u00e7o, por exemplo, ou o glac\u00ea do bolo.<\/p>\n\n\n\n<figure class=\"wp-block-image size-full is-style-default\"><a href=\"https:\/\/baloessaoroque.com.br\/en\/wp-content\/uploads\/2021\/08\/decorac\u0327a\u0303o-batizado.jpeg\"><img src=\"https:\/\/baloessaoroque.com.br\/en\/wp-content\/uploads\/2021\/08\/decorac\u0327a\u0303o-batizado.jpeg\" alt=\"Decora\u00e7\u00e3o para batizado com bal\u00f5es\" class=\"wp-image-7083\"\/><\/a><\/figure>\n\n\n\n<p>Comece escolhendo os formatos e tamanhos dos bal\u00f5es. Os bal\u00f5es redondos podem ser desde 5 at\u00e9 16 polegadas. A ideia, assim como na dica acima, \u00e9 que a variedade destes diferentes tamanhos forme uma forma ou arco de bal\u00f5es n\u00e3o homog\u00eaneos, circulando toda a estrutura do arco.<\/p>\n\n\n\n<div style=\"height:40px\" aria-hidden=\"true\" class=\"wp-block-spacer\"><\/div>\n\n\n\n<h3><span class=\"ez-toc-section\" id=\"3_-_Festas_tematizadas_em_decoracao_para_batizado\"><\/span><strong>3 \u2013 Festas tematizadas<\/strong> em decora\u00e7\u00e3o para batizado<span class=\"ez-toc-section-end\"><\/span><\/h3>\n\n\n\n<p>Outra boa ideia \u00e9 fazer uso de temas para a festa de batizado. Neste quesito, a criatividade tamb\u00e9m est\u00e1 em jogo na hora de escolher a decora\u00e7\u00e3o: desde os mais comuns, como os anjos, mas tamb\u00e9m carneirinhos, pombinhas, estrelas e imagens sagradas.<\/p>\n\n\n\n<div style=\"height:40px\" aria-hidden=\"true\" class=\"wp-block-spacer\"><\/div>\n\n\n\n<p>Se o tema escolhido for mais ligado ao religioso, por exemplo, voc\u00ea pode:<\/p>\n\n\n\n<ul><li>Usar cupcakes com um doce em formato de b\u00edblia em cima;<\/li><li>Escapul\u00e1rios para prender sacolinhas;<\/li><li>Imagens de nossa senhora como lembrancinha;<\/li><li>Fazer esculturas de anjo com bal\u00f5es. Junte pequenos bal\u00f5es brancos para montar o corpo e bal\u00f5es tubo para dar forma \u00e0s asas do seu anjo.<\/li><\/ul>\n\n\n\n<figure class=\"wp-block-gallery columns-2 is-cropped\"><ul class=\"blocks-gallery-grid\"><li class=\"blocks-gallery-item\"><figure><a href=\"https:\/\/baloessaoroque.com.br\/en\/wp-content\/uploads\/2021\/08\/decorac\u0327a\u0303o-batizado2.jpeg\"><img src=\"https:\/\/baloessaoroque.com.br\/en\/wp-content\/uploads\/2021\/08\/decorac\u0327a\u0303o-batizado2.jpeg\" alt=\"\" data-id=\"7087\" data-full-url=\"https:\/\/baloessaoroque.com.br\/en\/wp-content\/uploads\/2021\/08\/decorac\u0327a\u0303o-batizado2.jpeg\" data-link=\"https:\/\/baloessaoroque.com.br\/en\/?attachment_id=7087\" class=\"wp-image-7087\"\/><\/a><\/figure><\/li><li class=\"blocks-gallery-item\"><figure><a href=\"https:\/\/baloessaoroque.com.br\/en\/wp-content\/uploads\/2021\/08\/lembrancinha-de-batizado.jpeg\"><img src=\"https:\/\/baloessaoroque.com.br\/en\/wp-content\/uploads\/2021\/08\/lembrancinha-de-batizado.jpeg\" alt=\"\" data-id=\"7088\" data-full-url=\"https:\/\/baloessaoroque.com.br\/en\/wp-content\/uploads\/2021\/08\/lembrancinha-de-batizado.jpeg\" data-link=\"https:\/\/baloessaoroque.com.br\/en\/?attachment_id=7088\" class=\"wp-image-7088\"\/><\/a><\/figure><\/li><\/ul><\/figure>\n\n\n\n<p>Outra sugest\u00e3o de tema para festa de batizado \u00e9 de princesa ou pr\u00edncipe. Para essas tem\u00e1ticas, a nossa linha decorados possui op\u00e7\u00f5es de bal\u00f5es especiais para a celebra\u00e7\u00e3o do batismo de meninas e meninos. O bal\u00e3o \u201casinha de anjo\u201d \u00e9 ideal para ambas as ocasi\u00f5es e v\u00e3o fazer toda a diferen\u00e7a na composi\u00e7\u00e3o do seu evento.<\/p>\n\n\n\n<div style=\"height:40px\" aria-hidden=\"true\" class=\"wp-block-spacer\"><\/div>\n\n\n\n<p>Para tornar todo momento inesquec\u00edvel, a Bal\u00f5es S\u00e3o Roque oferece h\u00e1 mais de 65 anos produtos que transformam as festas.<\/p>\n\n\n\n<div style=\"height:40px\" aria-hidden=\"true\" class=\"wp-block-spacer\"><\/div>\n\n\n\n<p>Quer ficar por dentro de todas as novidades? Ent\u00e3o curta nossa p\u00e1gina no&nbsp;<a href=\"https:\/\/fb.com\/Baloes.SR\" target=\"_blank\" rel=\"noreferrer noopener\">Facebook&nbsp;<\/a>e nos siga no&nbsp;<a href=\"https:\/\/instagram.com\/Baloes.SaoRoque\" target=\"_blank\" rel=\"noreferrer noopener\">Instagram<\/a>. E no nosso canal do YouTube, voc\u00ea encontra muitas outras dicas e tutoriais para te ajudar a criar momentos m\u00e1gicos.<\/p>\n\n\n\n<p>Compartilhe essa dica com seus amigos!<\/p>\n","protected":false},"excerpt":{"rendered":"<p>Sum&aacute;rio 1 \u2013 Nuvem em forma de bal\u00f5es2 \u2013 Escolha das coresEntenda o que cada cor representa:3 \u2013 Festas tematizadas [&hellip;]<\/p>\n","protected":false},"author":2,"featured_media":10048,"comment_status":"open","ping_status":"open","sticky":false,"template":"","format":"standard","meta":[],"categories":[22],"tags":[],"yoast_head":"<!-- This site is optimized with the Yoast SEO plugin v18.4.1 - https:\/\/yoast.com\/wordpress\/plugins\/seo\/ -->\n<title>3 maneiras criativas de decora\u00e7\u00e3o para batizado com bal\u00f5es<\/title>\n<meta name=\"description\" content=\"O batismo \u00e9 um momento muito importante para a fam\u00edlia, certo? E para celebrar, seja em sal\u00e3o ou em casa, a decora\u00e7\u00e3o para batizado faz to...\" \/>\n<meta name=\"robots\" content=\"index, follow, max-snippet:-1, max-image-preview:large, max-video-preview:-1\" \/>\n<link rel=\"canonical\" href=\"https:\/\/baloessaoroque.com.br\/en\/blog-3-maneiras-criativas-de-decoracao-para-batizado-com-baloes\/\" \/>\n<meta property=\"og:locale\" content=\"pt_BR\" \/>\n<meta property=\"og:type\" content=\"article\" \/>\n<meta property=\"og:title\" content=\"3 maneiras criativas de decora\u00e7\u00e3o para batizado com bal\u00f5es\" \/>\n<meta property=\"og:description\" content=\"O batismo \u00e9 um momento muito importante para a fam\u00edlia, certo? E para celebrar, seja em sal\u00e3o ou em casa, a decora\u00e7\u00e3o para batizado faz to...\" \/>\n<meta property=\"og:url\" content=\"https:\/\/baloessaoroque.com.br\/en\/blog-3-maneiras-criativas-de-decoracao-para-batizado-com-baloes\/\" \/>\n<meta property=\"og:site_name\" content=\"Bal\u00f5es S\u00e3o Roque\" \/>\n<meta property=\"article:published_time\" content=\"2021-08-16T20:59:52+00:00\" \/>\n<meta property=\"article:modified_time\" content=\"2022-01-06T18:44:43+00:00\" \/>\n<meta property=\"og:image\" content=\"https:\/\/baloessaoroque.com.br\/en\/wp-content\/uploads\/2021\/12\/blog-3-maneiras-criativas-de-decoracao-para-batizado-com-baloes-1.jpg\" \/>\n\t<meta property=\"og:image:width\" content=\"1140\" \/>\n\t<meta property=\"og:image:height\" content=\"500\" \/>\n\t<meta property=\"og:image:type\" content=\"image\/jpeg\" \/>\n<meta name=\"twitter:card\" content=\"summary_large_image\" \/>\n<meta name=\"twitter:label1\" content=\"Escrito por\" \/>\n\t<meta name=\"twitter:data1\" content=\"Bal\u00f5es\" \/>\n\t<meta name=\"twitter:label2\" content=\"Est. tempo de leitura\" \/>\n\t<meta name=\"twitter:data2\" content=\"8 minutos\" \/>\n<script type=\"application\/ld+json\" class=\"yoast-schema-graph\">{\"@context\":\"https:\/\/schema.org\",\"@graph\":[{\"@type\":\"WebSite\",\"@id\":\"https:\/\/baloessaoroque.com.br\/en\/#website\",\"url\":\"https:\/\/baloessaoroque.com.br\/en\/\",\"name\":\"Bal\u00f5es S\u00e3o Roque\",\"description\":\"Sua vida cheia de festa!\",\"potentialAction\":[{\"@type\":\"SearchAction\",\"target\":{\"@type\":\"EntryPoint\",\"urlTemplate\":\"https:\/\/baloessaoroque.com.br\/en\/?s={search_term_string}\"},\"query-input\":\"required name=search_term_string\"}],\"inLanguage\":\"pt-BR\"},{\"@type\":\"ImageObject\",\"@id\":\"https:\/\/baloessaoroque.com.br\/en\/blog-3-maneiras-criativas-de-decoracao-para-batizado-com-baloes\/#primaryimage\",\"inLanguage\":\"pt-BR\",\"url\":\"https:\/\/baloessaoroque.com.br\/en\/wp-content\/uploads\/2021\/12\/blog-3-maneiras-criativas-de-decoracao-para-batizado-com-baloes-1.jpg\",\"contentUrl\":\"https:\/\/baloessaoroque.com.br\/en\/wp-content\/uploads\/2021\/12\/blog-3-maneiras-criativas-de-decoracao-para-batizado-com-baloes-1.jpg\",\"width\":1140,\"height\":500},{\"@type\":\"WebPage\",\"@id\":\"https:\/\/baloessaoroque.com.br\/en\/blog-3-maneiras-criativas-de-decoracao-para-batizado-com-baloes\/#webpage\",\"url\":\"https:\/\/baloessaoroque.com.br\/en\/blog-3-maneiras-criativas-de-decoracao-para-batizado-com-baloes\/\",\"name\":\"3 maneiras criativas de decora\u00e7\u00e3o para batizado com bal\u00f5es\",\"isPartOf\":{\"@id\":\"https:\/\/baloessaoroque.com.br\/en\/#website\"},\"primaryImageOfPage\":{\"@id\":\"https:\/\/baloessaoroque.com.br\/en\/blog-3-maneiras-criativas-de-decoracao-para-batizado-com-baloes\/#primaryimage\"},\"datePublished\":\"2021-08-16T20:59:52+00:00\",\"dateModified\":\"2022-01-06T18:44:43+00:00\",\"author\":{\"@id\":\"https:\/\/baloessaoroque.com.br\/en\/#\/schema\/person\/7ff5a7f4f517018c4b9dadee4fd7cb0c\"},\"description\":\"O batismo \u00e9 um momento muito importante para a fam\u00edlia, certo? E para celebrar, seja em sal\u00e3o ou em casa, a decora\u00e7\u00e3o para batizado faz to...\",\"breadcrumb\":{\"@id\":\"https:\/\/baloessaoroque.com.br\/en\/blog-3-maneiras-criativas-de-decoracao-para-batizado-com-baloes\/#breadcrumb\"},\"inLanguage\":\"pt-BR\",\"potentialAction\":[{\"@type\":\"ReadAction\",\"target\":[\"https:\/\/baloessaoroque.com.br\/en\/blog-3-maneiras-criativas-de-decoracao-para-batizado-com-baloes\/\"]}]},{\"@type\":\"BreadcrumbList\",\"@id\":\"https:\/\/baloessaoroque.com.br\/en\/blog-3-maneiras-criativas-de-decoracao-para-batizado-com-baloes\/#breadcrumb\",\"itemListElement\":[{\"@type\":\"ListItem\",\"position\":1,\"name\":\"In\u00edcio\",\"item\":\"https:\/\/baloessaoroque.com.br\/en\/\"},{\"@type\":\"ListItem\",\"position\":2,\"name\":\"3 maneiras criativas de decora\u00e7\u00e3o para batizado com bal\u00f5es\"}]},{\"@type\":\"Person\",\"@id\":\"https:\/\/baloessaoroque.com.br\/en\/#\/schema\/person\/7ff5a7f4f517018c4b9dadee4fd7cb0c\",\"name\":\"Bal\u00f5es\",\"image\":{\"@type\":\"ImageObject\",\"@id\":\"https:\/\/baloessaoroque.com.br\/en\/#personlogo\",\"inLanguage\":\"pt-BR\",\"url\":\"https:\/\/secure.gravatar.com\/avatar\/a66f55f500065686f90d83cab8aa6ee9?s=96&d=mm&r=g\",\"contentUrl\":\"https:\/\/secure.gravatar.com\/avatar\/a66f55f500065686f90d83cab8aa6ee9?s=96&d=mm&r=g\",\"caption\":\"Bal\u00f5es\"},\"url\":\"https:\/\/baloessaoroque.com.br\/en\/author\/dev\/\"}]}<\/script>\n<!-- \/ Yoast SEO plugin. -->","yoast_head_json":{"title":"3 maneiras criativas de decora\u00e7\u00e3o para batizado com bal\u00f5es","description":"O batismo \u00e9 um momento muito importante para a fam\u00edlia, certo? E para celebrar, seja em sal\u00e3o ou em casa, a decora\u00e7\u00e3o para batizado faz to...","robots":{"index":"index","follow":"follow","max-snippet":"max-snippet:-1","max-image-preview":"max-image-preview:large","max-video-preview":"max-video-preview:-1"},"canonical":"https:\/\/baloessaoroque.com.br\/en\/blog-3-maneiras-criativas-de-decoracao-para-batizado-com-baloes\/","og_locale":"pt_BR","og_type":"article","og_title":"3 maneiras criativas de decora\u00e7\u00e3o para batizado com bal\u00f5es","og_description":"O batismo \u00e9 um momento muito importante para a fam\u00edlia, certo? E para celebrar, seja em sal\u00e3o ou em casa, a decora\u00e7\u00e3o para batizado faz to...","og_url":"https:\/\/baloessaoroque.com.br\/en\/blog-3-maneiras-criativas-de-decoracao-para-batizado-com-baloes\/","og_site_name":"Bal\u00f5es S\u00e3o Roque","article_published_time":"2021-08-16T20:59:52+00:00","article_modified_time":"2022-01-06T18:44:43+00:00","og_image":[{"width":1140,"height":500,"url":"https:\/\/baloessaoroque.com.br\/en\/wp-content\/uploads\/2021\/12\/blog-3-maneiras-criativas-de-decoracao-para-batizado-com-baloes-1.jpg","type":"image\/jpeg"}],"twitter_card":"summary_large_image","twitter_misc":{"Escrito por":"Bal\u00f5es","Est. tempo de leitura":"8 minutos"},"schema":{"@context":"https:\/\/schema.org","@graph":[{"@type":"WebSite","@id":"https:\/\/baloessaoroque.com.br\/en\/#website","url":"https:\/\/baloessaoroque.com.br\/en\/","name":"Bal\u00f5es S\u00e3o Roque","description":"Sua vida cheia de festa!","potentialAction":[{"@type":"SearchAction","target":{"@type":"EntryPoint","urlTemplate":"https:\/\/baloessaoroque.com.br\/en\/?s={search_term_string}"},"query-input":"required name=search_term_string"}],"inLanguage":"pt-BR"},{"@type":"ImageObject","@id":"https:\/\/baloessaoroque.com.br\/en\/blog-3-maneiras-criativas-de-decoracao-para-batizado-com-baloes\/#primaryimage","inLanguage":"pt-BR","url":"https:\/\/baloessaoroque.com.br\/en\/wp-content\/uploads\/2021\/12\/blog-3-maneiras-criativas-de-decoracao-para-batizado-com-baloes-1.jpg","contentUrl":"https:\/\/baloessaoroque.com.br\/en\/wp-content\/uploads\/2021\/12\/blog-3-maneiras-criativas-de-decoracao-para-batizado-com-baloes-1.jpg","width":1140,"height":500},{"@type":"WebPage","@id":"https:\/\/baloessaoroque.com.br\/en\/blog-3-maneiras-criativas-de-decoracao-para-batizado-com-baloes\/#webpage","url":"https:\/\/baloessaoroque.com.br\/en\/blog-3-maneiras-criativas-de-decoracao-para-batizado-com-baloes\/","name":"3 maneiras criativas de decora\u00e7\u00e3o para batizado com bal\u00f5es","isPartOf":{"@id":"https:\/\/baloessaoroque.com.br\/en\/#website"},"primaryImageOfPage":{"@id":"https:\/\/baloessaoroque.com.br\/en\/blog-3-maneiras-criativas-de-decoracao-para-batizado-com-baloes\/#primaryimage"},"datePublished":"2021-08-16T20:59:52+00:00","dateModified":"2022-01-06T18:44:43+00:00","author":{"@id":"https:\/\/baloessaoroque.com.br\/en\/#\/schema\/person\/7ff5a7f4f517018c4b9dadee4fd7cb0c"},"description":"O batismo \u00e9 um momento muito importante para a fam\u00edlia, certo? E para celebrar, seja em sal\u00e3o ou em casa, a decora\u00e7\u00e3o para batizado faz to...","breadcrumb":{"@id":"https:\/\/baloessaoroque.com.br\/en\/blog-3-maneiras-criativas-de-decoracao-para-batizado-com-baloes\/#breadcrumb"},"inLanguage":"pt-BR","potentialAction":[{"@type":"ReadAction","target":["https:\/\/baloessaoroque.com.br\/en\/blog-3-maneiras-criativas-de-decoracao-para-batizado-com-baloes\/"]}]},{"@type":"BreadcrumbList","@id":"https:\/\/baloessaoroque.com.br\/en\/blog-3-maneiras-criativas-de-decoracao-para-batizado-com-baloes\/#breadcrumb","itemListElement":[{"@type":"ListItem","position":1,"name":"In\u00edcio","item":"https:\/\/baloessaoroque.com.br\/en\/"},{"@type":"ListItem","position":2,"name":"3 maneiras criativas de decora\u00e7\u00e3o para batizado com bal\u00f5es"}]},{"@type":"Person","@id":"https:\/\/baloessaoroque.com.br\/en\/#\/schema\/person\/7ff5a7f4f517018c4b9dadee4fd7cb0c","name":"Bal\u00f5es","image":{"@type":"ImageObject","@id":"https:\/\/baloessaoroque.com.br\/en\/#personlogo","inLanguage":"pt-BR","url":"https:\/\/secure.gravatar.com\/avatar\/a66f55f500065686f90d83cab8aa6ee9?s=96&d=mm&r=g","contentUrl":"https:\/\/secure.gravatar.com\/avatar\/a66f55f500065686f90d83cab8aa6ee9?s=96&d=mm&r=g","caption":"Bal\u00f5es"},"url":"https:\/\/baloessaoroque.com.br\/en\/author\/dev\/"}]}},"_links":{"self":[{"href":"https:\/\/baloessaoroque.com.br\/en\/wp-json\/wp\/v2\/posts\/7060"}],"collection":[{"href":"https:\/\/baloessaoroque.com.br\/en\/wp-json\/wp\/v2\/posts"}],"about":[{"href":"https:\/\/baloessaoroque.com.br\/en\/wp-json\/wp\/v2\/types\/post"}],"author":[{"embeddable":true,"href":"https:\/\/baloessaoroque.com.br\/en\/wp-json\/wp\/v2\/users\/2"}],"replies":[{"embeddable":true,"href":"https:\/\/baloessaoroque.com.br\/en\/wp-json\/wp\/v2\/comments?post=7060"}],"version-history":[{"count":2,"href":"https:\/\/baloessaoroque.com.br\/en\/wp-json\/wp\/v2\/posts\/7060\/revisions"}],"predecessor-version":[{"id":10383,"href":"https:\/\/baloessaoroque.com.br\/en\/wp-json\/wp\/v2\/posts\/7060\/revisions\/10383"}],"wp:featuredmedia":[{"embeddable":true,"href":"https:\/\/baloessaoroque.com.br\/en\/wp-json\/wp\/v2\/media\/10048"}],"wp:attachment":[{"href":"https:\/\/baloessaoroque.com.br\/en\/wp-json\/wp\/v2\/media?parent=7060"}],"wp:term":[{"taxonomy":"category","embeddable":true,"href":"https:\/\/baloessaoroque.com.br\/en\/wp-json\/wp\/v2\/categories?post=7060"},{"taxonomy":"post_tag","embeddable":true,"href":"https:\/\/baloessaoroque.com.br\/en\/wp-json\/wp\/v2\/tags?post=7060"}],"curies":[{"name":"wp","href":"https:\/\/api.w.org\/{rel}","templated":true}]}}