{"id":7328,"date":"2021-09-06T15:59:17","date_gmt":"2021-09-06T18:59:17","guid":{"rendered":"https:\/\/baloessaoroque.com.br\/en.br\/?p=7328"},"modified":"2022-03-23T16:02:52","modified_gmt":"2022-03-23T19:02:52","slug":"blog-3-ideias-de-decoracao-para-cha-revelacao","status":"publish","type":"post","link":"https:\/\/baloessaoroque.com.br\/en\/blog-3-ideias-de-decoracao-para-cha-revelacao\/","title":{"rendered":"3 Ideias de Decora\u00e7\u00e3o para ch\u00e1 revela\u00e7\u00e3o"},"content":{"rendered":"<div id=\"ez-toc-container\" class=\"ez-toc-v2_0_18 counter-hierarchy counter-decimal\">\n<div class=\"ez-toc-title-container\">\n<p class=\"ez-toc-title\">Sum&aacute;rio<\/p>\n<span class=\"ez-toc-title-toggle\"><a class=\"ez-toc-pull-right ez-toc-btn ez-toc-btn-xs ez-toc-btn-default ez-toc-toggle\" style=\"display: none;\"><i class=\"ez-toc-glyphicon ez-toc-icon-toggle\"><\/i><\/a><\/span><\/div>\n<nav><ul class=\"ez-toc-list ez-toc-list-level-1\"><li class=\"ez-toc-page-1 ez-toc-heading-level-2\"><a class=\"ez-toc-link ez-toc-heading-1\" href=\"https:\/\/baloessaoroque.com.br\/en\/blog-3-ideias-de-decoracao-para-cha-revelacao\/#1_-_Decoracao_para_cha_revelacao_tematico\" title=\"1 \u2013 Decora\u00e7\u00e3o para ch\u00e1 revela\u00e7\u00e3o tem\u00e1tico\">1 \u2013 Decora\u00e7\u00e3o para ch\u00e1 revela\u00e7\u00e3o tem\u00e1tico<\/a><\/li><li class=\"ez-toc-page-1 ez-toc-heading-level-2\"><a class=\"ez-toc-link ez-toc-heading-2\" href=\"https:\/\/baloessaoroque.com.br\/en\/blog-3-ideias-de-decoracao-para-cha-revelacao\/#2_-_Cha_de_bebe_no_estilo_Festa_no_rack\" title=\"2 \u2013 Ch\u00e1 de beb\u00ea no estilo \u201cFesta no rack\u201d\">2 \u2013 Ch\u00e1 de beb\u00ea no estilo \u201cFesta no rack\u201d<\/a><\/li><li class=\"ez-toc-page-1 ez-toc-heading-level-2\"><a class=\"ez-toc-link ez-toc-heading-3\" href=\"https:\/\/baloessaoroque.com.br\/en\/blog-3-ideias-de-decoracao-para-cha-revelacao\/#3_-_Decoracao_para_cha_revelacao_para_nao_errar\" title=\"3 \u2013 Decora\u00e7\u00e3o para ch\u00e1 revela\u00e7\u00e3o para n\u00e3o errar\">3 \u2013 Decora\u00e7\u00e3o para ch\u00e1 revela\u00e7\u00e3o para n\u00e3o errar<\/a><\/li><\/ul><\/nav><\/div>\n\n<p>O <a href=\"https:\/\/baloessaoroque.com.br\/en\/produto-tag\/cha-revelacao\/\">ch\u00e1 de revela\u00e7\u00e3o<\/a> \u00e9 sempre um momento muito aguardado pelos pais e familiares. Cada vez mais esse evento se destaca pelas ideias criativas e divertidas para revelar o sexo do nen\u00e9m. Mesmo na pandemia, os papais e mam\u00e3es deram um jeitinho de fazer o ch\u00e1 revela\u00e7\u00e3o com lives, \u201ccharreatas\u201d e at\u00e9 mesmo eventos pequenos. Agora, diante de um cen\u00e1rio mais positivo gra\u00e7as \u00e0 vacina\u00e7\u00e3o e cuidados b\u00e1sicos, \u00e9 poss\u00edvel realizar aquela celebra\u00e7\u00e3o dos sonhos. Independente do tipo de evento escolhido, a decora\u00e7\u00e3o para ch\u00e1 revela\u00e7\u00e3o deve estar impec\u00e1vel.<\/p>\n\n\n\n<div class=\"wp-block-image\"><figure class=\"aligncenter size-large is-resized\"><a href=\"https:\/\/baloessaoroque.com.br\/en\/wp-content\/uploads\/2022\/03\/DSC06739-scaled.jpg\"><img loading=\"lazy\" src=\"https:\/\/baloessaoroque.com.br\/en\/wp-content\/uploads\/2022\/03\/DSC06739-1024x683.jpg\" alt=\"bal\u00e3o para ch\u00e1 revela\u00e7\u00e3o\" class=\"wp-image-11042\" width=\"786\" height=\"524\" srcset=\"https:\/\/baloessaoroque.com.br\/en\/wp-content\/uploads\/2022\/03\/DSC06739-1024x683.jpg 1024w, https:\/\/baloessaoroque.com.br\/en\/wp-content\/uploads\/2022\/03\/DSC06739-300x200.jpg 300w, https:\/\/baloessaoroque.com.br\/en\/wp-content\/uploads\/2022\/03\/DSC06739-768x512.jpg 768w, https:\/\/baloessaoroque.com.br\/en\/wp-content\/uploads\/2022\/03\/DSC06739-1536x1024.jpg 1536w, https:\/\/baloessaoroque.com.br\/en\/wp-content\/uploads\/2022\/03\/DSC06739-2048x1365.jpg 2048w, https:\/\/baloessaoroque.com.br\/en\/wp-content\/uploads\/2022\/03\/DSC06739-400x267.jpg 400w, https:\/\/baloessaoroque.com.br\/en\/wp-content\/uploads\/2022\/03\/DSC06739-620x413.jpg 620w, https:\/\/baloessaoroque.com.br\/en\/wp-content\/uploads\/2022\/03\/DSC06739-600x400.jpg 600w\" sizes=\"(max-width: 786px) 100vw, 786px\" \/><\/a><\/figure><\/div>\n\n\n\n<p>Cada vez mais, os bal\u00f5es ganham o seu momento de gl\u00f3ria, principalmente quando o evento \u00e9 ch\u00e1 de beb\u00ea. Existem muitas maneiras de voc\u00ea&nbsp;<a href=\"https:\/\/baloessaoroque.com.br\/en\/blog-como-fazer-decoracoes-com-baloes\/\" target=\"_blank\" rel=\"noreferrer noopener\">decorar um evento com os bal\u00f5es<\/a>.&nbsp; Por isso, se voc\u00ea est\u00e1 planejando um ch\u00e1 revela\u00e7\u00e3o, saiba que \u00e9 poss\u00edvel fazer uma decora\u00e7\u00e3o bem bonita e criativa usando apenas bal\u00f5es. Confira 3 ideias de como preparar uma decora\u00e7\u00e3o linda para ch\u00e1 revela\u00e7\u00e3o:<\/p>\n\n\n\n<h2><span class=\"ez-toc-section\" id=\"1_-_Decoracao_para_cha_revelacao_tematico\"><\/span><strong>1 \u2013 <strong>Decora\u00e7\u00e3o para ch\u00e1 revela\u00e7\u00e3o tem\u00e1tico<\/strong><\/strong><span class=\"ez-toc-section-end\"><\/span><\/h2>\n\n\n\n<p>A pandemia da Covid-19 fez muita gente repensar alguns costumes e uma delas \u00e9 a escolha dos temas para ch\u00e1 revela\u00e7\u00e3o. Sim, isso mesmo. Atualmente, muitos papais e mam\u00e3es est\u00e3o optando por ch\u00e1 revela\u00e7\u00e3o tem\u00e1tico.<\/p>\n\n\n\n<p>Entre os temas mais buscados, est\u00e3o: <a href=\"https:\/\/baloessaoroque.com.br\/en\/produto-tag\/safari\/\" target=\"_blank\" rel=\"noreferrer noopener\">safari<\/a>, ovelhinhas e at\u00e9 <a href=\"https:\/\/baloessaoroque.com.br\/en\/produtos\/decorados\/9-polegadas\/fundo-do-mar-sortido\/\" target=\"_blank\" rel=\"noreferrer noopener\">fundo do mar<\/a>. A decora\u00e7\u00e3o para ch\u00e1 revela\u00e7\u00e3o tem\u00e1tico deve ser muito criativa. Portanto, componha um espa\u00e7o bonito e alegre. Para te inspirar, separamos alguns exemplos, veja:<\/p>\n\n\n\n<figure class=\"wp-block-gallery has-nested-images columns-default is-cropped\">\n<figure class=\"wp-block-image size-full\"><a href=\"https:\/\/baloessaoroque.com.br\/en\/wp-content\/uploads\/2021\/09\/cha-revelacao-ovelha.jpeg\"><img loading=\"lazy\" width=\"1080\" height=\"1080\" data-id=\"11043\"  src=\"https:\/\/baloessaoroque.com.br\/en\/wp-content\/uploads\/2021\/09\/cha-revelacao-ovelha.jpeg\" alt=\"\" class=\"wp-image-11043\" srcset=\"https:\/\/baloessaoroque.com.br\/en\/wp-content\/uploads\/2021\/09\/cha-revelacao-ovelha.jpeg 1080w, https:\/\/baloessaoroque.com.br\/en\/wp-content\/uploads\/2021\/09\/cha-revelacao-ovelha-300x300.jpeg 300w, https:\/\/baloessaoroque.com.br\/en\/wp-content\/uploads\/2021\/09\/cha-revelacao-ovelha-1024x1024.jpeg 1024w, https:\/\/baloessaoroque.com.br\/en\/wp-content\/uploads\/2021\/09\/cha-revelacao-ovelha-150x150.jpeg 150w, https:\/\/baloessaoroque.com.br\/en\/wp-content\/uploads\/2021\/09\/cha-revelacao-ovelha-768x768.jpeg 768w, https:\/\/baloessaoroque.com.br\/en\/wp-content\/uploads\/2021\/09\/cha-revelacao-ovelha-400x400.jpeg 400w, https:\/\/baloessaoroque.com.br\/en\/wp-content\/uploads\/2021\/09\/cha-revelacao-ovelha-620x620.jpeg 620w, https:\/\/baloessaoroque.com.br\/en\/wp-content\/uploads\/2021\/09\/cha-revelacao-ovelha-600x600.jpeg 600w, https:\/\/baloessaoroque.com.br\/en\/wp-content\/uploads\/2021\/09\/cha-revelacao-ovelha-100x100.jpeg 100w\" sizes=\"(max-width: 1080px) 100vw, 1080px\" \/><\/a><figcaption>Foto: Reprodu\u00e7\u00e3o Google<\/figcaption><\/figure>\n\n\n\n<figure class=\"wp-block-image size-full\"><a href=\"https:\/\/baloessaoroque.com.br\/en\/wp-content\/uploads\/2021\/09\/cha-revelacao-safari.jpeg\"><img loading=\"lazy\" width=\"826\" height=\"826\" data-id=\"11044\"  src=\"https:\/\/baloessaoroque.com.br\/en\/wp-content\/uploads\/2021\/09\/cha-revelacao-safari.jpeg\" alt=\"\" class=\"wp-image-11044\" srcset=\"https:\/\/baloessaoroque.com.br\/en\/wp-content\/uploads\/2021\/09\/cha-revelacao-safari.jpeg 826w, https:\/\/baloessaoroque.com.br\/en\/wp-content\/uploads\/2021\/09\/cha-revelacao-safari-300x300.jpeg 300w, https:\/\/baloessaoroque.com.br\/en\/wp-content\/uploads\/2021\/09\/cha-revelacao-safari-150x150.jpeg 150w, https:\/\/baloessaoroque.com.br\/en\/wp-content\/uploads\/2021\/09\/cha-revelacao-safari-768x768.jpeg 768w, https:\/\/baloessaoroque.com.br\/en\/wp-content\/uploads\/2021\/09\/cha-revelacao-safari-400x400.jpeg 400w, https:\/\/baloessaoroque.com.br\/en\/wp-content\/uploads\/2021\/09\/cha-revelacao-safari-620x620.jpeg 620w, https:\/\/baloessaoroque.com.br\/en\/wp-content\/uploads\/2021\/09\/cha-revelacao-safari-600x600.jpeg 600w, https:\/\/baloessaoroque.com.br\/en\/wp-content\/uploads\/2021\/09\/cha-revelacao-safari-100x100.jpeg 100w\" sizes=\"(max-width: 826px) 100vw, 826px\" \/><\/a><figcaption>Foto: Reprodu\u00e7\u00e3o Google \/ Decora\u00e7\u00e3o: Natalia Gregorio<\/figcaption><\/figure>\n<\/figure>\n\n\n\n<p>Quem disse que as cores da decora\u00e7\u00e3o geral precisam se limitar apenas ao azul e rosa? Deixe este momento para a revela\u00e7\u00e3o e aposte na diversidade de tonalidades, como por exemplo, o amarelo, verde, lil\u00e1s e laranja. Na produ\u00e7\u00e3o do ch\u00e1 revela\u00e7\u00e3o safari, n\u00e3o esque\u00e7a dos animais de pel\u00facia que fazem toda a diferen\u00e7a no resultado. J\u00e1 no tema ovelhinha, al\u00e9m da pel\u00facia, invista nos pain\u00e9is ilustrados.<\/p>\n\n\n\n<figure class=\"wp-block-gallery has-nested-images columns-default is-cropped\">\n<figure class=\"wp-block-image size-large\"><a href=\"https:\/\/baloessaoroque.com.br\/en\/wp-content\/uploads\/2021\/09\/0346-BALOES-SAO-ROQUE-VIVIANE-FURLAN-PRODUCOESK-SOROCABA-RONALD-MENNEL-FOTO-FILME-SP-scaled.jpg\"><img loading=\"lazy\" width=\"2560\" height=\"1707\" data-id=\"11045\"  src=\"https:\/\/baloessaoroque.com.br\/en\/wp-content\/uploads\/2021\/09\/0346-BALOES-SAO-ROQUE-VIVIANE-FURLAN-PRODUCOESK-SOROCABA-RONALD-MENNEL-FOTO-FILME-SP-scaled.jpg\" alt=\"\" class=\"wp-image-11045\" srcset=\"https:\/\/baloessaoroque.com.br\/en\/wp-content\/uploads\/2021\/09\/0346-BALOES-SAO-ROQUE-VIVIANE-FURLAN-PRODUCOESK-SOROCABA-RONALD-MENNEL-FOTO-FILME-SP-scaled.jpg 2560w, https:\/\/baloessaoroque.com.br\/en\/wp-content\/uploads\/2021\/09\/0346-BALOES-SAO-ROQUE-VIVIANE-FURLAN-PRODUCOESK-SOROCABA-RONALD-MENNEL-FOTO-FILME-SP-300x200.jpg 300w, https:\/\/baloessaoroque.com.br\/en\/wp-content\/uploads\/2021\/09\/0346-BALOES-SAO-ROQUE-VIVIANE-FURLAN-PRODUCOESK-SOROCABA-RONALD-MENNEL-FOTO-FILME-SP-1024x683.jpg 1024w, https:\/\/baloessaoroque.com.br\/en\/wp-content\/uploads\/2021\/09\/0346-BALOES-SAO-ROQUE-VIVIANE-FURLAN-PRODUCOESK-SOROCABA-RONALD-MENNEL-FOTO-FILME-SP-768x512.jpg 768w, https:\/\/baloessaoroque.com.br\/en\/wp-content\/uploads\/2021\/09\/0346-BALOES-SAO-ROQUE-VIVIANE-FURLAN-PRODUCOESK-SOROCABA-RONALD-MENNEL-FOTO-FILME-SP-1536x1024.jpg 1536w, https:\/\/baloessaoroque.com.br\/en\/wp-content\/uploads\/2021\/09\/0346-BALOES-SAO-ROQUE-VIVIANE-FURLAN-PRODUCOESK-SOROCABA-RONALD-MENNEL-FOTO-FILME-SP-2048x1365.jpg 2048w, https:\/\/baloessaoroque.com.br\/en\/wp-content\/uploads\/2021\/09\/0346-BALOES-SAO-ROQUE-VIVIANE-FURLAN-PRODUCOESK-SOROCABA-RONALD-MENNEL-FOTO-FILME-SP-400x267.jpg 400w, https:\/\/baloessaoroque.com.br\/en\/wp-content\/uploads\/2021\/09\/0346-BALOES-SAO-ROQUE-VIVIANE-FURLAN-PRODUCOESK-SOROCABA-RONALD-MENNEL-FOTO-FILME-SP-620x413.jpg 620w, https:\/\/baloessaoroque.com.br\/en\/wp-content\/uploads\/2021\/09\/0346-BALOES-SAO-ROQUE-VIVIANE-FURLAN-PRODUCOESK-SOROCABA-RONALD-MENNEL-FOTO-FILME-SP-600x400.jpg 600w\" sizes=\"(max-width: 2560px) 100vw, 2560px\" \/><\/a><figcaption>Produ\u00e7\u00e3o: Viviane Furlan \/ Foto: Ronald Mennel<\/figcaption><\/figure>\n\n\n\n<figure class=\"wp-block-image size-large\"><a href=\"https:\/\/baloessaoroque.com.br\/en\/wp-content\/uploads\/2021\/09\/0376-BALOES-SAO-ROQUE-VIVIANE-FURLAN-PRODUCOESK-SOROCABA-RONALD-MENNEL-FOTO-FILME-SP-scaled.jpg\"><img loading=\"lazy\" width=\"2560\" height=\"1707\" data-id=\"11046\"  src=\"https:\/\/baloessaoroque.com.br\/en\/wp-content\/uploads\/2021\/09\/0376-BALOES-SAO-ROQUE-VIVIANE-FURLAN-PRODUCOESK-SOROCABA-RONALD-MENNEL-FOTO-FILME-SP-scaled.jpg\" alt=\"\" class=\"wp-image-11046\" srcset=\"https:\/\/baloessaoroque.com.br\/en\/wp-content\/uploads\/2021\/09\/0376-BALOES-SAO-ROQUE-VIVIANE-FURLAN-PRODUCOESK-SOROCABA-RONALD-MENNEL-FOTO-FILME-SP-scaled.jpg 2560w, https:\/\/baloessaoroque.com.br\/en\/wp-content\/uploads\/2021\/09\/0376-BALOES-SAO-ROQUE-VIVIANE-FURLAN-PRODUCOESK-SOROCABA-RONALD-MENNEL-FOTO-FILME-SP-300x200.jpg 300w, https:\/\/baloessaoroque.com.br\/en\/wp-content\/uploads\/2021\/09\/0376-BALOES-SAO-ROQUE-VIVIANE-FURLAN-PRODUCOESK-SOROCABA-RONALD-MENNEL-FOTO-FILME-SP-1024x683.jpg 1024w, https:\/\/baloessaoroque.com.br\/en\/wp-content\/uploads\/2021\/09\/0376-BALOES-SAO-ROQUE-VIVIANE-FURLAN-PRODUCOESK-SOROCABA-RONALD-MENNEL-FOTO-FILME-SP-768x512.jpg 768w, https:\/\/baloessaoroque.com.br\/en\/wp-content\/uploads\/2021\/09\/0376-BALOES-SAO-ROQUE-VIVIANE-FURLAN-PRODUCOESK-SOROCABA-RONALD-MENNEL-FOTO-FILME-SP-1536x1024.jpg 1536w, https:\/\/baloessaoroque.com.br\/en\/wp-content\/uploads\/2021\/09\/0376-BALOES-SAO-ROQUE-VIVIANE-FURLAN-PRODUCOESK-SOROCABA-RONALD-MENNEL-FOTO-FILME-SP-2048x1365.jpg 2048w, https:\/\/baloessaoroque.com.br\/en\/wp-content\/uploads\/2021\/09\/0376-BALOES-SAO-ROQUE-VIVIANE-FURLAN-PRODUCOESK-SOROCABA-RONALD-MENNEL-FOTO-FILME-SP-400x267.jpg 400w, https:\/\/baloessaoroque.com.br\/en\/wp-content\/uploads\/2021\/09\/0376-BALOES-SAO-ROQUE-VIVIANE-FURLAN-PRODUCOESK-SOROCABA-RONALD-MENNEL-FOTO-FILME-SP-620x413.jpg 620w, https:\/\/baloessaoroque.com.br\/en\/wp-content\/uploads\/2021\/09\/0376-BALOES-SAO-ROQUE-VIVIANE-FURLAN-PRODUCOESK-SOROCABA-RONALD-MENNEL-FOTO-FILME-SP-600x400.jpg 600w\" sizes=\"(max-width: 2560px) 100vw, 2560px\" \/><\/a><figcaption>Produ\u00e7\u00e3o: Viviane Furlan \/ Foto: Ronald Mennel<\/figcaption><\/figure>\n<\/figure>\n\n\n\n<p>S\u00e3o v\u00e1rias op\u00e7\u00f5es de&nbsp;<a href=\"https:\/\/baloessaoroque.com.br\/en\/blog-temas-de-festa-infantil\/\" target=\"_blank\" rel=\"noreferrer noopener\">bal\u00f5es para festa infantil<\/a> e para todos eles, <a href=\"https:\/\/baloessaoroque.com.br\/en\/blog-5-motivos-para-voce-escolher-a-baloes-sao-roque\/\" target=\"_blank\" rel=\"noreferrer noopener\">conte com a Bal\u00f5es S\u00e3o Roque<\/a>.<\/p>\n\n\n\n<p>Independente de qual op\u00e7\u00e3o seja a escolhida, a pr\u00f3xima dica pode ser aplicada para todas esses temas.<\/p>\n\n\n\n<h2><span class=\"ez-toc-section\" id=\"2_-_Cha_de_bebe_no_estilo_Festa_no_rack\"><\/span><strong>2 \u2013 <strong>Ch\u00e1 de beb\u00ea no estilo \u201cFesta no rack\u201d<\/strong><\/strong><span class=\"ez-toc-section-end\"><\/span><\/h2>\n\n\n\n<p>Para evitar aglomera\u00e7\u00f5es, voc\u00ea tamb\u00e9m pode montar o seu ch\u00e1 revela\u00e7\u00e3o em formato drive-in (charreata) ou festa no rack. Basta adaptar a decora\u00e7\u00e3o para a frente da casa ou para o c\u00f4modo escolhido. &nbsp;<\/p>\n\n\n\n<figure class=\"wp-block-gallery has-nested-images columns-default is-cropped\">\n<figure class=\"wp-block-image size-large\"><a href=\"https:\/\/baloessaoroque.com.br\/en\/wp-content\/uploads\/2021\/09\/0409-BALOES-SAO-ROQUE-VIVIANE-FURLAN-PRODUCOESK-SOROCABA-RONALD-MENNEL-FOTO-FILME-SP.jpg\"><img loading=\"lazy\" width=\"1000\" height=\"1500\" data-id=\"11047\"  src=\"https:\/\/baloessaoroque.com.br\/en\/wp-content\/uploads\/2021\/09\/0409-BALOES-SAO-ROQUE-VIVIANE-FURLAN-PRODUCOESK-SOROCABA-RONALD-MENNEL-FOTO-FILME-SP.jpg\" alt=\"\" class=\"wp-image-11047\" srcset=\"https:\/\/baloessaoroque.com.br\/en\/wp-content\/uploads\/2021\/09\/0409-BALOES-SAO-ROQUE-VIVIANE-FURLAN-PRODUCOESK-SOROCABA-RONALD-MENNEL-FOTO-FILME-SP.jpg 1000w, https:\/\/baloessaoroque.com.br\/en\/wp-content\/uploads\/2021\/09\/0409-BALOES-SAO-ROQUE-VIVIANE-FURLAN-PRODUCOESK-SOROCABA-RONALD-MENNEL-FOTO-FILME-SP-200x300.jpg 200w, https:\/\/baloessaoroque.com.br\/en\/wp-content\/uploads\/2021\/09\/0409-BALOES-SAO-ROQUE-VIVIANE-FURLAN-PRODUCOESK-SOROCABA-RONALD-MENNEL-FOTO-FILME-SP-683x1024.jpg 683w, https:\/\/baloessaoroque.com.br\/en\/wp-content\/uploads\/2021\/09\/0409-BALOES-SAO-ROQUE-VIVIANE-FURLAN-PRODUCOESK-SOROCABA-RONALD-MENNEL-FOTO-FILME-SP-768x1152.jpg 768w, https:\/\/baloessaoroque.com.br\/en\/wp-content\/uploads\/2021\/09\/0409-BALOES-SAO-ROQUE-VIVIANE-FURLAN-PRODUCOESK-SOROCABA-RONALD-MENNEL-FOTO-FILME-SP-400x600.jpg 400w, https:\/\/baloessaoroque.com.br\/en\/wp-content\/uploads\/2021\/09\/0409-BALOES-SAO-ROQUE-VIVIANE-FURLAN-PRODUCOESK-SOROCABA-RONALD-MENNEL-FOTO-FILME-SP-600x900.jpg 600w\" sizes=\"(max-width: 1000px) 100vw, 1000px\" \/><\/a><figcaption>Decora\u00e7\u00e3o: Viviane Furlan \/ Foto: Ronald Mennel<\/figcaption><\/figure>\n\n\n\n<figure class=\"wp-block-image size-large\"><a href=\"https:\/\/baloessaoroque.com.br\/en\/wp-content\/uploads\/2021\/09\/0424-BALOES-SAO-ROQUE-VIVIANE-FURLAN-PRODUCOESK-SOROCABA-RONALD-MENNEL-FOTO-FILME-SP.jpg\"><img loading=\"lazy\" width=\"1000\" height=\"1500\" data-id=\"11048\"  src=\"https:\/\/baloessaoroque.com.br\/en\/wp-content\/uploads\/2021\/09\/0424-BALOES-SAO-ROQUE-VIVIANE-FURLAN-PRODUCOESK-SOROCABA-RONALD-MENNEL-FOTO-FILME-SP.jpg\" alt=\"\" class=\"wp-image-11048\" srcset=\"https:\/\/baloessaoroque.com.br\/en\/wp-content\/uploads\/2021\/09\/0424-BALOES-SAO-ROQUE-VIVIANE-FURLAN-PRODUCOESK-SOROCABA-RONALD-MENNEL-FOTO-FILME-SP.jpg 1000w, https:\/\/baloessaoroque.com.br\/en\/wp-content\/uploads\/2021\/09\/0424-BALOES-SAO-ROQUE-VIVIANE-FURLAN-PRODUCOESK-SOROCABA-RONALD-MENNEL-FOTO-FILME-SP-200x300.jpg 200w, https:\/\/baloessaoroque.com.br\/en\/wp-content\/uploads\/2021\/09\/0424-BALOES-SAO-ROQUE-VIVIANE-FURLAN-PRODUCOESK-SOROCABA-RONALD-MENNEL-FOTO-FILME-SP-683x1024.jpg 683w, https:\/\/baloessaoroque.com.br\/en\/wp-content\/uploads\/2021\/09\/0424-BALOES-SAO-ROQUE-VIVIANE-FURLAN-PRODUCOESK-SOROCABA-RONALD-MENNEL-FOTO-FILME-SP-768x1152.jpg 768w, https:\/\/baloessaoroque.com.br\/en\/wp-content\/uploads\/2021\/09\/0424-BALOES-SAO-ROQUE-VIVIANE-FURLAN-PRODUCOESK-SOROCABA-RONALD-MENNEL-FOTO-FILME-SP-400x600.jpg 400w, https:\/\/baloessaoroque.com.br\/en\/wp-content\/uploads\/2021\/09\/0424-BALOES-SAO-ROQUE-VIVIANE-FURLAN-PRODUCOESK-SOROCABA-RONALD-MENNEL-FOTO-FILME-SP-600x900.jpg 600w\" sizes=\"(max-width: 1000px) 100vw, 1000px\" \/><\/a><figcaption>Decora\u00e7\u00e3o: Viviane Furlan \/ Foto: Ronald Mennel<\/figcaption><\/figure>\n<\/figure>\n\n\n\n<p>Monte a decora\u00e7\u00e3o em volta do m\u00f3vel, com flores, bal\u00f5es de 9 polegadas com as escritas \u201c<a href=\"https:\/\/baloessaoroque.com.br\/en\/produtos\/decorados\/9-polegadas\/e-um-menino-brinquedos\/\" target=\"_blank\" rel=\"noreferrer noopener\">\u00e9 um menino<\/a>\u201d ou \u201c<a href=\"https:\/\/baloessaoroque.com.br\/en\/produtos\/decorados\/9-polegadas\/cha-de-bebe-rosa-claro-perolado\/\" target=\"_blank\" rel=\"noreferrer noopener\">\u00e9 uma menina<\/a>\u201d, bandeirinhas, elementos que remetam ao quarto do nen\u00e9m e com os pr\u00f3prios docinhos distribu\u00eddos em cima do aparador.<\/p>\n\n\n\n<p>Um tipo de produ\u00e7\u00e3o muito utilizado para ch\u00e1 revela\u00e7\u00e3o no estilo charreata, live ou hack, \u00e9 o buqu\u00ea de bal\u00f5es. Diversas boutiques e decoradoras especializadas vendem sob encomenda, ou seja, os papais e mam\u00e3es podem escolher o arranjo com as cores, tamanhos e tipos de bal\u00f5es que quiser.<\/p>\n\n\n\n<figure class=\"wp-block-gallery has-nested-images columns-default is-cropped\">\n<figure class=\"wp-block-image size-full\"><a href=\"https:\/\/baloessaoroque.com.br\/en\/wp-content\/uploads\/2021\/09\/0391-BALOES-SAO-ROQUE-VIVIANE-FURLAN-PRODUCOESK-SOROCABA-RONALD-MENNEL-FOTO-FILME-SP.jpg\"><img data-id=\"7337\"  src=\"https:\/\/baloessaoroque.com.br\/en\/wp-content\/uploads\/2021\/09\/0391-BALOES-SAO-ROQUE-VIVIANE-FURLAN-PRODUCOESK-SOROCABA-RONALD-MENNEL-FOTO-FILME-SP.jpg\" alt=\"\" class=\"wp-image-7337\"\/><\/a><figcaption>Decora\u00e7\u00e3o Viviane Furlan \/ Foto: Ronald Mennel<\/figcaption><\/figure>\n\n\n\n<figure class=\"wp-block-image size-full\"><a href=\"https:\/\/baloessaoroque.com.br\/en\/wp-content\/uploads\/2022\/03\/0441-BALOES-SAO-ROQUE-VIVIANE-FURLAN-PRODUCOESK-SOROCABA-RONALD-MENNEL-FOTO-FILME-SP.jpg\"><img loading=\"lazy\" width=\"1000\" height=\"667\" data-id=\"11050\"  src=\"https:\/\/baloessaoroque.com.br\/en\/wp-content\/uploads\/2022\/03\/0441-BALOES-SAO-ROQUE-VIVIANE-FURLAN-PRODUCOESK-SOROCABA-RONALD-MENNEL-FOTO-FILME-SP.jpg\" alt=\"\" class=\"wp-image-11050\" srcset=\"https:\/\/baloessaoroque.com.br\/en\/wp-content\/uploads\/2022\/03\/0441-BALOES-SAO-ROQUE-VIVIANE-FURLAN-PRODUCOESK-SOROCABA-RONALD-MENNEL-FOTO-FILME-SP.jpg 1000w, https:\/\/baloessaoroque.com.br\/en\/wp-content\/uploads\/2022\/03\/0441-BALOES-SAO-ROQUE-VIVIANE-FURLAN-PRODUCOESK-SOROCABA-RONALD-MENNEL-FOTO-FILME-SP-300x200.jpg 300w, https:\/\/baloessaoroque.com.br\/en\/wp-content\/uploads\/2022\/03\/0441-BALOES-SAO-ROQUE-VIVIANE-FURLAN-PRODUCOESK-SOROCABA-RONALD-MENNEL-FOTO-FILME-SP-768x512.jpg 768w, https:\/\/baloessaoroque.com.br\/en\/wp-content\/uploads\/2022\/03\/0441-BALOES-SAO-ROQUE-VIVIANE-FURLAN-PRODUCOESK-SOROCABA-RONALD-MENNEL-FOTO-FILME-SP-400x267.jpg 400w, https:\/\/baloessaoroque.com.br\/en\/wp-content\/uploads\/2022\/03\/0441-BALOES-SAO-ROQUE-VIVIANE-FURLAN-PRODUCOESK-SOROCABA-RONALD-MENNEL-FOTO-FILME-SP-620x414.jpg 620w, https:\/\/baloessaoroque.com.br\/en\/wp-content\/uploads\/2022\/03\/0441-BALOES-SAO-ROQUE-VIVIANE-FURLAN-PRODUCOESK-SOROCABA-RONALD-MENNEL-FOTO-FILME-SP-600x400.jpg 600w\" sizes=\"(max-width: 1000px) 100vw, 1000px\" \/><\/a><figcaption>Decora\u00e7\u00e3o Viviane Furlan \/ Foto: Ronald Mennel<\/figcaption><\/figure>\n<\/figure>\n\n\n\n<h2><span class=\"ez-toc-section\" id=\"3_-_Decoracao_para_cha_revelacao_para_nao_errar\"><\/span><strong>3 \u2013 <strong>Decora\u00e7\u00e3o para ch\u00e1 revela\u00e7\u00e3o para n\u00e3o errar<\/strong><\/strong><span class=\"ez-toc-section-end\"><\/span><\/h2>\n\n\n\n<p>J\u00e1 imaginou uma decora\u00e7\u00e3o feita inteiramente com bal\u00f5es? A tradi\u00e7\u00e3o para esse tipo de ocasi\u00e3o \u00e9 o uso das tonalidades Rosa e Azul. Com a variedade de bal\u00f5es da Bal\u00f5es S\u00e3o Roque, voc\u00ea pode explorar as diversas tonalidades de azul e rosa.<\/p>\n\n\n\n<div class=\"wp-block-image\"><figure class=\"aligncenter size-large is-resized\"><a href=\"https:\/\/baloessaoroque.com.br\/en\/wp-content\/uploads\/2021\/09\/DSC06745-scaled.jpg\"><img loading=\"lazy\" src=\"https:\/\/baloessaoroque.com.br\/en\/wp-content\/uploads\/2021\/09\/DSC06745-scaled.jpg\" alt=\"Decora\u00e7\u00e3o para ch\u00e1 revela\u00e7\u00e3o\" class=\"wp-image-11052\" width=\"493\" height=\"739\" srcset=\"https:\/\/baloessaoroque.com.br\/en\/wp-content\/uploads\/2021\/09\/DSC06745-scaled.jpg 1707w, https:\/\/baloessaoroque.com.br\/en\/wp-content\/uploads\/2021\/09\/DSC06745-200x300.jpg 200w, https:\/\/baloessaoroque.com.br\/en\/wp-content\/uploads\/2021\/09\/DSC06745-683x1024.jpg 683w, https:\/\/baloessaoroque.com.br\/en\/wp-content\/uploads\/2021\/09\/DSC06745-768x1152.jpg 768w, https:\/\/baloessaoroque.com.br\/en\/wp-content\/uploads\/2021\/09\/DSC06745-1024x1536.jpg 1024w, https:\/\/baloessaoroque.com.br\/en\/wp-content\/uploads\/2021\/09\/DSC06745-1365x2048.jpg 1365w, https:\/\/baloessaoroque.com.br\/en\/wp-content\/uploads\/2021\/09\/DSC06745-400x600.jpg 400w, https:\/\/baloessaoroque.com.br\/en\/wp-content\/uploads\/2021\/09\/DSC06745-600x900.jpg 600w\" sizes=\"(max-width: 493px) 100vw, 493px\" \/><\/a><figcaption>Produ\u00e7\u00e3o: Viviane Furlan<\/figcaption><\/figure><\/div>\n\n\n\n<div class=\"wp-block-image\"><figure class=\"aligncenter size-large\"><a href=\"https:\/\/baloessaoroque.com.br\/en\/wp-content\/uploads\/2021\/09\/DSC06748-scaled.jpg\"><img loading=\"lazy\" width=\"2560\" height=\"1707\" src=\"https:\/\/baloessaoroque.com.br\/en\/wp-content\/uploads\/2021\/09\/DSC06748-scaled.jpg\" alt=\"Decora\u00e7\u00e3o para ch\u00e1 revela\u00e7\u00e3o\" class=\"wp-image-11051\" srcset=\"https:\/\/baloessaoroque.com.br\/en\/wp-content\/uploads\/2021\/09\/DSC06748-scaled.jpg 2560w, https:\/\/baloessaoroque.com.br\/en\/wp-content\/uploads\/2021\/09\/DSC06748-300x200.jpg 300w, https:\/\/baloessaoroque.com.br\/en\/wp-content\/uploads\/2021\/09\/DSC06748-1024x683.jpg 1024w, https:\/\/baloessaoroque.com.br\/en\/wp-content\/uploads\/2021\/09\/DSC06748-768x512.jpg 768w, https:\/\/baloessaoroque.com.br\/en\/wp-content\/uploads\/2021\/09\/DSC06748-1536x1024.jpg 1536w, https:\/\/baloessaoroque.com.br\/en\/wp-content\/uploads\/2021\/09\/DSC06748-2048x1365.jpg 2048w, https:\/\/baloessaoroque.com.br\/en\/wp-content\/uploads\/2021\/09\/DSC06748-400x267.jpg 400w, https:\/\/baloessaoroque.com.br\/en\/wp-content\/uploads\/2021\/09\/DSC06748-620x413.jpg 620w, https:\/\/baloessaoroque.com.br\/en\/wp-content\/uploads\/2021\/09\/DSC06748-600x400.jpg 600w\" sizes=\"(max-width: 2560px) 100vw, 2560px\" \/><\/a><figcaption>Produ\u00e7\u00e3o: Viviane Furlan<\/figcaption><\/figure><\/div>\n\n\n\n<p>A linha de bal\u00f5es mais utilizada em decora\u00e7\u00e3o para ch\u00e1 revela\u00e7\u00e3o \u00e9 a <a href=\"https:\/\/baloessaoroque.com.br\/en\/categoria-produto\/candy-colors\/\" target=\"_blank\" rel=\"noreferrer noopener\">Candy Colors<\/a>. Contudo, a linha <a href=\"https:\/\/baloessaoroque.com.br\/en\/categoria-produto\/liso\/\" target=\"_blank\" rel=\"noreferrer noopener\">Lisos<\/a> e <a href=\"https:\/\/baloessaoroque.com.br\/en\/categoria-produto\/cristal\/\" target=\"_blank\" rel=\"noreferrer noopener\">Cristal<\/a> tamb\u00e9m ficam incr\u00edveis! O que n\u00e3o pode faltar s\u00e3o os <a href=\"https:\/\/baloessaoroque.com.br\/en\/categoria-produto\/balao-metalizado\/\" target=\"_blank\" rel=\"noreferrer noopener\">bal\u00f5es metalizados<\/a> com a escrita \u201c<a href=\"https:\/\/baloessaoroque.com.br\/en\/produtos\/balao-metalizado\/3d-boy-azul\/\" target=\"_blank\" rel=\"noreferrer noopener\">boy<\/a>\u201d e \u201c<a href=\"https:\/\/baloessaoroque.com.br\/en\/produtos\/balao-metalizado\/3d-girl-rosa\/\" target=\"_blank\" rel=\"noreferrer noopener\">girl<\/a>\u201d. As letras metalizadas s\u00e3o tend\u00eancia em todo tipo de evento. Veja na produ\u00e7\u00e3o a seguir, a disposi\u00e7\u00e3o dos bal\u00f5es como base de um buqu\u00ea:<\/p>\n\n\n\n<figure class=\"wp-block-gallery has-nested-images columns-default is-cropped\">\n<figure class=\"wp-block-image size-large\"><a href=\"https:\/\/baloessaoroque.com.br\/en\/wp-content\/uploads\/2021\/09\/cha-revelacao-girl-scaled.jpg\"><img loading=\"lazy\" width=\"2560\" height=\"1707\" data-id=\"11054\"  src=\"https:\/\/baloessaoroque.com.br\/en\/wp-content\/uploads\/2021\/09\/cha-revelacao-girl-scaled.jpg\" alt=\"bal\u00e3o de letra para ch\u00e1 revela\u00e7\u00e3o\" class=\"wp-image-11054\" srcset=\"https:\/\/baloessaoroque.com.br\/en\/wp-content\/uploads\/2021\/09\/cha-revelacao-girl-scaled.jpg 2560w, https:\/\/baloessaoroque.com.br\/en\/wp-content\/uploads\/2021\/09\/cha-revelacao-girl-300x200.jpg 300w, https:\/\/baloessaoroque.com.br\/en\/wp-content\/uploads\/2021\/09\/cha-revelacao-girl-1024x683.jpg 1024w, https:\/\/baloessaoroque.com.br\/en\/wp-content\/uploads\/2021\/09\/cha-revelacao-girl-768x512.jpg 768w, https:\/\/baloessaoroque.com.br\/en\/wp-content\/uploads\/2021\/09\/cha-revelacao-girl-1536x1024.jpg 1536w, https:\/\/baloessaoroque.com.br\/en\/wp-content\/uploads\/2021\/09\/cha-revelacao-girl-2048x1365.jpg 2048w, https:\/\/baloessaoroque.com.br\/en\/wp-content\/uploads\/2021\/09\/cha-revelacao-girl-400x267.jpg 400w, https:\/\/baloessaoroque.com.br\/en\/wp-content\/uploads\/2021\/09\/cha-revelacao-girl-620x413.jpg 620w, https:\/\/baloessaoroque.com.br\/en\/wp-content\/uploads\/2021\/09\/cha-revelacao-girl-600x400.jpg 600w\" sizes=\"(max-width: 2560px) 100vw, 2560px\" \/><\/a><figcaption>Produ\u00e7\u00e3o: Viviane Furlan<\/figcaption><\/figure>\n\n\n\n<figure class=\"wp-block-image size-large\"><a href=\"https:\/\/baloessaoroque.com.br\/en\/wp-content\/uploads\/2021\/09\/cha-revelacao-boy-scaled.jpg\"><img loading=\"lazy\" width=\"2560\" height=\"1707\" data-id=\"11053\"  src=\"https:\/\/baloessaoroque.com.br\/en\/wp-content\/uploads\/2021\/09\/cha-revelacao-boy-scaled.jpg\" alt=\"Bal\u00e3o metalizado para ch\u00e1 revela\u00e7\u00e3o\" class=\"wp-image-11053\" srcset=\"https:\/\/baloessaoroque.com.br\/en\/wp-content\/uploads\/2021\/09\/cha-revelacao-boy-scaled.jpg 2560w, https:\/\/baloessaoroque.com.br\/en\/wp-content\/uploads\/2021\/09\/cha-revelacao-boy-300x200.jpg 300w, https:\/\/baloessaoroque.com.br\/en\/wp-content\/uploads\/2021\/09\/cha-revelacao-boy-1024x683.jpg 1024w, https:\/\/baloessaoroque.com.br\/en\/wp-content\/uploads\/2021\/09\/cha-revelacao-boy-768x512.jpg 768w, https:\/\/baloessaoroque.com.br\/en\/wp-content\/uploads\/2021\/09\/cha-revelacao-boy-1536x1024.jpg 1536w, https:\/\/baloessaoroque.com.br\/en\/wp-content\/uploads\/2021\/09\/cha-revelacao-boy-2048x1365.jpg 2048w, https:\/\/baloessaoroque.com.br\/en\/wp-content\/uploads\/2021\/09\/cha-revelacao-boy-400x267.jpg 400w, https:\/\/baloessaoroque.com.br\/en\/wp-content\/uploads\/2021\/09\/cha-revelacao-boy-620x413.jpg 620w, https:\/\/baloessaoroque.com.br\/en\/wp-content\/uploads\/2021\/09\/cha-revelacao-boy-600x400.jpg 600w\" sizes=\"(max-width: 2560px) 100vw, 2560px\" \/><\/a><figcaption>Produ\u00e7\u00e3o: Viviane Furlan<\/figcaption><\/figure>\n<\/figure>\n\n\n\n<p>Por \u00faltimo, mas n\u00e3o menos importante, n\u00e3o esque\u00e7a do <a href=\"https:\/\/baloessaoroque.com.br\/en\/categoria-produto\/formatos-especiais\/?_sf_s=gigante\" target=\"_blank\" rel=\"noreferrer noopener\">bal\u00e3o Gigante<\/a> para revelar o sexo do beb\u00ea! Geralmente, os papais e mam\u00e3es escolhem na cor preta, mas se voc\u00ea gosta de exclusividade, opte por uma tonalidade pouco vista, como o <a href=\"https:\/\/baloessaoroque.com.br\/en\/categoria-produto\/formatos-especiais\/?_sft_pa_cor=prateado\" target=\"_blank\" rel=\"noreferrer noopener\">Prateado (linha Cintilante da Bal\u00f5es S\u00e3o Roque).<\/a><\/p>\n\n\n\n<figure class=\"wp-block-gallery has-nested-images columns-default is-cropped\">\n<figure class=\"wp-block-image size-large\"><a href=\"https:\/\/baloessaoroque.com.br\/en\/wp-content\/uploads\/2021\/09\/DSC06770-scaled.jpg\"><img loading=\"lazy\" width=\"2560\" height=\"1707\" data-id=\"11055\"  src=\"https:\/\/baloessaoroque.com.br\/en\/wp-content\/uploads\/2021\/09\/DSC06770-scaled.jpg\" alt=\"\" class=\"wp-image-11055\" srcset=\"https:\/\/baloessaoroque.com.br\/en\/wp-content\/uploads\/2021\/09\/DSC06770-scaled.jpg 2560w, https:\/\/baloessaoroque.com.br\/en\/wp-content\/uploads\/2021\/09\/DSC06770-300x200.jpg 300w, https:\/\/baloessaoroque.com.br\/en\/wp-content\/uploads\/2021\/09\/DSC06770-1024x683.jpg 1024w, https:\/\/baloessaoroque.com.br\/en\/wp-content\/uploads\/2021\/09\/DSC06770-768x512.jpg 768w, https:\/\/baloessaoroque.com.br\/en\/wp-content\/uploads\/2021\/09\/DSC06770-1536x1024.jpg 1536w, https:\/\/baloessaoroque.com.br\/en\/wp-content\/uploads\/2021\/09\/DSC06770-2048x1365.jpg 2048w, https:\/\/baloessaoroque.com.br\/en\/wp-content\/uploads\/2021\/09\/DSC06770-400x267.jpg 400w, https:\/\/baloessaoroque.com.br\/en\/wp-content\/uploads\/2021\/09\/DSC06770-620x413.jpg 620w, https:\/\/baloessaoroque.com.br\/en\/wp-content\/uploads\/2021\/09\/DSC06770-600x400.jpg 600w\" sizes=\"(max-width: 2560px) 100vw, 2560px\" \/><\/a><figcaption>Produ\u00e7\u00e3o: Viviane Furlan<\/figcaption><\/figure>\n\n\n\n<figure class=\"wp-block-image size-large\"><a href=\"https:\/\/baloessaoroque.com.br\/en\/wp-content\/uploads\/2021\/09\/DSC06776-scaled.jpg\"><img loading=\"lazy\" width=\"2560\" height=\"1707\" data-id=\"11056\"  src=\"https:\/\/baloessaoroque.com.br\/en\/wp-content\/uploads\/2021\/09\/DSC06776-scaled.jpg\" alt=\"decora\u00e7\u00e3o para ch\u00e1 revela\u00e7\u00e3o\" class=\"wp-image-11056\" srcset=\"https:\/\/baloessaoroque.com.br\/en\/wp-content\/uploads\/2021\/09\/DSC06776-scaled.jpg 2560w, https:\/\/baloessaoroque.com.br\/en\/wp-content\/uploads\/2021\/09\/DSC06776-300x200.jpg 300w, https:\/\/baloessaoroque.com.br\/en\/wp-content\/uploads\/2021\/09\/DSC06776-1024x683.jpg 1024w, https:\/\/baloessaoroque.com.br\/en\/wp-content\/uploads\/2021\/09\/DSC06776-768x512.jpg 768w, https:\/\/baloessaoroque.com.br\/en\/wp-content\/uploads\/2021\/09\/DSC06776-1536x1024.jpg 1536w, https:\/\/baloessaoroque.com.br\/en\/wp-content\/uploads\/2021\/09\/DSC06776-2048x1365.jpg 2048w, https:\/\/baloessaoroque.com.br\/en\/wp-content\/uploads\/2021\/09\/DSC06776-400x267.jpg 400w, https:\/\/baloessaoroque.com.br\/en\/wp-content\/uploads\/2021\/09\/DSC06776-620x413.jpg 620w, https:\/\/baloessaoroque.com.br\/en\/wp-content\/uploads\/2021\/09\/DSC06776-600x400.jpg 600w\" sizes=\"(max-width: 2560px) 100vw, 2560px\" \/><\/a><figcaption>Produ\u00e7\u00e3o: Viviane Furlan<\/figcaption><\/figure>\n<\/figure>\n\n\n\n<p>Voc\u00ea tamb\u00e9m pode escolher cores neutras, como branco, cinza ou bege para uma decora\u00e7\u00e3o mais minimalista e utilizar o rosa e o azul somente em detalhes para chamar a aten\u00e7\u00e3o.<\/p>\n\n\n\n<p>E para completar, utilize nossos bal\u00f5es de estampas \u201c<a href=\"https:\/\/baloessaoroque.com.br\/en\/categoria-produto\/decorados\/?_sft_product_tag=cha-revelacao\" target=\"_blank\" rel=\"noreferrer noopener\">\u00e9 um menino<\/a>\u201d ou \u201c<a href=\"https:\/\/baloessaoroque.com.br\/en\/categoria-produto\/decorados\/?_sft_product_tag=cha-revelacao\" target=\"_blank\" rel=\"noreferrer noopener\">\u00e9 uma menina<\/a>\u201d e <a href=\"https:\/\/baloessaoroque.com.br\/en\/categoria-produto\/decorados\/?_sft_product_tag=cha-revelacao\" target=\"_blank\" rel=\"noreferrer noopener\">ch\u00e1 Revela\u00e7\u00e3o 11 polegadas<\/a>&nbsp;com pontos de interroga\u00e7\u00e3o (\u201c?\u201d). Aproveite tamb\u00e9m para colocar alguns ursinhos de pel\u00facia espalhados pela decora\u00e7\u00e3o para promover um ambiente ainda mais delicado e alegre.<\/p>\n\n\n\n<p>Gostou desse conte\u00fado? Compartilhe com seus amigos e familiares!<\/p>\n\n\n\n<p>Acompanhe nosso&nbsp;<a href=\"https:\/\/baloessaoroque.com.br\/en\/blog\/\" target=\"_blank\" rel=\"noreferrer noopener\">blog<\/a>, <a href=\"https:\/\/fb.com\/Baloes.SR\" target=\"_blank\" rel=\"noreferrer noopener\">Facebook<\/a>,&nbsp;<a href=\"https:\/\/www.instagram.com\/Baloes.SaoRoque\/\" target=\"_blank\" rel=\"noreferrer noopener\">Instagram<\/a>, <a href=\"https:\/\/www.youtube.com\/channel\/UCu2txLVCYP14NhJcRq57WEQ\" target=\"_blank\" rel=\"noreferrer noopener\">YouTube<\/a> e <a href=\"https:\/\/www.tiktok.com\/@baloes.saoroque\" target=\"_blank\" rel=\"noreferrer noopener\">TikTok<\/a> para ficar por dentro de tudo que acontece no mundo de decora\u00e7\u00f5es com bal\u00f5es.<\/p>\n\n\n\n<p>At\u00e9 a pr\u00f3xima!<\/p>\n\n\n\n<figure class=\"wp-block-image size-full\"><a href=\"https:\/\/lp.baloessaoroque.com.br\/baixar-catalogos\" target=\"_blank\" rel=\"noopener\"><img loading=\"lazy\" width=\"860\" height=\"135\" src=\"https:\/\/baloessaoroque.com.br\/en\/wp-content\/uploads\/2022\/03\/banner_catalogo-de-produtos-copiar.jpg\" alt=\"\" class=\"wp-image-11057\" srcset=\"https:\/\/baloessaoroque.com.br\/en\/wp-content\/uploads\/2022\/03\/banner_catalogo-de-produtos-copiar.jpg 860w, https:\/\/baloessaoroque.com.br\/en\/wp-content\/uploads\/2022\/03\/banner_catalogo-de-produtos-copiar-300x47.jpg 300w, https:\/\/baloessaoroque.com.br\/en\/wp-content\/uploads\/2022\/03\/banner_catalogo-de-produtos-copiar-768x121.jpg 768w, https:\/\/baloessaoroque.com.br\/en\/wp-content\/uploads\/2022\/03\/banner_catalogo-de-produtos-copiar-400x63.jpg 400w, https:\/\/baloessaoroque.com.br\/en\/wp-content\/uploads\/2022\/03\/banner_catalogo-de-produtos-copiar-620x97.jpg 620w, https:\/\/baloessaoroque.com.br\/en\/wp-content\/uploads\/2022\/03\/banner_catalogo-de-produtos-copiar-600x94.jpg 600w\" sizes=\"(max-width: 860px) 100vw, 860px\" \/><\/a><\/figure>\n","protected":false},"excerpt":{"rendered":"<p>Sum&aacute;rio 1 \u2013 Decora\u00e7\u00e3o para ch\u00e1 revela\u00e7\u00e3o tem\u00e1tico2 \u2013 Ch\u00e1 de beb\u00ea no estilo \u201cFesta no rack\u201d3 \u2013 Decora\u00e7\u00e3o para [&hellip;]<\/p>\n","protected":false},"author":1,"featured_media":11059,"comment_status":"open","ping_status":"open","sticky":false,"template":"","format":"standard","meta":[],"categories":[22,29,746],"tags":[777,1887,774,1946,1888,755,1889],"yoast_head":"<!-- This site is optimized with the Yoast SEO plugin v18.4.1 - https:\/\/yoast.com\/wordpress\/plugins\/seo\/ -->\n<title>3 Ideias de Decora\u00e7\u00e3o para ch\u00e1 revela\u00e7\u00e3o<\/title>\n<meta name=\"description\" content=\"Nesse conte\u00fado, tem tudo o que voc\u00ea precisa saber sobre como fazer uma decora\u00e7\u00e3o para ch\u00e1 revela\u00e7\u00e3o, com Iideias fant\u00e1sticas, inspira\u00e7\u00f5es e...\" \/>\n<meta name=\"robots\" content=\"index, follow, max-snippet:-1, max-image-preview:large, max-video-preview:-1\" \/>\n<link rel=\"canonical\" href=\"https:\/\/baloessaoroque.com.br\/en\/blog-3-ideias-de-decoracao-para-cha-revelacao\/\" \/>\n<meta property=\"og:locale\" content=\"pt_BR\" \/>\n<meta property=\"og:type\" content=\"article\" \/>\n<meta property=\"og:title\" content=\"3 Ideias de Decora\u00e7\u00e3o para ch\u00e1 revela\u00e7\u00e3o\" \/>\n<meta property=\"og:description\" content=\"Nesse conte\u00fado, tem tudo o que voc\u00ea precisa saber sobre como fazer uma decora\u00e7\u00e3o para ch\u00e1 revela\u00e7\u00e3o, com Iideias fant\u00e1sticas, inspira\u00e7\u00f5es e...\" \/>\n<meta property=\"og:url\" content=\"https:\/\/baloessaoroque.com.br\/en\/blog-3-ideias-de-decoracao-para-cha-revelacao\/\" \/>\n<meta property=\"og:site_name\" content=\"Bal\u00f5es S\u00e3o Roque\" \/>\n<meta property=\"article:published_time\" content=\"2021-09-06T18:59:17+00:00\" \/>\n<meta property=\"article:modified_time\" content=\"2022-03-23T19:02:52+00:00\" \/>\n<meta property=\"og:image\" content=\"https:\/\/baloessaoroque.com.br\/en\/wp-content\/uploads\/2021\/09\/BLOG_1603_DECORAC\u0327A\u0303O-CHA\u0301-REVELAC\u0327A\u0303O.png\" \/>\n\t<meta property=\"og:image:width\" content=\"1140\" \/>\n\t<meta property=\"og:image:height\" content=\"500\" \/>\n\t<meta property=\"og:image:type\" content=\"image\/png\" \/>\n<meta name=\"twitter:card\" content=\"summary_large_image\" \/>\n<meta name=\"twitter:label1\" content=\"Escrito por\" \/>\n\t<meta name=\"twitter:data1\" content=\"kite\" \/>\n\t<meta name=\"twitter:label2\" content=\"Est. tempo de leitura\" \/>\n\t<meta name=\"twitter:data2\" content=\"8 minutos\" \/>\n<script type=\"application\/ld+json\" class=\"yoast-schema-graph\">{\"@context\":\"https:\/\/schema.org\",\"@graph\":[{\"@type\":\"WebSite\",\"@id\":\"https:\/\/baloessaoroque.com.br\/en\/#website\",\"url\":\"https:\/\/baloessaoroque.com.br\/en\/\",\"name\":\"Bal\u00f5es S\u00e3o Roque\",\"description\":\"Sua vida cheia de festa!\",\"potentialAction\":[{\"@type\":\"SearchAction\",\"target\":{\"@type\":\"EntryPoint\",\"urlTemplate\":\"https:\/\/baloessaoroque.com.br\/en\/?s={search_term_string}\"},\"query-input\":\"required name=search_term_string\"}],\"inLanguage\":\"pt-BR\"},{\"@type\":\"ImageObject\",\"@id\":\"https:\/\/baloessaoroque.com.br\/en\/blog-3-ideias-de-decoracao-para-cha-revelacao\/#primaryimage\",\"inLanguage\":\"pt-BR\",\"url\":\"https:\/\/baloessaoroque.com.br\/en\/wp-content\/uploads\/2021\/09\/BLOG_1603_DECORAC\u0327A\u0303O-CHA\u0301-REVELAC\u0327A\u0303O.png\",\"contentUrl\":\"https:\/\/baloessaoroque.com.br\/en\/wp-content\/uploads\/2021\/09\/BLOG_1603_DECORAC\u0327A\u0303O-CHA\u0301-REVELAC\u0327A\u0303O.png\",\"width\":1140,\"height\":500,\"caption\":\"3 ideias de decora\u00e7\u00e3o para ch\u00e1 revela\u00e7\u00e3o\"},{\"@type\":\"WebPage\",\"@id\":\"https:\/\/baloessaoroque.com.br\/en\/blog-3-ideias-de-decoracao-para-cha-revelacao\/#webpage\",\"url\":\"https:\/\/baloessaoroque.com.br\/en\/blog-3-ideias-de-decoracao-para-cha-revelacao\/\",\"name\":\"3 Ideias de Decora\u00e7\u00e3o para ch\u00e1 revela\u00e7\u00e3o\",\"isPartOf\":{\"@id\":\"https:\/\/baloessaoroque.com.br\/en\/#website\"},\"primaryImageOfPage\":{\"@id\":\"https:\/\/baloessaoroque.com.br\/en\/blog-3-ideias-de-decoracao-para-cha-revelacao\/#primaryimage\"},\"datePublished\":\"2021-09-06T18:59:17+00:00\",\"dateModified\":\"2022-03-23T19:02:52+00:00\",\"author\":{\"@id\":\"https:\/\/baloessaoroque.com.br\/en\/#\/schema\/person\/edf0c3d7f7d83c04c03736a851ef3c87\"},\"description\":\"Nesse conte\u00fado, tem tudo o que voc\u00ea precisa saber sobre como fazer uma decora\u00e7\u00e3o para ch\u00e1 revela\u00e7\u00e3o, com Iideias fant\u00e1sticas, inspira\u00e7\u00f5es e...\",\"breadcrumb\":{\"@id\":\"https:\/\/baloessaoroque.com.br\/en\/blog-3-ideias-de-decoracao-para-cha-revelacao\/#breadcrumb\"},\"inLanguage\":\"pt-BR\",\"potentialAction\":[{\"@type\":\"ReadAction\",\"target\":[\"https:\/\/baloessaoroque.com.br\/en\/blog-3-ideias-de-decoracao-para-cha-revelacao\/\"]}]},{\"@type\":\"BreadcrumbList\",\"@id\":\"https:\/\/baloessaoroque.com.br\/en\/blog-3-ideias-de-decoracao-para-cha-revelacao\/#breadcrumb\",\"itemListElement\":[{\"@type\":\"ListItem\",\"position\":1,\"name\":\"In\u00edcio\",\"item\":\"https:\/\/baloessaoroque.com.br\/en\/\"},{\"@type\":\"ListItem\",\"position\":2,\"name\":\"3 Ideias de Decora\u00e7\u00e3o para ch\u00e1 revela\u00e7\u00e3o\"}]},{\"@type\":\"Person\",\"@id\":\"https:\/\/baloessaoroque.com.br\/en\/#\/schema\/person\/edf0c3d7f7d83c04c03736a851ef3c87\",\"name\":\"kite\",\"image\":{\"@type\":\"ImageObject\",\"@id\":\"https:\/\/baloessaoroque.com.br\/en\/#personlogo\",\"inLanguage\":\"pt-BR\",\"url\":\"https:\/\/secure.gravatar.com\/avatar\/bd19e5c9ad72206ec767e851cc016426?s=96&d=mm&r=g\",\"contentUrl\":\"https:\/\/secure.gravatar.com\/avatar\/bd19e5c9ad72206ec767e851cc016426?s=96&d=mm&r=g\",\"caption\":\"kite\"},\"sameAs\":[\"https:\/\/baloessaoroque.com.br\/en\"],\"url\":\"https:\/\/baloessaoroque.com.br\/en\/author\/kite\/\"}]}<\/script>\n<!-- \/ Yoast SEO plugin. -->","yoast_head_json":{"title":"3 Ideias de Decora\u00e7\u00e3o para ch\u00e1 revela\u00e7\u00e3o","description":"Nesse conte\u00fado, tem tudo o que voc\u00ea precisa saber sobre como fazer uma decora\u00e7\u00e3o para ch\u00e1 revela\u00e7\u00e3o, com Iideias fant\u00e1sticas, inspira\u00e7\u00f5es e...","robots":{"index":"index","follow":"follow","max-snippet":"max-snippet:-1","max-image-preview":"max-image-preview:large","max-video-preview":"max-video-preview:-1"},"canonical":"https:\/\/baloessaoroque.com.br\/en\/blog-3-ideias-de-decoracao-para-cha-revelacao\/","og_locale":"pt_BR","og_type":"article","og_title":"3 Ideias de Decora\u00e7\u00e3o para ch\u00e1 revela\u00e7\u00e3o","og_description":"Nesse conte\u00fado, tem tudo o que voc\u00ea precisa saber sobre como fazer uma decora\u00e7\u00e3o para ch\u00e1 revela\u00e7\u00e3o, com Iideias fant\u00e1sticas, inspira\u00e7\u00f5es e...","og_url":"https:\/\/baloessaoroque.com.br\/en\/blog-3-ideias-de-decoracao-para-cha-revelacao\/","og_site_name":"Bal\u00f5es S\u00e3o Roque","article_published_time":"2021-09-06T18:59:17+00:00","article_modified_time":"2022-03-23T19:02:52+00:00","og_image":[{"width":1140,"height":500,"url":"https:\/\/baloessaoroque.com.br\/en\/wp-content\/uploads\/2021\/09\/BLOG_1603_DECORAC\u0327A\u0303O-CHA\u0301-REVELAC\u0327A\u0303O.png","type":"image\/png"}],"twitter_card":"summary_large_image","twitter_misc":{"Escrito por":"kite","Est. tempo de leitura":"8 minutos"},"schema":{"@context":"https:\/\/schema.org","@graph":[{"@type":"WebSite","@id":"https:\/\/baloessaoroque.com.br\/en\/#website","url":"https:\/\/baloessaoroque.com.br\/en\/","name":"Bal\u00f5es S\u00e3o Roque","description":"Sua vida cheia de festa!","potentialAction":[{"@type":"SearchAction","target":{"@type":"EntryPoint","urlTemplate":"https:\/\/baloessaoroque.com.br\/en\/?s={search_term_string}"},"query-input":"required name=search_term_string"}],"inLanguage":"pt-BR"},{"@type":"ImageObject","@id":"https:\/\/baloessaoroque.com.br\/en\/blog-3-ideias-de-decoracao-para-cha-revelacao\/#primaryimage","inLanguage":"pt-BR","url":"https:\/\/baloessaoroque.com.br\/en\/wp-content\/uploads\/2021\/09\/BLOG_1603_DECORAC\u0327A\u0303O-CHA\u0301-REVELAC\u0327A\u0303O.png","contentUrl":"https:\/\/baloessaoroque.com.br\/en\/wp-content\/uploads\/2021\/09\/BLOG_1603_DECORAC\u0327A\u0303O-CHA\u0301-REVELAC\u0327A\u0303O.png","width":1140,"height":500,"caption":"3 ideias de decora\u00e7\u00e3o para ch\u00e1 revela\u00e7\u00e3o"},{"@type":"WebPage","@id":"https:\/\/baloessaoroque.com.br\/en\/blog-3-ideias-de-decoracao-para-cha-revelacao\/#webpage","url":"https:\/\/baloessaoroque.com.br\/en\/blog-3-ideias-de-decoracao-para-cha-revelacao\/","name":"3 Ideias de Decora\u00e7\u00e3o para ch\u00e1 revela\u00e7\u00e3o","isPartOf":{"@id":"https:\/\/baloessaoroque.com.br\/en\/#website"},"primaryImageOfPage":{"@id":"https:\/\/baloessaoroque.com.br\/en\/blog-3-ideias-de-decoracao-para-cha-revelacao\/#primaryimage"},"datePublished":"2021-09-06T18:59:17+00:00","dateModified":"2022-03-23T19:02:52+00:00","author":{"@id":"https:\/\/baloessaoroque.com.br\/en\/#\/schema\/person\/edf0c3d7f7d83c04c03736a851ef3c87"},"description":"Nesse conte\u00fado, tem tudo o que voc\u00ea precisa saber sobre como fazer uma decora\u00e7\u00e3o para ch\u00e1 revela\u00e7\u00e3o, com Iideias fant\u00e1sticas, inspira\u00e7\u00f5es e...","breadcrumb":{"@id":"https:\/\/baloessaoroque.com.br\/en\/blog-3-ideias-de-decoracao-para-cha-revelacao\/#breadcrumb"},"inLanguage":"pt-BR","potentialAction":[{"@type":"ReadAction","target":["https:\/\/baloessaoroque.com.br\/en\/blog-3-ideias-de-decoracao-para-cha-revelacao\/"]}]},{"@type":"BreadcrumbList","@id":"https:\/\/baloessaoroque.com.br\/en\/blog-3-ideias-de-decoracao-para-cha-revelacao\/#breadcrumb","itemListElement":[{"@type":"ListItem","position":1,"name":"In\u00edcio","item":"https:\/\/baloessaoroque.com.br\/en\/"},{"@type":"ListItem","position":2,"name":"3 Ideias de Decora\u00e7\u00e3o para ch\u00e1 revela\u00e7\u00e3o"}]},{"@type":"Person","@id":"https:\/\/baloessaoroque.com.br\/en\/#\/schema\/person\/edf0c3d7f7d83c04c03736a851ef3c87","name":"kite","image":{"@type":"ImageObject","@id":"https:\/\/baloessaoroque.com.br\/en\/#personlogo","inLanguage":"pt-BR","url":"https:\/\/secure.gravatar.com\/avatar\/bd19e5c9ad72206ec767e851cc016426?s=96&d=mm&r=g","contentUrl":"https:\/\/secure.gravatar.com\/avatar\/bd19e5c9ad72206ec767e851cc016426?s=96&d=mm&r=g","caption":"kite"},"sameAs":["https:\/\/baloessaoroque.com.br\/en"],"url":"https:\/\/baloessaoroque.com.br\/en\/author\/kite\/"}]}},"_links":{"self":[{"href":"https:\/\/baloessaoroque.com.br\/en\/wp-json\/wp\/v2\/posts\/7328"}],"collection":[{"href":"https:\/\/baloessaoroque.com.br\/en\/wp-json\/wp\/v2\/posts"}],"about":[{"href":"https:\/\/baloessaoroque.com.br\/en\/wp-json\/wp\/v2\/types\/post"}],"author":[{"embeddable":true,"href":"https:\/\/baloessaoroque.com.br\/en\/wp-json\/wp\/v2\/users\/1"}],"replies":[{"embeddable":true,"href":"https:\/\/baloessaoroque.com.br\/en\/wp-json\/wp\/v2\/comments?post=7328"}],"version-history":[{"count":4,"href":"https:\/\/baloessaoroque.com.br\/en\/wp-json\/wp\/v2\/posts\/7328\/revisions"}],"predecessor-version":[{"id":11061,"href":"https:\/\/baloessaoroque.com.br\/en\/wp-json\/wp\/v2\/posts\/7328\/revisions\/11061"}],"wp:featuredmedia":[{"embeddable":true,"href":"https:\/\/baloessaoroque.com.br\/en\/wp-json\/wp\/v2\/media\/11059"}],"wp:attachment":[{"href":"https:\/\/baloessaoroque.com.br\/en\/wp-json\/wp\/v2\/media?parent=7328"}],"wp:term":[{"taxonomy":"category","embeddable":true,"href":"https:\/\/baloessaoroque.com.br\/en\/wp-json\/wp\/v2\/categories?post=7328"},{"taxonomy":"post_tag","embeddable":true,"href":"https:\/\/baloessaoroque.com.br\/en\/wp-json\/wp\/v2\/tags?post=7328"}],"curies":[{"name":"wp","href":"https:\/\/api.w.org\/{rel}","templated":true}]}}